{"id":6671,"date":"2021-10-22T21:57:00","date_gmt":"2021-10-22T19:57:00","guid":{"rendered":"https:\/\/przylep.edu.pl\/przedszkole\/?p=6671"},"modified":"2021-10-24T22:01:38","modified_gmt":"2021-10-24T20:01:38","slug":"jesienne-kolo","status":"publish","type":"post","link":"https:\/\/przylep.edu.pl\/przedszkole\/2021\/10\/22\/jesienne-kolo\/","title":{"rendered":"&#8222;Jesienne ko\u0142o&#8221;"},"content":{"rendered":"\n<p>Jesienn\u0105  prac\u0119 plastyczn\u0105 wykonan\u0105 przez naszych uczni\u00f3w b\u0119dzie mo\u017cna podziwia\u0107 na wystawie w Bibliotece w Przec\u0142awiu. <\/p>\n\n\n\n<figure class=\"wp-block-gallery columns-3 is-cropped wp-block-gallery-1 is-layout-flex wp-block-gallery-is-layout-flex\"><ul class=\"blocks-gallery-grid\"><li class=\"blocks-gallery-item\"><figure><img loading=\"lazy\" decoding=\"async\" width=\"720\" height=\"960\" src=\"https:\/\/przylep.edu.pl\/przedszkole\/wp-content\/uploads\/2021\/10\/247895938_1199097220586778_7185852965688706223_n-1.jpg\" alt=\"\" data-id=\"6679\" data-link=\"https:\/\/przylep.edu.pl\/przedszkole\/?attachment_id=6679\" class=\"wp-image-6679\" srcset=\"https:\/\/przylep.edu.pl\/przedszkole\/wp-content\/uploads\/2021\/10\/247895938_1199097220586778_7185852965688706223_n-1.jpg 720w, https:\/\/przylep.edu.pl\/przedszkole\/wp-content\/uploads\/2021\/10\/247895938_1199097220586778_7185852965688706223_n-1-225x300.jpg 225w\" sizes=\"auto, (max-width: 720px) 100vw, 720px\" \/><\/figure><\/li><li class=\"blocks-gallery-item\"><figure><img loading=\"lazy\" decoding=\"async\" width=\"720\" height=\"960\" src=\"https:\/\/przylep.edu.pl\/przedszkole\/wp-content\/uploads\/2021\/10\/248530080_403257801308101_2777269511456028500_n-1.jpg\" alt=\"\" data-id=\"6680\" data-link=\"https:\/\/przylep.edu.pl\/przedszkole\/?attachment_id=6680\" class=\"wp-image-6680\" srcset=\"https:\/\/przylep.edu.pl\/przedszkole\/wp-content\/uploads\/2021\/10\/248530080_403257801308101_2777269511456028500_n-1.jpg 720w, https:\/\/przylep.edu.pl\/przedszkole\/wp-content\/uploads\/2021\/10\/248530080_403257801308101_2777269511456028500_n-1-225x300.jpg 225w\" sizes=\"auto, (max-width: 720px) 100vw, 720px\" \/><\/figure><\/li><li class=\"blocks-gallery-item\"><figure><img loading=\"lazy\" decoding=\"async\" width=\"528\" height=\"960\" src=\"https:\/\/przylep.edu.pl\/przedszkole\/wp-content\/uploads\/2021\/10\/248945838_954207838640360_5143552870984417262_n-1.jpg\" alt=\"\" data-id=\"6681\" data-link=\"https:\/\/przylep.edu.pl\/przedszkole\/?attachment_id=6681\" class=\"wp-image-6681\" srcset=\"https:\/\/przylep.edu.pl\/przedszkole\/wp-content\/uploads\/2021\/10\/248945838_954207838640360_5143552870984417262_n-1.jpg 528w, https:\/\/przylep.edu.pl\/przedszkole\/wp-content\/uploads\/2021\/10\/248945838_954207838640360_5143552870984417262_n-1-165x300.jpg 165w\" sizes=\"auto, (max-width: 528px) 100vw, 528px\" \/><\/figure><\/li><li class=\"blocks-gallery-item\"><figure><img loading=\"lazy\" decoding=\"async\" width=\"768\" height=\"1024\" src=\"https:\/\/przylep.edu.pl\/przedszkole\/wp-content\/uploads\/2021\/10\/20211021_101253-1-768x1024.jpg\" alt=\"\" data-id=\"6682\" data-full-url=\"https:\/\/przylep.edu.pl\/przedszkole\/wp-content\/uploads\/2021\/10\/20211021_101253-1-scaled.jpg\" data-link=\"https:\/\/przylep.edu.pl\/przedszkole\/?attachment_id=6682\" class=\"wp-image-6682\" srcset=\"https:\/\/przylep.edu.pl\/przedszkole\/wp-content\/uploads\/2021\/10\/20211021_101253-1-768x1024.jpg 768w, https:\/\/przylep.edu.pl\/przedszkole\/wp-content\/uploads\/2021\/10\/20211021_101253-1-225x300.jpg 225w, https:\/\/przylep.edu.pl\/przedszkole\/wp-content\/uploads\/2021\/10\/20211021_101253-1-1152x1536.jpg 1152w, https:\/\/przylep.edu.pl\/przedszkole\/wp-content\/uploads\/2021\/10\/20211021_101253-1-1536x2048.jpg 1536w, https:\/\/przylep.edu.pl\/przedszkole\/wp-content\/uploads\/2021\/10\/20211021_101253-1-scaled.jpg 1920w\" sizes=\"auto, (max-width: 768px) 100vw, 768px\" \/><\/figure><\/li><li class=\"blocks-gallery-item\"><figure><img loading=\"lazy\" decoding=\"async\" width=\"768\" height=\"1024\" src=\"https:\/\/przylep.edu.pl\/przedszkole\/wp-content\/uploads\/2021\/10\/20211021_101246-1-768x1024.jpg\" alt=\"\" data-id=\"6683\" data-full-url=\"https:\/\/przylep.edu.pl\/przedszkole\/wp-content\/uploads\/2021\/10\/20211021_101246-1-scaled.jpg\" data-link=\"https:\/\/przylep.edu.pl\/przedszkole\/?attachment_id=6683\" class=\"wp-image-6683\" srcset=\"https:\/\/przylep.edu.pl\/przedszkole\/wp-content\/uploads\/2021\/10\/20211021_101246-1-768x1024.jpg 768w, https:\/\/przylep.edu.pl\/przedszkole\/wp-content\/uploads\/2021\/10\/20211021_101246-1-225x300.jpg 225w, https:\/\/przylep.edu.pl\/przedszkole\/wp-content\/uploads\/2021\/10\/20211021_101246-1-1152x1536.jpg 1152w, https:\/\/przylep.edu.pl\/przedszkole\/wp-content\/uploads\/2021\/10\/20211021_101246-1-1536x2048.jpg 1536w, https:\/\/przylep.edu.pl\/przedszkole\/wp-content\/uploads\/2021\/10\/20211021_101246-1-scaled.jpg 1920w\" sizes=\"auto, (max-width: 768px) 100vw, 768px\" \/><\/figure><\/li><\/ul><\/figure>\n","protected":false},"excerpt":{"rendered":"<p>Jesienn\u0105 prac\u0119 plastyczn\u0105 wykonan\u0105 przez naszych uczni\u00f3w b\u0119dzie mo\u017cna podziwia\u0107 na wystawie w Bibliotece w Przec\u0142awiu.<\/p>\n","protected":false},"author":2,"featured_media":6684,"comment_status":"closed","ping_status":"open","sticky":false,"template":"","format":"standard","meta":{"footnotes":""},"categories":[45,40],"tags":[],"class_list":["post-6671","post","type-post","status-publish","format-standard","has-post-thumbnail","hentry","category-aktualnosci","category-strona-glowna"],"_links":{"self":[{"href":"https:\/\/przylep.edu.pl\/przedszkole\/wp-json\/wp\/v2\/posts\/6671","targetHints":{"allow":["GET"]}}],"collection":[{"href":"https:\/\/przylep.edu.pl\/przedszkole\/wp-json\/wp\/v2\/posts"}],"about":[{"href":"https:\/\/przylep.edu.pl\/przedszkole\/wp-json\/wp\/v2\/types\/post"}],"author":[{"embeddable":true,"href":"https:\/\/przylep.edu.pl\/przedszkole\/wp-json\/wp\/v2\/users\/2"}],"replies":[{"embeddable":true,"href":"https:\/\/przylep.edu.pl\/przedszkole\/wp-json\/wp\/v2\/comments?post=6671"}],"version-history":[{"count":2,"href":"https:\/\/przylep.edu.pl\/przedszkole\/wp-json\/wp\/v2\/posts\/6671\/revisions"}],"predecessor-version":[{"id":6685,"href":"https:\/\/przylep.edu.pl\/przedszkole\/wp-json\/wp\/v2\/posts\/6671\/revisions\/6685"}],"wp:featuredmedia":[{"embeddable":true,"href":"https:\/\/przylep.edu.pl\/przedszkole\/wp-json\/wp\/v2\/media\/6684"}],"wp:attachment":[{"href":"https:\/\/przylep.edu.pl\/przedszkole\/wp-json\/wp\/v2\/media?parent=6671"}],"wp:term":[{"taxonomy":"category","embeddable":true,"href":"https:\/\/przylep.edu.pl\/przedszkole\/wp-json\/wp\/v2\/categories?post=6671"},{"taxonomy":"post_tag","embeddable":true,"href":"https:\/\/przylep.edu.pl\/przedszkole\/wp-json\/wp\/v2\/tags?post=6671"}],"curies":[{"name":"wp","href":"https:\/\/api.w.org\/{rel}","templated":true}]}}