{"id":6662,"date":"2021-10-19T08:24:00","date_gmt":"2021-10-19T06:24:00","guid":{"rendered":"https:\/\/przylep.edu.pl\/przedszkole\/?p=6662"},"modified":"2021-10-23T08:47:00","modified_gmt":"2021-10-23T06:47:00","slug":"wyjazd-do-kina","status":"publish","type":"post","link":"https:\/\/przylep.edu.pl\/przedszkole\/2021\/10\/19\/wyjazd-do-kina\/","title":{"rendered":"Wyjazd do kina"},"content":{"rendered":"\n<p><strong>We wtorek 19 pa\u017adziernika 2021 r. dzieci z z grupy 0 i klas I-II wybra\u0142y si\u0119 na wycieczk\u0119 do kina Zach\u00f3d  w Przec\u0142awiu na film pi\u0119kny, przygodowy film &#8222;Lessie wr\u00f3\u0107&#8221;. <\/strong><\/p>\n\n\n\n<p>Najm\u0142odszych uczni\u00f3w naszej szko\u0142y poruszy\u0142a niezwyk\u0142a opowie\u015b\u0107 o bohaterskich psie i odwa\u017cnym ch\u0142opcu, kt\u00f3rzy zrobi\u0105 wszystko, aby by\u0107 razem. <\/p>\n\n\n\n<figure class=\"wp-block-gallery columns-3 is-cropped wp-block-gallery-1 is-layout-flex wp-block-gallery-is-layout-flex\"><ul class=\"blocks-gallery-grid\"><li class=\"blocks-gallery-item\"><figure><img loading=\"lazy\" decoding=\"async\" width=\"668\" height=\"891\" src=\"https:\/\/przylep.edu.pl\/przedszkole\/wp-content\/uploads\/2021\/10\/20211019_093017.jpg\" alt=\"\" data-id=\"6663\" data-link=\"https:\/\/przylep.edu.pl\/przedszkole\/?attachment_id=6663\" class=\"wp-image-6663\" srcset=\"https:\/\/przylep.edu.pl\/przedszkole\/wp-content\/uploads\/2021\/10\/20211019_093017.jpg 668w, https:\/\/przylep.edu.pl\/przedszkole\/wp-content\/uploads\/2021\/10\/20211019_093017-225x300.jpg 225w\" sizes=\"auto, (max-width: 668px) 100vw, 668px\" \/><\/figure><\/li><li class=\"blocks-gallery-item\"><figure><img loading=\"lazy\" decoding=\"async\" width=\"960\" height=\"462\" src=\"https:\/\/przylep.edu.pl\/przedszkole\/wp-content\/uploads\/2021\/10\/247106189_880150812870494_1915411453544804682_n.jpg\" alt=\"\" data-id=\"6664\" data-link=\"https:\/\/przylep.edu.pl\/przedszkole\/?attachment_id=6664\" class=\"wp-image-6664\" srcset=\"https:\/\/przylep.edu.pl\/przedszkole\/wp-content\/uploads\/2021\/10\/247106189_880150812870494_1915411453544804682_n.jpg 960w, https:\/\/przylep.edu.pl\/przedszkole\/wp-content\/uploads\/2021\/10\/247106189_880150812870494_1915411453544804682_n-300x144.jpg 300w, https:\/\/przylep.edu.pl\/przedszkole\/wp-content\/uploads\/2021\/10\/247106189_880150812870494_1915411453544804682_n-768x370.jpg 768w\" sizes=\"auto, (max-width: 960px) 100vw, 960px\" \/><\/figure><\/li><li class=\"blocks-gallery-item\"><figure><img loading=\"lazy\" decoding=\"async\" width=\"462\" height=\"960\" src=\"https:\/\/przylep.edu.pl\/przedszkole\/wp-content\/uploads\/2021\/10\/247293627_245298464232360_4722365235298454987_n.jpg\" alt=\"\" data-id=\"6665\" data-link=\"https:\/\/przylep.edu.pl\/przedszkole\/?attachment_id=6665\" class=\"wp-image-6665\" srcset=\"https:\/\/przylep.edu.pl\/przedszkole\/wp-content\/uploads\/2021\/10\/247293627_245298464232360_4722365235298454987_n.jpg 462w, https:\/\/przylep.edu.pl\/przedszkole\/wp-content\/uploads\/2021\/10\/247293627_245298464232360_4722365235298454987_n-144x300.jpg 144w\" sizes=\"auto, (max-width: 462px) 100vw, 462px\" \/><\/figure><\/li><li class=\"blocks-gallery-item\"><figure><img loading=\"lazy\" decoding=\"async\" width=\"462\" height=\"960\" src=\"https:\/\/przylep.edu.pl\/przedszkole\/wp-content\/uploads\/2021\/10\/247382219_577705273440332_8065534153784391556_n.jpg\" alt=\"\" data-id=\"6666\" data-link=\"https:\/\/przylep.edu.pl\/przedszkole\/?attachment_id=6666\" class=\"wp-image-6666\" srcset=\"https:\/\/przylep.edu.pl\/przedszkole\/wp-content\/uploads\/2021\/10\/247382219_577705273440332_8065534153784391556_n.jpg 462w, https:\/\/przylep.edu.pl\/przedszkole\/wp-content\/uploads\/2021\/10\/247382219_577705273440332_8065534153784391556_n-144x300.jpg 144w\" sizes=\"auto, (max-width: 462px) 100vw, 462px\" \/><\/figure><\/li><li class=\"blocks-gallery-item\"><figure><img loading=\"lazy\" decoding=\"async\" width=\"768\" height=\"1024\" src=\"https:\/\/przylep.edu.pl\/przedszkole\/wp-content\/uploads\/2021\/10\/20211019_100412-768x1024.jpg\" alt=\"\" data-id=\"6667\" data-full-url=\"https:\/\/przylep.edu.pl\/przedszkole\/wp-content\/uploads\/2021\/10\/20211019_100412-scaled.jpg\" data-link=\"https:\/\/przylep.edu.pl\/przedszkole\/?attachment_id=6667\" class=\"wp-image-6667\" srcset=\"https:\/\/przylep.edu.pl\/przedszkole\/wp-content\/uploads\/2021\/10\/20211019_100412-768x1024.jpg 768w, https:\/\/przylep.edu.pl\/przedszkole\/wp-content\/uploads\/2021\/10\/20211019_100412-225x300.jpg 225w, https:\/\/przylep.edu.pl\/przedszkole\/wp-content\/uploads\/2021\/10\/20211019_100412-1152x1536.jpg 1152w, https:\/\/przylep.edu.pl\/przedszkole\/wp-content\/uploads\/2021\/10\/20211019_100412-1536x2048.jpg 1536w, https:\/\/przylep.edu.pl\/przedszkole\/wp-content\/uploads\/2021\/10\/20211019_100412-scaled.jpg 1920w\" sizes=\"auto, (max-width: 768px) 100vw, 768px\" \/><\/figure><\/li><li class=\"blocks-gallery-item\"><figure><img loading=\"lazy\" decoding=\"async\" width=\"768\" height=\"1024\" src=\"https:\/\/przylep.edu.pl\/przedszkole\/wp-content\/uploads\/2021\/10\/20211019_093021-768x1024.jpg\" alt=\"\" data-id=\"6668\" data-full-url=\"https:\/\/przylep.edu.pl\/przedszkole\/wp-content\/uploads\/2021\/10\/20211019_093021-scaled.jpg\" data-link=\"https:\/\/przylep.edu.pl\/przedszkole\/?attachment_id=6668\" class=\"wp-image-6668\" srcset=\"https:\/\/przylep.edu.pl\/przedszkole\/wp-content\/uploads\/2021\/10\/20211019_093021-768x1024.jpg 768w, https:\/\/przylep.edu.pl\/przedszkole\/wp-content\/uploads\/2021\/10\/20211019_093021-225x300.jpg 225w, https:\/\/przylep.edu.pl\/przedszkole\/wp-content\/uploads\/2021\/10\/20211019_093021-1152x1536.jpg 1152w, https:\/\/przylep.edu.pl\/przedszkole\/wp-content\/uploads\/2021\/10\/20211019_093021-1536x2048.jpg 1536w, https:\/\/przylep.edu.pl\/przedszkole\/wp-content\/uploads\/2021\/10\/20211019_093021-scaled.jpg 1920w\" sizes=\"auto, (max-width: 768px) 100vw, 768px\" \/><\/figure><\/li><\/ul><\/figure>\n","protected":false},"excerpt":{"rendered":"<p>We wtorek 19 pa\u017adziernika 2021 r. dzieci z z grupy 0 i klas I-II wybra\u0142y si\u0119 na wycieczk\u0119 do kina Zach\u00f3d w Przec\u0142awiu na film pi\u0119kny, przygodowy film &#8222;Lessie wr\u00f3\u0107&#8221;. Najm\u0142odszych uczni\u00f3w naszej szko\u0142y poruszy\u0142a niezwyk\u0142a opowie\u015b\u0107 o bohaterskich psie i odwa\u017cnym ch\u0142opcu, kt\u00f3rzy zrobi\u0105 wszystko, aby by\u0107 razem.<\/p>\n","protected":false},"author":2,"featured_media":6669,"comment_status":"closed","ping_status":"open","sticky":false,"template":"","format":"standard","meta":{"footnotes":""},"categories":[45,40],"tags":[],"class_list":["post-6662","post","type-post","status-publish","format-standard","has-post-thumbnail","hentry","category-aktualnosci","category-strona-glowna"],"_links":{"self":[{"href":"https:\/\/przylep.edu.pl\/przedszkole\/wp-json\/wp\/v2\/posts\/6662","targetHints":{"allow":["GET"]}}],"collection":[{"href":"https:\/\/przylep.edu.pl\/przedszkole\/wp-json\/wp\/v2\/posts"}],"about":[{"href":"https:\/\/przylep.edu.pl\/przedszkole\/wp-json\/wp\/v2\/types\/post"}],"author":[{"embeddable":true,"href":"https:\/\/przylep.edu.pl\/przedszkole\/wp-json\/wp\/v2\/users\/2"}],"replies":[{"embeddable":true,"href":"https:\/\/przylep.edu.pl\/przedszkole\/wp-json\/wp\/v2\/comments?post=6662"}],"version-history":[{"count":1,"href":"https:\/\/przylep.edu.pl\/przedszkole\/wp-json\/wp\/v2\/posts\/6662\/revisions"}],"predecessor-version":[{"id":6670,"href":"https:\/\/przylep.edu.pl\/przedszkole\/wp-json\/wp\/v2\/posts\/6662\/revisions\/6670"}],"wp:featuredmedia":[{"embeddable":true,"href":"https:\/\/przylep.edu.pl\/przedszkole\/wp-json\/wp\/v2\/media\/6669"}],"wp:attachment":[{"href":"https:\/\/przylep.edu.pl\/przedszkole\/wp-json\/wp\/v2\/media?parent=6662"}],"wp:term":[{"taxonomy":"category","embeddable":true,"href":"https:\/\/przylep.edu.pl\/przedszkole\/wp-json\/wp\/v2\/categories?post=6662"},{"taxonomy":"post_tag","embeddable":true,"href":"https:\/\/przylep.edu.pl\/przedszkole\/wp-json\/wp\/v2\/tags?post=6662"}],"curies":[{"name":"wp","href":"https:\/\/api.w.org\/{rel}","templated":true}]}}