{"id":6652,"date":"2021-10-17T20:22:14","date_gmt":"2021-10-17T18:22:14","guid":{"rendered":"https:\/\/przylep.edu.pl\/przedszkole\/?p=6652"},"modified":"2021-10-17T20:22:15","modified_gmt":"2021-10-17T18:22:15","slug":"dzien-edukacji-narodowej","status":"publish","type":"post","link":"https:\/\/przylep.edu.pl\/przedszkole\/2021\/10\/17\/dzien-edukacji-narodowej\/","title":{"rendered":"Dzie\u0144 Edukacji Narodowej"},"content":{"rendered":"\n<p>14 pa\u017adziernika  \u2013 Dzie\u0144 Edukacji Narodowej to wyj\u0105tkowe \u015bwi\u0119to dla pracownik\u00f3w o\u015bwiaty. Nasze przedszkolaki podzi\u0119kowa\u0142y swoim ukochanym Paniom i Pracownikom Przedszkola za trud w\u0142o\u017cony w ich nauczanie i wychowanie. W tym uroczystym dniu grupa czterolatk\u00f3w i zer\u00f3wka  zaprosi\u0142a go\u015bci na pi\u0119kny wyst\u0119p. Przedszkolaki zaprezentowa\u0142y si\u0119 najlepiej jak umia\u0142y. Nie zabrak\u0142o wierszy, \u017cycze\u0144, piosenek, kt\u00f3re w ca\u0142o\u015bci stworzy\u0142y pi\u0119kne podzi\u0119kowanie za codzienn\u0105 trosk\u0119, oddanie i serdeczno\u015b\u0107. Pani Dyrektor Iwona Wierzbicka  skierowa\u0142a do wszystkich pracownik\u00f3w wiele ciep\u0142ych s\u0142\u00f3w oraz \u017cycze\u0144 dalszej, owocnej pracy. Ten dzie\u0144 dla wszystkich up\u0142yn\u0105\u0142 w mi\u0142ej i serdecznej atmosferze, a wra\u017cenia na d\u0142ugo pozostan\u0105 w naszej pami\u0119ci.<\/p>\n\n\n\n<figure class=\"wp-block-gallery columns-3 is-cropped wp-block-gallery-1 is-layout-flex wp-block-gallery-is-layout-flex\"><ul class=\"blocks-gallery-grid\"><li class=\"blocks-gallery-item\"><figure><img loading=\"lazy\" decoding=\"async\" width=\"960\" height=\"720\" src=\"https:\/\/przylep.edu.pl\/przedszkole\/wp-content\/uploads\/2021\/10\/242978933_1735252446669856_2747726539612657562_n-1.jpg\" alt=\"\" data-id=\"6653\" data-full-url=\"https:\/\/przylep.edu.pl\/przedszkole\/wp-content\/uploads\/2021\/10\/242978933_1735252446669856_2747726539612657562_n-1.jpg\" data-link=\"https:\/\/przylep.edu.pl\/przedszkole\/?attachment_id=6653\" class=\"wp-image-6653\" srcset=\"https:\/\/przylep.edu.pl\/przedszkole\/wp-content\/uploads\/2021\/10\/242978933_1735252446669856_2747726539612657562_n-1.jpg 960w, https:\/\/przylep.edu.pl\/przedszkole\/wp-content\/uploads\/2021\/10\/242978933_1735252446669856_2747726539612657562_n-1-300x225.jpg 300w, https:\/\/przylep.edu.pl\/przedszkole\/wp-content\/uploads\/2021\/10\/242978933_1735252446669856_2747726539612657562_n-1-768x576.jpg 768w, https:\/\/przylep.edu.pl\/przedszkole\/wp-content\/uploads\/2021\/10\/242978933_1735252446669856_2747726539612657562_n-1-600x450.jpg 600w\" sizes=\"auto, (max-width: 960px) 100vw, 960px\" \/><\/figure><\/li><li class=\"blocks-gallery-item\"><figure><img loading=\"lazy\" decoding=\"async\" width=\"960\" height=\"600\" src=\"https:\/\/przylep.edu.pl\/przedszkole\/wp-content\/uploads\/2021\/10\/245231362_1132256150935896_3226500791617492821_n.jpg\" alt=\"\" data-id=\"6654\" data-full-url=\"https:\/\/przylep.edu.pl\/przedszkole\/wp-content\/uploads\/2021\/10\/245231362_1132256150935896_3226500791617492821_n.jpg\" data-link=\"https:\/\/przylep.edu.pl\/przedszkole\/?attachment_id=6654\" class=\"wp-image-6654\" srcset=\"https:\/\/przylep.edu.pl\/przedszkole\/wp-content\/uploads\/2021\/10\/245231362_1132256150935896_3226500791617492821_n.jpg 960w, https:\/\/przylep.edu.pl\/przedszkole\/wp-content\/uploads\/2021\/10\/245231362_1132256150935896_3226500791617492821_n-300x188.jpg 300w, https:\/\/przylep.edu.pl\/przedszkole\/wp-content\/uploads\/2021\/10\/245231362_1132256150935896_3226500791617492821_n-768x480.jpg 768w\" sizes=\"auto, (max-width: 960px) 100vw, 960px\" \/><\/figure><\/li><li class=\"blocks-gallery-item\"><figure><img loading=\"lazy\" decoding=\"async\" width=\"960\" height=\"720\" src=\"https:\/\/przylep.edu.pl\/przedszkole\/wp-content\/uploads\/2021\/10\/245278202_4643170972429865_2129034311264662478_n.jpg\" alt=\"\" data-id=\"6655\" data-full-url=\"https:\/\/przylep.edu.pl\/przedszkole\/wp-content\/uploads\/2021\/10\/245278202_4643170972429865_2129034311264662478_n.jpg\" data-link=\"https:\/\/przylep.edu.pl\/przedszkole\/?attachment_id=6655\" class=\"wp-image-6655\" srcset=\"https:\/\/przylep.edu.pl\/przedszkole\/wp-content\/uploads\/2021\/10\/245278202_4643170972429865_2129034311264662478_n.jpg 960w, https:\/\/przylep.edu.pl\/przedszkole\/wp-content\/uploads\/2021\/10\/245278202_4643170972429865_2129034311264662478_n-300x225.jpg 300w, https:\/\/przylep.edu.pl\/przedszkole\/wp-content\/uploads\/2021\/10\/245278202_4643170972429865_2129034311264662478_n-768x576.jpg 768w, https:\/\/przylep.edu.pl\/przedszkole\/wp-content\/uploads\/2021\/10\/245278202_4643170972429865_2129034311264662478_n-600x450.jpg 600w\" sizes=\"auto, (max-width: 960px) 100vw, 960px\" \/><\/figure><\/li><li class=\"blocks-gallery-item\"><figure><img loading=\"lazy\" decoding=\"async\" width=\"960\" height=\"720\" src=\"https:\/\/przylep.edu.pl\/przedszkole\/wp-content\/uploads\/2021\/10\/245333635_602010891226859_223643139179054571_n.jpg\" alt=\"\" data-id=\"6656\" data-full-url=\"https:\/\/przylep.edu.pl\/przedszkole\/wp-content\/uploads\/2021\/10\/245333635_602010891226859_223643139179054571_n.jpg\" data-link=\"https:\/\/przylep.edu.pl\/przedszkole\/?attachment_id=6656\" class=\"wp-image-6656\" srcset=\"https:\/\/przylep.edu.pl\/przedszkole\/wp-content\/uploads\/2021\/10\/245333635_602010891226859_223643139179054571_n.jpg 960w, https:\/\/przylep.edu.pl\/przedszkole\/wp-content\/uploads\/2021\/10\/245333635_602010891226859_223643139179054571_n-300x225.jpg 300w, https:\/\/przylep.edu.pl\/przedszkole\/wp-content\/uploads\/2021\/10\/245333635_602010891226859_223643139179054571_n-768x576.jpg 768w, https:\/\/przylep.edu.pl\/przedszkole\/wp-content\/uploads\/2021\/10\/245333635_602010891226859_223643139179054571_n-600x450.jpg 600w\" sizes=\"auto, (max-width: 960px) 100vw, 960px\" \/><\/figure><\/li><li class=\"blocks-gallery-item\"><figure><img loading=\"lazy\" decoding=\"async\" width=\"960\" height=\"540\" src=\"https:\/\/przylep.edu.pl\/przedszkole\/wp-content\/uploads\/2021\/10\/245401279_327950139132194_5010804456436999572_n.jpg\" alt=\"\" data-id=\"6657\" data-full-url=\"https:\/\/przylep.edu.pl\/przedszkole\/wp-content\/uploads\/2021\/10\/245401279_327950139132194_5010804456436999572_n.jpg\" data-link=\"https:\/\/przylep.edu.pl\/przedszkole\/?attachment_id=6657\" class=\"wp-image-6657\" srcset=\"https:\/\/przylep.edu.pl\/przedszkole\/wp-content\/uploads\/2021\/10\/245401279_327950139132194_5010804456436999572_n.jpg 960w, https:\/\/przylep.edu.pl\/przedszkole\/wp-content\/uploads\/2021\/10\/245401279_327950139132194_5010804456436999572_n-300x169.jpg 300w, https:\/\/przylep.edu.pl\/przedszkole\/wp-content\/uploads\/2021\/10\/245401279_327950139132194_5010804456436999572_n-768x432.jpg 768w\" sizes=\"auto, (max-width: 960px) 100vw, 960px\" \/><\/figure><\/li><li class=\"blocks-gallery-item\"><figure><img loading=\"lazy\" decoding=\"async\" width=\"960\" height=\"541\" src=\"https:\/\/przylep.edu.pl\/przedszkole\/wp-content\/uploads\/2021\/10\/245483360_416581349987111_167014317428784709_n.jpg\" alt=\"\" data-id=\"6658\" data-full-url=\"https:\/\/przylep.edu.pl\/przedszkole\/wp-content\/uploads\/2021\/10\/245483360_416581349987111_167014317428784709_n.jpg\" data-link=\"https:\/\/przylep.edu.pl\/przedszkole\/?attachment_id=6658\" class=\"wp-image-6658\" srcset=\"https:\/\/przylep.edu.pl\/przedszkole\/wp-content\/uploads\/2021\/10\/245483360_416581349987111_167014317428784709_n.jpg 960w, https:\/\/przylep.edu.pl\/przedszkole\/wp-content\/uploads\/2021\/10\/245483360_416581349987111_167014317428784709_n-300x169.jpg 300w, https:\/\/przylep.edu.pl\/przedszkole\/wp-content\/uploads\/2021\/10\/245483360_416581349987111_167014317428784709_n-768x433.jpg 768w\" sizes=\"auto, (max-width: 960px) 100vw, 960px\" \/><\/figure><\/li><li class=\"blocks-gallery-item\"><figure><img loading=\"lazy\" decoding=\"async\" width=\"528\" height=\"960\" src=\"https:\/\/przylep.edu.pl\/przedszkole\/wp-content\/uploads\/2021\/10\/245620746_430827825124326_20987134867365883_n.jpg\" alt=\"\" data-id=\"6659\" data-full-url=\"https:\/\/przylep.edu.pl\/przedszkole\/wp-content\/uploads\/2021\/10\/245620746_430827825124326_20987134867365883_n.jpg\" data-link=\"https:\/\/przylep.edu.pl\/przedszkole\/?attachment_id=6659\" class=\"wp-image-6659\" srcset=\"https:\/\/przylep.edu.pl\/przedszkole\/wp-content\/uploads\/2021\/10\/245620746_430827825124326_20987134867365883_n.jpg 528w, https:\/\/przylep.edu.pl\/przedszkole\/wp-content\/uploads\/2021\/10\/245620746_430827825124326_20987134867365883_n-165x300.jpg 165w\" sizes=\"auto, (max-width: 528px) 100vw, 528px\" \/><\/figure><\/li><\/ul><\/figure>\n","protected":false},"excerpt":{"rendered":"<p>14 pa\u017adziernika \u2013 Dzie\u0144 Edukacji Narodowej to wyj\u0105tkowe \u015bwi\u0119to dla pracownik\u00f3w o\u015bwiaty. Nasze przedszkolaki podzi\u0119kowa\u0142y swoim ukochanym Paniom i Pracownikom Przedszkola za trud w\u0142o\u017cony w ich nauczanie i wychowanie. W tym uroczystym dniu grupa czterolatk\u00f3w i zer\u00f3wka zaprosi\u0142a go\u015bci na pi\u0119kny wyst\u0119p. Przedszkolaki zaprezentowa\u0142y si\u0119 najlepiej jak umia\u0142y. Nie zabrak\u0142o wierszy, \u017cycze\u0144, piosenek, kt\u00f3re w [&hellip;]<\/p>\n","protected":false},"author":2,"featured_media":6660,"comment_status":"closed","ping_status":"open","sticky":false,"template":"","format":"standard","meta":{"footnotes":""},"categories":[45,40],"tags":[],"class_list":["post-6652","post","type-post","status-publish","format-standard","has-post-thumbnail","hentry","category-aktualnosci","category-strona-glowna"],"_links":{"self":[{"href":"https:\/\/przylep.edu.pl\/przedszkole\/wp-json\/wp\/v2\/posts\/6652","targetHints":{"allow":["GET"]}}],"collection":[{"href":"https:\/\/przylep.edu.pl\/przedszkole\/wp-json\/wp\/v2\/posts"}],"about":[{"href":"https:\/\/przylep.edu.pl\/przedszkole\/wp-json\/wp\/v2\/types\/post"}],"author":[{"embeddable":true,"href":"https:\/\/przylep.edu.pl\/przedszkole\/wp-json\/wp\/v2\/users\/2"}],"replies":[{"embeddable":true,"href":"https:\/\/przylep.edu.pl\/przedszkole\/wp-json\/wp\/v2\/comments?post=6652"}],"version-history":[{"count":1,"href":"https:\/\/przylep.edu.pl\/przedszkole\/wp-json\/wp\/v2\/posts\/6652\/revisions"}],"predecessor-version":[{"id":6661,"href":"https:\/\/przylep.edu.pl\/przedszkole\/wp-json\/wp\/v2\/posts\/6652\/revisions\/6661"}],"wp:featuredmedia":[{"embeddable":true,"href":"https:\/\/przylep.edu.pl\/przedszkole\/wp-json\/wp\/v2\/media\/6660"}],"wp:attachment":[{"href":"https:\/\/przylep.edu.pl\/przedszkole\/wp-json\/wp\/v2\/media?parent=6652"}],"wp:term":[{"taxonomy":"category","embeddable":true,"href":"https:\/\/przylep.edu.pl\/przedszkole\/wp-json\/wp\/v2\/categories?post=6652"},{"taxonomy":"post_tag","embeddable":true,"href":"https:\/\/przylep.edu.pl\/przedszkole\/wp-json\/wp\/v2\/tags?post=6652"}],"curies":[{"name":"wp","href":"https:\/\/api.w.org\/{rel}","templated":true}]}}