{"id":6632,"date":"2021-09-30T19:25:00","date_gmt":"2021-09-30T17:25:00","guid":{"rendered":"https:\/\/przylep.edu.pl\/przedszkole\/?p=6632"},"modified":"2021-10-03T19:40:45","modified_gmt":"2021-10-03T17:40:45","slug":"dzien-chlopaka-w-przedszkolu","status":"publish","type":"post","link":"https:\/\/przylep.edu.pl\/przedszkole\/2021\/09\/30\/dzien-chlopaka-w-przedszkolu\/","title":{"rendered":"Dzie\u0144 Ch\u0142opaka w przedszkolu"},"content":{"rendered":"\n<p>Od najm\u0142odszych lat uczymy dzieci, aby pami\u0119ta\u0142y o wa\u017cnych uroczysto\u015bciach<\/p>\n\n\n\n<p>w \u017cyciu rodziny czy \u017cyciu przedszkola.<\/p>\n\n\n\n<p>R\u00f3wnie wa\u017cne jest wi\u0119c&nbsp;<strong>\u015awi\u0119to Ch\u0142opc\u00f3w,&nbsp;<\/strong>kt\u00f3re obchodzimy 30 wrze\u015bnia.<\/p>\n\n\n\n<p>W tym dniu we wszystkich&nbsp; grupach dziewczynki<\/p>\n\n\n\n<p>wr\u0119cza\u0142y ch\u0142opcom upominki, z\u0142o\u017cy\u0142y \u017cyczenia,\u00a0u\u015bciska\u0142y i uca\u0142owa\u0142y:)<\/p>\n\n\n\n<p>Dzi\u0119kujemy Radzie Rodzic\u00f3w za pi\u0119kne upominki.   <\/p>\n\n\n\n<figure class=\"wp-block-gallery columns-3 is-cropped wp-block-gallery-1 is-layout-flex wp-block-gallery-is-layout-flex\"><ul class=\"blocks-gallery-grid\"><li class=\"blocks-gallery-item\"><figure><img loading=\"lazy\" decoding=\"async\" width=\"960\" height=\"721\" src=\"https:\/\/przylep.edu.pl\/przedszkole\/wp-content\/uploads\/2021\/10\/242978933_1735252446669856_2747726539612657562_n.jpg\" alt=\"\" data-id=\"6633\" data-full-url=\"https:\/\/przylep.edu.pl\/przedszkole\/wp-content\/uploads\/2021\/10\/242978933_1735252446669856_2747726539612657562_n.jpg\" data-link=\"https:\/\/przylep.edu.pl\/przedszkole\/?attachment_id=6633\" class=\"wp-image-6633\" srcset=\"https:\/\/przylep.edu.pl\/przedszkole\/wp-content\/uploads\/2021\/10\/242978933_1735252446669856_2747726539612657562_n.jpg 960w, https:\/\/przylep.edu.pl\/przedszkole\/wp-content\/uploads\/2021\/10\/242978933_1735252446669856_2747726539612657562_n-300x225.jpg 300w, https:\/\/przylep.edu.pl\/przedszkole\/wp-content\/uploads\/2021\/10\/242978933_1735252446669856_2747726539612657562_n-768x577.jpg 768w, https:\/\/przylep.edu.pl\/przedszkole\/wp-content\/uploads\/2021\/10\/242978933_1735252446669856_2747726539612657562_n-600x450.jpg 600w\" sizes=\"auto, (max-width: 960px) 100vw, 960px\" \/><\/figure><\/li><li class=\"blocks-gallery-item\"><figure><img loading=\"lazy\" decoding=\"async\" width=\"720\" height=\"960\" src=\"https:\/\/przylep.edu.pl\/przedszkole\/wp-content\/uploads\/2021\/10\/243399378_4702319146480620_5120529864601626906_n.jpg\" alt=\"\" data-id=\"6634\" data-full-url=\"https:\/\/przylep.edu.pl\/przedszkole\/wp-content\/uploads\/2021\/10\/243399378_4702319146480620_5120529864601626906_n.jpg\" data-link=\"https:\/\/przylep.edu.pl\/przedszkole\/?attachment_id=6634\" class=\"wp-image-6634\" srcset=\"https:\/\/przylep.edu.pl\/przedszkole\/wp-content\/uploads\/2021\/10\/243399378_4702319146480620_5120529864601626906_n.jpg 720w, https:\/\/przylep.edu.pl\/przedszkole\/wp-content\/uploads\/2021\/10\/243399378_4702319146480620_5120529864601626906_n-225x300.jpg 225w\" sizes=\"auto, (max-width: 720px) 100vw, 720px\" \/><\/figure><\/li><li class=\"blocks-gallery-item\"><figure><img loading=\"lazy\" decoding=\"async\" width=\"960\" height=\"720\" src=\"https:\/\/przylep.edu.pl\/przedszkole\/wp-content\/uploads\/2021\/10\/243428303_4702317739814094_3000120463193653890_n.jpg\" alt=\"\" data-id=\"6635\" data-full-url=\"https:\/\/przylep.edu.pl\/przedszkole\/wp-content\/uploads\/2021\/10\/243428303_4702317739814094_3000120463193653890_n.jpg\" data-link=\"https:\/\/przylep.edu.pl\/przedszkole\/?attachment_id=6635\" class=\"wp-image-6635\" srcset=\"https:\/\/przylep.edu.pl\/przedszkole\/wp-content\/uploads\/2021\/10\/243428303_4702317739814094_3000120463193653890_n.jpg 960w, https:\/\/przylep.edu.pl\/przedszkole\/wp-content\/uploads\/2021\/10\/243428303_4702317739814094_3000120463193653890_n-300x225.jpg 300w, https:\/\/przylep.edu.pl\/przedszkole\/wp-content\/uploads\/2021\/10\/243428303_4702317739814094_3000120463193653890_n-768x576.jpg 768w, https:\/\/przylep.edu.pl\/przedszkole\/wp-content\/uploads\/2021\/10\/243428303_4702317739814094_3000120463193653890_n-600x450.jpg 600w\" sizes=\"auto, (max-width: 960px) 100vw, 960px\" \/><\/figure><\/li><li class=\"blocks-gallery-item\"><figure><img loading=\"lazy\" decoding=\"async\" width=\"528\" height=\"960\" src=\"https:\/\/przylep.edu.pl\/przedszkole\/wp-content\/uploads\/2021\/10\/243552296_337499064838394_6091447393642147442_n.jpg\" alt=\"\" data-id=\"6636\" data-full-url=\"https:\/\/przylep.edu.pl\/przedszkole\/wp-content\/uploads\/2021\/10\/243552296_337499064838394_6091447393642147442_n.jpg\" data-link=\"https:\/\/przylep.edu.pl\/przedszkole\/?attachment_id=6636\" class=\"wp-image-6636\" srcset=\"https:\/\/przylep.edu.pl\/przedszkole\/wp-content\/uploads\/2021\/10\/243552296_337499064838394_6091447393642147442_n.jpg 528w, https:\/\/przylep.edu.pl\/przedszkole\/wp-content\/uploads\/2021\/10\/243552296_337499064838394_6091447393642147442_n-165x300.jpg 165w\" sizes=\"auto, (max-width: 528px) 100vw, 528px\" \/><\/figure><\/li><li class=\"blocks-gallery-item\"><figure><img loading=\"lazy\" decoding=\"async\" width=\"720\" height=\"960\" src=\"https:\/\/przylep.edu.pl\/przedszkole\/wp-content\/uploads\/2021\/10\/243730078_4702318103147391_857129717389503487_n.jpg\" alt=\"\" data-id=\"6637\" data-full-url=\"https:\/\/przylep.edu.pl\/przedszkole\/wp-content\/uploads\/2021\/10\/243730078_4702318103147391_857129717389503487_n.jpg\" data-link=\"https:\/\/przylep.edu.pl\/przedszkole\/?attachment_id=6637\" class=\"wp-image-6637\" srcset=\"https:\/\/przylep.edu.pl\/przedszkole\/wp-content\/uploads\/2021\/10\/243730078_4702318103147391_857129717389503487_n.jpg 720w, https:\/\/przylep.edu.pl\/przedszkole\/wp-content\/uploads\/2021\/10\/243730078_4702318103147391_857129717389503487_n-225x300.jpg 225w\" sizes=\"auto, (max-width: 720px) 100vw, 720px\" \/><\/figure><\/li><li class=\"blocks-gallery-item\"><figure><img loading=\"lazy\" decoding=\"async\" width=\"960\" height=\"541\" src=\"https:\/\/przylep.edu.pl\/przedszkole\/wp-content\/uploads\/2021\/10\/243801287_395500041980270_4727272998520036865_n.jpg\" alt=\"\" data-id=\"6638\" data-full-url=\"https:\/\/przylep.edu.pl\/przedszkole\/wp-content\/uploads\/2021\/10\/243801287_395500041980270_4727272998520036865_n.jpg\" data-link=\"https:\/\/przylep.edu.pl\/przedszkole\/?attachment_id=6638\" class=\"wp-image-6638\" srcset=\"https:\/\/przylep.edu.pl\/przedszkole\/wp-content\/uploads\/2021\/10\/243801287_395500041980270_4727272998520036865_n.jpg 960w, https:\/\/przylep.edu.pl\/przedszkole\/wp-content\/uploads\/2021\/10\/243801287_395500041980270_4727272998520036865_n-300x169.jpg 300w, https:\/\/przylep.edu.pl\/przedszkole\/wp-content\/uploads\/2021\/10\/243801287_395500041980270_4727272998520036865_n-768x433.jpg 768w\" sizes=\"auto, (max-width: 960px) 100vw, 960px\" \/><\/figure><\/li><li class=\"blocks-gallery-item\"><figure><img loading=\"lazy\" decoding=\"async\" width=\"608\" height=\"816\" src=\"https:\/\/przylep.edu.pl\/przedszkole\/wp-content\/uploads\/2021\/10\/243870734_406297294446378_6548783043360904825_n.jpg\" alt=\"\" data-id=\"6639\" data-full-url=\"https:\/\/przylep.edu.pl\/przedszkole\/wp-content\/uploads\/2021\/10\/243870734_406297294446378_6548783043360904825_n.jpg\" data-link=\"https:\/\/przylep.edu.pl\/przedszkole\/?attachment_id=6639\" class=\"wp-image-6639\" srcset=\"https:\/\/przylep.edu.pl\/przedszkole\/wp-content\/uploads\/2021\/10\/243870734_406297294446378_6548783043360904825_n.jpg 608w, https:\/\/przylep.edu.pl\/przedszkole\/wp-content\/uploads\/2021\/10\/243870734_406297294446378_6548783043360904825_n-224x300.jpg 224w\" sizes=\"auto, (max-width: 608px) 100vw, 608px\" \/><\/figure><\/li><li class=\"blocks-gallery-item\"><figure><img loading=\"lazy\" decoding=\"async\" width=\"720\" height=\"540\" src=\"https:\/\/przylep.edu.pl\/przedszkole\/wp-content\/uploads\/2021\/10\/244194820_1319875845112466_1588835120475662359_n.jpg\" alt=\"\" data-id=\"6640\" data-full-url=\"https:\/\/przylep.edu.pl\/przedszkole\/wp-content\/uploads\/2021\/10\/244194820_1319875845112466_1588835120475662359_n.jpg\" data-link=\"https:\/\/przylep.edu.pl\/przedszkole\/?attachment_id=6640\" class=\"wp-image-6640\" srcset=\"https:\/\/przylep.edu.pl\/przedszkole\/wp-content\/uploads\/2021\/10\/244194820_1319875845112466_1588835120475662359_n.jpg 720w, https:\/\/przylep.edu.pl\/przedszkole\/wp-content\/uploads\/2021\/10\/244194820_1319875845112466_1588835120475662359_n-300x225.jpg 300w, https:\/\/przylep.edu.pl\/przedszkole\/wp-content\/uploads\/2021\/10\/244194820_1319875845112466_1588835120475662359_n-600x450.jpg 600w\" sizes=\"auto, (max-width: 720px) 100vw, 720px\" \/><\/figure><\/li><li class=\"blocks-gallery-item\"><figure><img loading=\"lazy\" decoding=\"async\" width=\"1024\" height=\"768\" src=\"https:\/\/przylep.edu.pl\/przedszkole\/wp-content\/uploads\/2021\/10\/244276566_655842268730109_726671318319674990_n-1024x768.jpg\" alt=\"\" data-id=\"6641\" data-full-url=\"https:\/\/przylep.edu.pl\/przedszkole\/wp-content\/uploads\/2021\/10\/244276566_655842268730109_726671318319674990_n.jpg\" data-link=\"https:\/\/przylep.edu.pl\/przedszkole\/?attachment_id=6641\" class=\"wp-image-6641\" srcset=\"https:\/\/przylep.edu.pl\/przedszkole\/wp-content\/uploads\/2021\/10\/244276566_655842268730109_726671318319674990_n-1024x768.jpg 1024w, https:\/\/przylep.edu.pl\/przedszkole\/wp-content\/uploads\/2021\/10\/244276566_655842268730109_726671318319674990_n-300x225.jpg 300w, https:\/\/przylep.edu.pl\/przedszkole\/wp-content\/uploads\/2021\/10\/244276566_655842268730109_726671318319674990_n-768x576.jpg 768w, https:\/\/przylep.edu.pl\/przedszkole\/wp-content\/uploads\/2021\/10\/244276566_655842268730109_726671318319674990_n-1536x1152.jpg 1536w, https:\/\/przylep.edu.pl\/przedszkole\/wp-content\/uploads\/2021\/10\/244276566_655842268730109_726671318319674990_n-600x450.jpg 600w, https:\/\/przylep.edu.pl\/przedszkole\/wp-content\/uploads\/2021\/10\/244276566_655842268730109_726671318319674990_n.jpg 2048w\" sizes=\"auto, (max-width: 1024px) 100vw, 1024px\" \/><\/figure><\/li><li class=\"blocks-gallery-item\"><figure><img loading=\"lazy\" decoding=\"async\" width=\"960\" height=\"720\" src=\"https:\/\/przylep.edu.pl\/przedszkole\/wp-content\/uploads\/2021\/10\/244411911_189086796674918_7738652413727999113_n.jpg\" alt=\"\" data-id=\"6642\" data-full-url=\"https:\/\/przylep.edu.pl\/przedszkole\/wp-content\/uploads\/2021\/10\/244411911_189086796674918_7738652413727999113_n.jpg\" data-link=\"https:\/\/przylep.edu.pl\/przedszkole\/?attachment_id=6642\" class=\"wp-image-6642\" srcset=\"https:\/\/przylep.edu.pl\/przedszkole\/wp-content\/uploads\/2021\/10\/244411911_189086796674918_7738652413727999113_n.jpg 960w, https:\/\/przylep.edu.pl\/przedszkole\/wp-content\/uploads\/2021\/10\/244411911_189086796674918_7738652413727999113_n-300x225.jpg 300w, https:\/\/przylep.edu.pl\/przedszkole\/wp-content\/uploads\/2021\/10\/244411911_189086796674918_7738652413727999113_n-768x576.jpg 768w, https:\/\/przylep.edu.pl\/przedszkole\/wp-content\/uploads\/2021\/10\/244411911_189086796674918_7738652413727999113_n-600x450.jpg 600w\" sizes=\"auto, (max-width: 960px) 100vw, 960px\" \/><\/figure><\/li><li class=\"blocks-gallery-item\"><figure><img loading=\"lazy\" decoding=\"async\" width=\"768\" height=\"1024\" src=\"https:\/\/przylep.edu.pl\/przedszkole\/wp-content\/uploads\/2021\/10\/244457266_2709157629389841_8619025980964062827_n-768x1024.jpg\" alt=\"\" data-id=\"6643\" data-full-url=\"https:\/\/przylep.edu.pl\/przedszkole\/wp-content\/uploads\/2021\/10\/244457266_2709157629389841_8619025980964062827_n.jpg\" data-link=\"https:\/\/przylep.edu.pl\/przedszkole\/?attachment_id=6643\" class=\"wp-image-6643\" srcset=\"https:\/\/przylep.edu.pl\/przedszkole\/wp-content\/uploads\/2021\/10\/244457266_2709157629389841_8619025980964062827_n-768x1024.jpg 768w, https:\/\/przylep.edu.pl\/przedszkole\/wp-content\/uploads\/2021\/10\/244457266_2709157629389841_8619025980964062827_n-225x300.jpg 225w, https:\/\/przylep.edu.pl\/przedszkole\/wp-content\/uploads\/2021\/10\/244457266_2709157629389841_8619025980964062827_n.jpg 1125w\" sizes=\"auto, (max-width: 768px) 100vw, 768px\" \/><\/figure><\/li><li class=\"blocks-gallery-item\"><figure><img loading=\"lazy\" decoding=\"async\" width=\"1024\" height=\"768\" src=\"https:\/\/przylep.edu.pl\/przedszkole\/wp-content\/uploads\/2021\/10\/244480479_2921050021490724_5582450795099856984_n-1024x768.jpg\" alt=\"\" data-id=\"6644\" data-full-url=\"https:\/\/przylep.edu.pl\/przedszkole\/wp-content\/uploads\/2021\/10\/244480479_2921050021490724_5582450795099856984_n.jpg\" data-link=\"https:\/\/przylep.edu.pl\/przedszkole\/?attachment_id=6644\" class=\"wp-image-6644\" srcset=\"https:\/\/przylep.edu.pl\/przedszkole\/wp-content\/uploads\/2021\/10\/244480479_2921050021490724_5582450795099856984_n-1024x768.jpg 1024w, https:\/\/przylep.edu.pl\/przedszkole\/wp-content\/uploads\/2021\/10\/244480479_2921050021490724_5582450795099856984_n-300x225.jpg 300w, https:\/\/przylep.edu.pl\/przedszkole\/wp-content\/uploads\/2021\/10\/244480479_2921050021490724_5582450795099856984_n-768x576.jpg 768w, https:\/\/przylep.edu.pl\/przedszkole\/wp-content\/uploads\/2021\/10\/244480479_2921050021490724_5582450795099856984_n-600x450.jpg 600w, https:\/\/przylep.edu.pl\/przedszkole\/wp-content\/uploads\/2021\/10\/244480479_2921050021490724_5582450795099856984_n.jpg 1125w\" sizes=\"auto, (max-width: 1024px) 100vw, 1024px\" \/><\/figure><\/li><\/ul><\/figure>\n\n\n\n<figure class=\"wp-block-gallery columns-0 is-cropped wp-block-gallery-2 is-layout-flex wp-block-gallery-is-layout-flex\"><ul class=\"blocks-gallery-grid\"><\/ul><\/figure>\n","protected":false},"excerpt":{"rendered":"<p>Od najm\u0142odszych lat uczymy dzieci, aby pami\u0119ta\u0142y o wa\u017cnych uroczysto\u015bciach w \u017cyciu rodziny czy \u017cyciu przedszkola. R\u00f3wnie wa\u017cne jest wi\u0119c&nbsp;\u015awi\u0119to Ch\u0142opc\u00f3w,&nbsp;kt\u00f3re obchodzimy 30 wrze\u015bnia. W tym dniu we wszystkich&nbsp; grupach dziewczynki wr\u0119cza\u0142y ch\u0142opcom upominki, z\u0142o\u017cy\u0142y \u017cyczenia,\u00a0u\u015bciska\u0142y i uca\u0142owa\u0142y:) Dzi\u0119kujemy Radzie Rodzic\u00f3w za pi\u0119kne upominki.<\/p>\n","protected":false},"author":2,"featured_media":6645,"comment_status":"closed","ping_status":"open","sticky":false,"template":"","format":"standard","meta":{"footnotes":""},"categories":[45,43,44,40],"tags":[],"class_list":["post-6632","post","type-post","status-publish","format-standard","has-post-thumbnail","hentry","category-aktualnosci","category-limonkowa","category-zolta","category-strona-glowna"],"_links":{"self":[{"href":"https:\/\/przylep.edu.pl\/przedszkole\/wp-json\/wp\/v2\/posts\/6632","targetHints":{"allow":["GET"]}}],"collection":[{"href":"https:\/\/przylep.edu.pl\/przedszkole\/wp-json\/wp\/v2\/posts"}],"about":[{"href":"https:\/\/przylep.edu.pl\/przedszkole\/wp-json\/wp\/v2\/types\/post"}],"author":[{"embeddable":true,"href":"https:\/\/przylep.edu.pl\/przedszkole\/wp-json\/wp\/v2\/users\/2"}],"replies":[{"embeddable":true,"href":"https:\/\/przylep.edu.pl\/przedszkole\/wp-json\/wp\/v2\/comments?post=6632"}],"version-history":[{"count":1,"href":"https:\/\/przylep.edu.pl\/przedszkole\/wp-json\/wp\/v2\/posts\/6632\/revisions"}],"predecessor-version":[{"id":6646,"href":"https:\/\/przylep.edu.pl\/przedszkole\/wp-json\/wp\/v2\/posts\/6632\/revisions\/6646"}],"wp:featuredmedia":[{"embeddable":true,"href":"https:\/\/przylep.edu.pl\/przedszkole\/wp-json\/wp\/v2\/media\/6645"}],"wp:attachment":[{"href":"https:\/\/przylep.edu.pl\/przedszkole\/wp-json\/wp\/v2\/media?parent=6632"}],"wp:term":[{"taxonomy":"category","embeddable":true,"href":"https:\/\/przylep.edu.pl\/przedszkole\/wp-json\/wp\/v2\/categories?post=6632"},{"taxonomy":"post_tag","embeddable":true,"href":"https:\/\/przylep.edu.pl\/przedszkole\/wp-json\/wp\/v2\/tags?post=6632"}],"curies":[{"name":"wp","href":"https:\/\/api.w.org\/{rel}","templated":true}]}}