{"id":6616,"date":"2021-09-20T13:51:51","date_gmt":"2021-09-20T11:51:51","guid":{"rendered":"https:\/\/przylep.edu.pl\/przedszkole\/?p=6616"},"modified":"2021-09-20T13:51:52","modified_gmt":"2021-09-20T11:51:52","slug":"zebranie-w-grupie-0","status":"publish","type":"post","link":"https:\/\/przylep.edu.pl\/przedszkole\/2021\/09\/20\/zebranie-w-grupie-0\/","title":{"rendered":"Zebranie w grupie &#8222;0&#8221;"},"content":{"rendered":"\n<p>Szanowni Pa\u0144stwo, w imieniu Pani Natalii Budner, zapraszam na zebranie informacyjne, kt\u00f3re odb\u0119dzie si\u0119 22 wrze\u015bnia 2021 r. o godz. 17.00 <\/p>\n\n\n\n<p class=\"has-text-align-right\">Iwona Wierzbicka<\/p>\n\n\n\n<p><\/p>\n","protected":false},"excerpt":{"rendered":"<p>Szanowni Pa\u0144stwo, w imieniu Pani Natalii Budner, zapraszam na zebranie informacyjne, kt\u00f3re odb\u0119dzie si\u0119 22 wrze\u015bnia 2021 r. o godz. 17.00 Iwona Wierzbicka<\/p>\n","protected":false},"author":2,"featured_media":6559,"comment_status":"closed","ping_status":"open","sticky":false,"template":"","format":"standard","meta":{"footnotes":""},"categories":[45,40],"tags":[],"class_list":["post-6616","post","type-post","status-publish","format-standard","has-post-thumbnail","hentry","category-aktualnosci","category-strona-glowna"],"_links":{"self":[{"href":"https:\/\/przylep.edu.pl\/przedszkole\/wp-json\/wp\/v2\/posts\/6616","targetHints":{"allow":["GET"]}}],"collection":[{"href":"https:\/\/przylep.edu.pl\/przedszkole\/wp-json\/wp\/v2\/posts"}],"about":[{"href":"https:\/\/przylep.edu.pl\/przedszkole\/wp-json\/wp\/v2\/types\/post"}],"author":[{"embeddable":true,"href":"https:\/\/przylep.edu.pl\/przedszkole\/wp-json\/wp\/v2\/users\/2"}],"replies":[{"embeddable":true,"href":"https:\/\/przylep.edu.pl\/przedszkole\/wp-json\/wp\/v2\/comments?post=6616"}],"version-history":[{"count":1,"href":"https:\/\/przylep.edu.pl\/przedszkole\/wp-json\/wp\/v2\/posts\/6616\/revisions"}],"predecessor-version":[{"id":6617,"href":"https:\/\/przylep.edu.pl\/przedszkole\/wp-json\/wp\/v2\/posts\/6616\/revisions\/6617"}],"wp:featuredmedia":[{"embeddable":true,"href":"https:\/\/przylep.edu.pl\/przedszkole\/wp-json\/wp\/v2\/media\/6559"}],"wp:attachment":[{"href":"https:\/\/przylep.edu.pl\/przedszkole\/wp-json\/wp\/v2\/media?parent=6616"}],"wp:term":[{"taxonomy":"category","embeddable":true,"href":"https:\/\/przylep.edu.pl\/przedszkole\/wp-json\/wp\/v2\/categories?post=6616"},{"taxonomy":"post_tag","embeddable":true,"href":"https:\/\/przylep.edu.pl\/przedszkole\/wp-json\/wp\/v2\/tags?post=6616"}],"curies":[{"name":"wp","href":"https:\/\/api.w.org\/{rel}","templated":true}]}}