{"id":6587,"date":"2021-09-05T22:50:34","date_gmt":"2021-09-05T20:50:34","guid":{"rendered":"https:\/\/przylep.edu.pl\/przedszkole\/?p=6587"},"modified":"2021-09-06T12:01:41","modified_gmt":"2021-09-06T10:01:41","slug":"zebrania-z-rodzicami","status":"publish","type":"post","link":"https:\/\/przylep.edu.pl\/przedszkole\/2021\/09\/05\/zebrania-z-rodzicami\/","title":{"rendered":"Zebrania z rodzicami"},"content":{"rendered":"\n<p>Szanowni Pa\u0144stwo,<\/p>\n\n\n\n<p>zapraszamy na zebrania informacyjne, kt\u00f3re odb\u0119d\u0105 si\u0119 w salach poszczeg\u00f3lnych grup i klas  w dniach:<\/p>\n\n\n\n<p>Grupa srebrna (3-latki) &#8211;<strong>09.09.2021 (czwartek) <\/strong>o godz.18.00<\/p>\n\n\n\n<p>Grupa pomara\u0144czowa (3-latki)- <strong>09.09.2021 (czwartek)<\/strong> o godz.17.00<\/p>\n\n\n\n<p>Grupa limonkowa ( 3,4-latki)- <strong>09.09.2021 (czwartek)<\/strong> o godz.17.00<\/p>\n\n\n\n<p>Grupa \u017c\u00f3\u0142ta (4-latki)- <strong>08.09.2021 (\u015broda)<\/strong> o godz.17.00<\/p>\n\n\n\n<p>Grupa niebieska (4-latki) &#8211;<strong>09.09.2021 (czwartek)<\/strong> o godz.18.00<\/p>\n\n\n\n<p>Grupa lila (5-latki)- <strong>09.09.2021 (czwartek)<\/strong> o godz.17.00<\/p>\n\n\n\n<p>Grupa &#8222;0&#8221;- ze wzgl\u0119du na nieobecno\u015b\u0107 nauczyciela w pracy, zebranie odb\u0119dzie si\u0119 w innym terminie.<\/p>\n\n\n\n<p>Klasa I- <strong>08.09.2021 (\u015broda)<\/strong> o godz.17.00<\/p>\n\n\n\n<p>Klasa II- <strong>08.09.2021 (\u015broda)<\/strong> o godz.17.00<\/p>\n\n\n\n<p>Ze wzgl\u0119du na wci\u0105\u017c obowi\u0105zuj\u0105cy re\u017cim sanitarny na zebranie mo\u017ce przyj\u015b\u0107 tylko jeden rodzic\/ prawny opiekun dziecka.<\/p>\n\n\n\n<p> Na czas zebra\u0144 prosimy o zapewnienie opieki dzieciom w domu.<\/p>\n\n\n\n<p><\/p>\n","protected":false},"excerpt":{"rendered":"<p>Szanowni Pa\u0144stwo, zapraszamy na zebrania informacyjne, kt\u00f3re odb\u0119d\u0105 si\u0119 w salach poszczeg\u00f3lnych grup i klas w dniach: Grupa srebrna (3-latki) &#8211;09.09.2021 (czwartek) o godz.18.00 Grupa pomara\u0144czowa (3-latki)- 09.09.2021 (czwartek) o godz.17.00 Grupa limonkowa ( 3,4-latki)- 09.09.2021 (czwartek) o godz.17.00 Grupa \u017c\u00f3\u0142ta (4-latki)- 08.09.2021 (\u015broda) o godz.17.00 Grupa niebieska (4-latki) &#8211;09.09.2021 (czwartek) o godz.18.00 Grupa lila [&hellip;]<\/p>\n","protected":false},"author":2,"featured_media":6588,"comment_status":"closed","ping_status":"open","sticky":false,"template":"","format":"standard","meta":{"footnotes":""},"categories":[45,43,42,44,40],"tags":[],"class_list":["post-6587","post","type-post","status-publish","format-standard","has-post-thumbnail","hentry","category-aktualnosci","category-limonkowa","category-niebieska","category-zolta","category-strona-glowna"],"_links":{"self":[{"href":"https:\/\/przylep.edu.pl\/przedszkole\/wp-json\/wp\/v2\/posts\/6587","targetHints":{"allow":["GET"]}}],"collection":[{"href":"https:\/\/przylep.edu.pl\/przedszkole\/wp-json\/wp\/v2\/posts"}],"about":[{"href":"https:\/\/przylep.edu.pl\/przedszkole\/wp-json\/wp\/v2\/types\/post"}],"author":[{"embeddable":true,"href":"https:\/\/przylep.edu.pl\/przedszkole\/wp-json\/wp\/v2\/users\/2"}],"replies":[{"embeddable":true,"href":"https:\/\/przylep.edu.pl\/przedszkole\/wp-json\/wp\/v2\/comments?post=6587"}],"version-history":[{"count":2,"href":"https:\/\/przylep.edu.pl\/przedszkole\/wp-json\/wp\/v2\/posts\/6587\/revisions"}],"predecessor-version":[{"id":6591,"href":"https:\/\/przylep.edu.pl\/przedszkole\/wp-json\/wp\/v2\/posts\/6587\/revisions\/6591"}],"wp:featuredmedia":[{"embeddable":true,"href":"https:\/\/przylep.edu.pl\/przedszkole\/wp-json\/wp\/v2\/media\/6588"}],"wp:attachment":[{"href":"https:\/\/przylep.edu.pl\/przedszkole\/wp-json\/wp\/v2\/media?parent=6587"}],"wp:term":[{"taxonomy":"category","embeddable":true,"href":"https:\/\/przylep.edu.pl\/przedszkole\/wp-json\/wp\/v2\/categories?post=6587"},{"taxonomy":"post_tag","embeddable":true,"href":"https:\/\/przylep.edu.pl\/przedszkole\/wp-json\/wp\/v2\/tags?post=6587"}],"curies":[{"name":"wp","href":"https:\/\/api.w.org\/{rel}","templated":true}]}}