{"id":6584,"date":"2021-08-29T13:22:40","date_gmt":"2021-08-29T11:22:40","guid":{"rendered":"https:\/\/przylep.edu.pl\/przedszkole\/?p=6584"},"modified":"2021-08-29T13:22:41","modified_gmt":"2021-08-29T11:22:41","slug":"rozpoczecie-nowego-roku-szkolnego-2021-2022-dla-klas-1-2","status":"publish","type":"post","link":"https:\/\/przylep.edu.pl\/przedszkole\/2021\/08\/29\/rozpoczecie-nowego-roku-szkolnego-2021-2022-dla-klas-1-2\/","title":{"rendered":"Rozpocz\u0119cie nowego roku szkolnego 2021\/2022 dla klas 1-2"},"content":{"rendered":"\n<p>Szanowni Pa\u0144stwo!<\/p>\n\n\n\n<p>Uroczyste spotkanie z wychowawczyniami klasy pierwszej i drugiej odb\u0119dzie si\u01191 wrze\u015bnia 2021 roku  o godzinie 9.30 w salach lekcyjnych. W zwi\u0105zku z trwaj\u0105c\u0105 pandemi\u0105 prosimy o towarzyszenie dziecku jednego z Rodzic\u00f3w. Dzieci obowi\u0105zuje str\u00f3j galowy. Bia\u0142a koszula\/bluzka, granatowy\/ czarny d\u00f3\u0142- spodnie\/sp\u00f3dnica.  Termin spotka\u0144 organizacyjnych zwi\u0105zanych z nowym rokiem szkolnym zostanie podany podczas spotkania. Do zobaczenia!<\/p>\n","protected":false},"excerpt":{"rendered":"<p>Szanowni Pa\u0144stwo! Uroczyste spotkanie z wychowawczyniami klasy pierwszej i drugiej odb\u0119dzie si\u01191 wrze\u015bnia 2021 roku o godzinie 9.30 w salach lekcyjnych. W zwi\u0105zku z trwaj\u0105c\u0105 pandemi\u0105 prosimy o towarzyszenie dziecku jednego z Rodzic\u00f3w. Dzieci obowi\u0105zuje str\u00f3j galowy. Bia\u0142a koszula\/bluzka, granatowy\/ czarny d\u00f3\u0142- spodnie\/sp\u00f3dnica. Termin spotka\u0144 organizacyjnych zwi\u0105zanych z nowym rokiem szkolnym zostanie podany podczas spotkania. [&hellip;]<\/p>\n","protected":false},"author":2,"featured_media":6585,"comment_status":"closed","ping_status":"open","sticky":false,"template":"","format":"standard","meta":{"footnotes":""},"categories":[45,40],"tags":[],"class_list":["post-6584","post","type-post","status-publish","format-standard","has-post-thumbnail","hentry","category-aktualnosci","category-strona-glowna"],"_links":{"self":[{"href":"https:\/\/przylep.edu.pl\/przedszkole\/wp-json\/wp\/v2\/posts\/6584","targetHints":{"allow":["GET"]}}],"collection":[{"href":"https:\/\/przylep.edu.pl\/przedszkole\/wp-json\/wp\/v2\/posts"}],"about":[{"href":"https:\/\/przylep.edu.pl\/przedszkole\/wp-json\/wp\/v2\/types\/post"}],"author":[{"embeddable":true,"href":"https:\/\/przylep.edu.pl\/przedszkole\/wp-json\/wp\/v2\/users\/2"}],"replies":[{"embeddable":true,"href":"https:\/\/przylep.edu.pl\/przedszkole\/wp-json\/wp\/v2\/comments?post=6584"}],"version-history":[{"count":1,"href":"https:\/\/przylep.edu.pl\/przedszkole\/wp-json\/wp\/v2\/posts\/6584\/revisions"}],"predecessor-version":[{"id":6586,"href":"https:\/\/przylep.edu.pl\/przedszkole\/wp-json\/wp\/v2\/posts\/6584\/revisions\/6586"}],"wp:featuredmedia":[{"embeddable":true,"href":"https:\/\/przylep.edu.pl\/przedszkole\/wp-json\/wp\/v2\/media\/6585"}],"wp:attachment":[{"href":"https:\/\/przylep.edu.pl\/przedszkole\/wp-json\/wp\/v2\/media?parent=6584"}],"wp:term":[{"taxonomy":"category","embeddable":true,"href":"https:\/\/przylep.edu.pl\/przedszkole\/wp-json\/wp\/v2\/categories?post=6584"},{"taxonomy":"post_tag","embeddable":true,"href":"https:\/\/przylep.edu.pl\/przedszkole\/wp-json\/wp\/v2\/tags?post=6584"}],"curies":[{"name":"wp","href":"https:\/\/api.w.org\/{rel}","templated":true}]}}