{"id":6581,"date":"2021-08-27T10:03:50","date_gmt":"2021-08-27T08:03:50","guid":{"rendered":"https:\/\/przylep.edu.pl\/przedszkole\/?p=6581"},"modified":"2021-08-27T10:03:51","modified_gmt":"2021-08-27T08:03:51","slug":"kilka-zdan-na-dobry-poczatek","status":"publish","type":"post","link":"https:\/\/przylep.edu.pl\/przedszkole\/2021\/08\/27\/kilka-zdan-na-dobry-poczatek\/","title":{"rendered":"Kilka zda\u0144 na dobry pocz\u0105tek"},"content":{"rendered":"\n<p>Szanowni Rodzice!<\/p>\n\n\n\n<p>Czas adaptacji w nowej grupie przedszkolnej, mo\u017ce by\u0107 trudnym okresem zar\u00f3wno dla dziecka jak i ca\u0142ej rodziny. Chcieliby\u015bmy podzieli\u0107 si\u0119 z Pa\u0144stwem wa\u017cnymi wskaz\u00f3wkami, kt\u00f3re, mamy nadziej\u0119, u\u0142atwi\u0105 Pa\u0144stwu i Pa\u0144stwa dzieciom okres adaptacji w nowym przedszkolu.<\/p>\n\n\n\n<p>Droga Mamo, Drogi Tato!<\/p>\n\n\n\n<p>Ju\u017c we wrze\u015bniu po raz pierwszy p\u00f3jd\u0119 do przedszkola.<\/p>\n\n\n\n<p>1 wrze\u015bnia zbli\u017ca si\u0119 wielkimi krokami, a Wasze dziecko rozpocznie niezwykle wa\u017cny etap w swoim \u017cyciu. To b\u0119dzie wyj\u0105tkowa chwila r\u00f3wnie\u017c dla Was. Pojawi si\u0119 wzruszenie, \u0142zy oraz stres. Te wszystkie uczucia s\u0105 normalne i ka\u017cdy Rodzic je prze\u017cywa. Pami\u0119tajcie, nie jeste\u015bcie sami. Przygotujcie na ten moment zar\u00f3wno swoje dzieci jak i siebie.<\/p>\n\n\n\n<p><strong>JAK PRZYGOTOWA\u0106 SWOJ\u0104 POCIECH\u0118 DO ROZ\u0141\u0104KI I ZASAD PANUJ\u0104CYCH W PRZEDSZKOLU?<\/strong><\/p>\n\n\n\n<ul class=\"wp-block-list\"><li>m\u00f3w pozytywnie o przedszkolu, ale nie idealizuj go zanadto.<\/li><li>przedstaw je, jako przyjemne miejsce, w kt\u00f3rym b\u0119dzie spotyka\u0142 si\u0119 z r\u00f3wie\u015bnikami i uczy\u0142 mn\u00f3stwa nowych rzeczy.<\/li><li>kupujcie razem z dzieckiem wyprawk\u0119 przysz\u0142ego przedszkolaka \u2013 je\u015bli dziecko samo wybierze kapcie, ubranka wtedy, przychodz\u0105c do przedszkola we wrze\u015bniu, b\u0119dzie mia\u0142o co\u015b swojego, co do niego nale\u017ca\u0142o wcze\u015bniej i b\u0119dzie mu \u0142atwiej.<\/li><li>przygotujcie dziecko na to, \u017ce b\u0119dzie odpoczywa\u0107 w przedszkolu.<\/li><li>uczcie dzieci poprzez zabaw\u0119 czynno\u015bci zwi\u0105zanych z samoobs\u0142ug\u0105 (zg\u0142aszanie potrzeb fizjologicznych i za\u0142atwianie ich w toalecie, mycia r\u0105czek, picia z kubeczka i pos\u0142ugiwania si\u0119 \u0142y\u017ceczk\u0105, samodzielnego jedzenia, zdj\u0119cia i za\u0142o\u017cenia kapci, cz\u0119\u015bci ubrania). S\u0105 to dla dziecka umiej\u0119tno\u015bci bardzo pomocne w codziennym \u017cyciu przedszkolnym.<\/li><\/ul>\n\n\n\n<p><strong>RADY NA PIERWSZE DNI W PRZEDSZKOLU<\/strong><\/p>\n\n\n\n<p>Rodzicu,<\/p>\n\n\n\n<ul class=\"wp-block-list\"><li>stosuj w przedszkolu kr\u00f3tkie po\u017cegnania,<\/li><li>nie okazuj dziecku w\u0142asnych rozterek zostawiaj\u0105c je w przedszkolu, (przekazujesz im wtedy swoje l\u0119ki),<\/li><li>przygotuj dla dziecka wygodny str\u00f3j do samodzielnego ubierania,<\/li><li>je\u015bli dziecko przy po\u017cegnaniu z mam\u0105 p\u0142acze, postarajcie si\u0119, \u017ceby przez kilka dni odprowadza\u0142 je do przedszkola tata (rozstanie z nim jest cz\u0119sto mniej bolesne),<\/li><li>stopniowo, wraz z rosn\u0105c\u0105 gotowo\u015bci\u0105 dziecka do pozostawania w przedszkolu przed\u0142u\u017caj jego czas pobytu                      w plac\u00f3wce,<\/li><li>dotrzymuj obietnic, np. przyjd\u0119 po obiedzie;<\/li><\/ul>\n\n\n\n<p>WYPRAWKA &nbsp;PRZEDSZKOLAKA<\/p>\n\n\n\n<p>Rodzic\u00f3w prosimy o wyposa\u017cenie dziecka w tzw. wyprawk\u0119 przedszkolaka, kt\u00f3ra powinna zawiera\u0107:<\/p>\n\n\n\n<ul class=\"wp-block-list\"><li>kapcie na zmian\u0119 \u2013 wygodne, takie by maluch m\u00f3g\u0142 je sam za\u0142o\u017cy\u0107 i zdj\u0105\u0107, oddychaj\u0105ce, z gumow\u0105 podeszw\u0105, trzymaj\u0105ce stabilnie stop\u0119 dziecka i chroni\u0105ce przed urazami.<\/li><li>komplet ubra\u0144 na zmian\u0119, czyli: sp\u00f3dnica na gumk\u0119\/spodnie, majteczki, skarpetki, ewentualnie rajstopki, T-shirt                  z kr\u00f3tkim i d\u0142ugim r\u0119kawem, rozpinana bluza lub sweter. Najwa\u017cniejsze! Wszystkie ubrania musz\u0105 by\u0107 podpisane, \u0142atwe do samodzielnego zak\u0142adania i zdejmowania<\/li><li>komplet po\u015bcieli lub poduszka i kocyk (co tydzie\u0144 b\u0119d\u0105 Pa\u0144stwo zabierali do prania).<\/li><li>na co dzie\u0144: lu\u017ane spodnie lub sp\u00f3dnica z gumk\u0105, podkoszulek, bluza dresowa lub lekki sweterek- czyli ubi\u00f3r na ,,cebulk\u0119\u201d, bez ozd\u00f3b, sznurk\u00f3w, du\u017cych guzik\u00f3w.<\/li><\/ul>\n\n\n\n<p>\u00a0\u00a0 Wszystkim Rodzicom naszych nowych przedszkolak\u00f3w \u017cyczymy spokojnych pierwszych dni. Pami\u0119tajcie Pa\u0144stwo,                \u017ce od Waszej postawy zale\u017cna jest r\u00f3wnie\u017c szybka adaptacja dzieci do warunk\u00f3w przedszkolnych. To dla dzieci du\u017ca zmiana, nowy etap \u017cycia. Nam r\u00f3wnie\u017c na tym zale\u017cy. Wsp\u00f3lnymi dzia\u0142aniami damy rad\u0119, aby dzieci w naszym przedszkolu czu\u0142y si\u0119 jak w domu.<\/p>\n\n\n\n<p>                                                                          Kadra, obs\u0142uga, dyrekcja Zespo\u0142u Szkolno-Przedszkolnego w Przylepie<\/p>\n","protected":false},"excerpt":{"rendered":"<p>Szanowni Rodzice! Czas adaptacji w nowej grupie przedszkolnej, mo\u017ce by\u0107 trudnym okresem zar\u00f3wno dla dziecka jak i ca\u0142ej rodziny. Chcieliby\u015bmy podzieli\u0107 si\u0119 z Pa\u0144stwem wa\u017cnymi wskaz\u00f3wkami, kt\u00f3re, mamy nadziej\u0119, u\u0142atwi\u0105 Pa\u0144stwu i Pa\u0144stwa dzieciom okres adaptacji w nowym przedszkolu. Droga Mamo, Drogi Tato! Ju\u017c we wrze\u015bniu po raz pierwszy p\u00f3jd\u0119 do przedszkola. 1 wrze\u015bnia zbli\u017ca [&hellip;]<\/p>\n","protected":false},"author":2,"featured_media":6582,"comment_status":"closed","ping_status":"open","sticky":false,"template":"","format":"standard","meta":{"footnotes":""},"categories":[45,40],"tags":[],"class_list":["post-6581","post","type-post","status-publish","format-standard","has-post-thumbnail","hentry","category-aktualnosci","category-strona-glowna"],"_links":{"self":[{"href":"https:\/\/przylep.edu.pl\/przedszkole\/wp-json\/wp\/v2\/posts\/6581","targetHints":{"allow":["GET"]}}],"collection":[{"href":"https:\/\/przylep.edu.pl\/przedszkole\/wp-json\/wp\/v2\/posts"}],"about":[{"href":"https:\/\/przylep.edu.pl\/przedszkole\/wp-json\/wp\/v2\/types\/post"}],"author":[{"embeddable":true,"href":"https:\/\/przylep.edu.pl\/przedszkole\/wp-json\/wp\/v2\/users\/2"}],"replies":[{"embeddable":true,"href":"https:\/\/przylep.edu.pl\/przedszkole\/wp-json\/wp\/v2\/comments?post=6581"}],"version-history":[{"count":1,"href":"https:\/\/przylep.edu.pl\/przedszkole\/wp-json\/wp\/v2\/posts\/6581\/revisions"}],"predecessor-version":[{"id":6583,"href":"https:\/\/przylep.edu.pl\/przedszkole\/wp-json\/wp\/v2\/posts\/6581\/revisions\/6583"}],"wp:featuredmedia":[{"embeddable":true,"href":"https:\/\/przylep.edu.pl\/przedszkole\/wp-json\/wp\/v2\/media\/6582"}],"wp:attachment":[{"href":"https:\/\/przylep.edu.pl\/przedszkole\/wp-json\/wp\/v2\/media?parent=6581"}],"wp:term":[{"taxonomy":"category","embeddable":true,"href":"https:\/\/przylep.edu.pl\/przedszkole\/wp-json\/wp\/v2\/categories?post=6581"},{"taxonomy":"post_tag","embeddable":true,"href":"https:\/\/przylep.edu.pl\/przedszkole\/wp-json\/wp\/v2\/tags?post=6581"}],"curies":[{"name":"wp","href":"https:\/\/api.w.org\/{rel}","templated":true}]}}