{"id":6576,"date":"2021-08-26T14:06:35","date_gmt":"2021-08-26T12:06:35","guid":{"rendered":"https:\/\/przylep.edu.pl\/przedszkole\/?p=6576"},"modified":"2021-08-27T10:04:48","modified_gmt":"2021-08-27T08:04:48","slug":"umowa-2021-2022","status":"publish","type":"post","link":"https:\/\/przylep.edu.pl\/przedszkole\/2021\/08\/26\/umowa-2021-2022\/","title":{"rendered":"Umowa 2021\/2022"},"content":{"rendered":"\n<p>Szanowni Pa\u0144stwo, poni\u017cej zamieszczono umow\u0119, kt\u00f3r\u0105 nale\u017cy pobra\u0107, wydrukowa\u0107, uzupe\u0142ni\u0107, podpisa\u0107 i dostarczy\u0107 do 1 wrze\u015bnia 2021 r.<\/p>\n\n\n\n<div class=\"wp-block-file\"><a href=\"https:\/\/przylep.edu.pl\/przedszkole\/wp-content\/uploads\/2021\/08\/UMOWA-PP-PRZYLEP-2021-2022-z-nr-konta.pdf\">UMOWA-PP-PRZYLEP-2021-2022-z-nr-konta<\/a><a href=\"https:\/\/przylep.edu.pl\/przedszkole\/wp-content\/uploads\/2021\/08\/UMOWA-PP-PRZYLEP-2021-2022-z-nr-konta.pdf\" class=\"wp-block-file__button\" download>Pobierz<\/a><\/div>\n","protected":false},"excerpt":{"rendered":"<p>Szanowni Pa\u0144stwo, poni\u017cej zamieszczono umow\u0119, kt\u00f3r\u0105 nale\u017cy pobra\u0107, wydrukowa\u0107, uzupe\u0142ni\u0107, podpisa\u0107 i dostarczy\u0107 do 1 wrze\u015bnia 2021 r.<\/p>\n","protected":false},"author":2,"featured_media":6579,"comment_status":"closed","ping_status":"open","sticky":false,"template":"","format":"standard","meta":{"footnotes":""},"categories":[45,40],"tags":[],"class_list":["post-6576","post","type-post","status-publish","format-standard","has-post-thumbnail","hentry","category-aktualnosci","category-strona-glowna"],"_links":{"self":[{"href":"https:\/\/przylep.edu.pl\/przedszkole\/wp-json\/wp\/v2\/posts\/6576","targetHints":{"allow":["GET"]}}],"collection":[{"href":"https:\/\/przylep.edu.pl\/przedszkole\/wp-json\/wp\/v2\/posts"}],"about":[{"href":"https:\/\/przylep.edu.pl\/przedszkole\/wp-json\/wp\/v2\/types\/post"}],"author":[{"embeddable":true,"href":"https:\/\/przylep.edu.pl\/przedszkole\/wp-json\/wp\/v2\/users\/2"}],"replies":[{"embeddable":true,"href":"https:\/\/przylep.edu.pl\/przedszkole\/wp-json\/wp\/v2\/comments?post=6576"}],"version-history":[{"count":2,"href":"https:\/\/przylep.edu.pl\/przedszkole\/wp-json\/wp\/v2\/posts\/6576\/revisions"}],"predecessor-version":[{"id":6580,"href":"https:\/\/przylep.edu.pl\/przedszkole\/wp-json\/wp\/v2\/posts\/6576\/revisions\/6580"}],"wp:featuredmedia":[{"embeddable":true,"href":"https:\/\/przylep.edu.pl\/przedszkole\/wp-json\/wp\/v2\/media\/6579"}],"wp:attachment":[{"href":"https:\/\/przylep.edu.pl\/przedszkole\/wp-json\/wp\/v2\/media?parent=6576"}],"wp:term":[{"taxonomy":"category","embeddable":true,"href":"https:\/\/przylep.edu.pl\/przedszkole\/wp-json\/wp\/v2\/categories?post=6576"},{"taxonomy":"post_tag","embeddable":true,"href":"https:\/\/przylep.edu.pl\/przedszkole\/wp-json\/wp\/v2\/tags?post=6576"}],"curies":[{"name":"wp","href":"https:\/\/api.w.org\/{rel}","templated":true}]}}