{"id":6570,"date":"2021-08-13T13:12:18","date_gmt":"2021-08-13T11:12:18","guid":{"rendered":"https:\/\/przylep.edu.pl\/przedszkole\/?p=6570"},"modified":"2021-08-13T13:16:13","modified_gmt":"2021-08-13T11:16:13","slug":"zajecia-adaptacyjne-2021","status":"publish","type":"post","link":"https:\/\/przylep.edu.pl\/przedszkole\/2021\/08\/13\/zajecia-adaptacyjne-2021\/","title":{"rendered":"Zaj\u0119cia adaptacyjne 2021"},"content":{"rendered":"\n<p><\/p>\n\n\n\n<p>Szanowni Pa\u0144stwo, <\/p>\n\n\n\n<p>w dniach 30-31 sierpnia (poniedzia\u0142ek i wtorek) w godzinach 15.00-17.00 odb\u0119d\u0105 si\u0119 godziny adaptacyjne.  W zwi\u0105zku z tym, \u017ce nadal mamy pandemi\u0119, zaj\u0119cia b\u0119d\u0105 si\u0119 odbywa\u0107 dla dzieci z rocznika 2018 i 2017 ( dwie grupy 3- latk\u00f3w, jedna grupa czterolatk\u00f3w) w dw\u00f3ch turach:15.00-15.45 i 16.00-16.45. Ka\u017cda grupa liczy\u0107 b\u0119dzie po 9 dzieci i 9 opiekun\u00f3w.  Informacja, kto jest w kt\u00f3rej grupie, b\u0119dzie dos\u0142ana w mailu w nast\u0119pnym tygodniu. <\/p>\n\n\n\n<p>Dzieci 5 i 6-letnie wraz z opiekunem, mog\u0105 zobaczy\u0107 swoj\u0105 sal\u0119, szatni\u0119 27 sierpnia (pi\u0105tek) w godzinach 15.00-17.00. <\/p>\n\n\n\n<p>Przypominamy, \u017ce zebranie dla nowych Rodzic\u00f3w lub Opiekun\u00f3w odb\u0119dzie si\u0119 25 sierpnia 2021 r. Informacje szczeg\u00f3\u0142owe s\u0105 we wcze\u015bniejszym po\u015bcie. Dok\u0142adne informacje zostan\u0105 dos\u0142ane mailowo.<\/p>\n\n\n\n<p><\/p>\n","protected":false},"excerpt":{"rendered":"<p>Szanowni Pa\u0144stwo, w dniach 30-31 sierpnia (poniedzia\u0142ek i wtorek) w godzinach 15.00-17.00 odb\u0119d\u0105 si\u0119 godziny adaptacyjne. W zwi\u0105zku z tym, \u017ce nadal mamy pandemi\u0119, zaj\u0119cia b\u0119d\u0105 si\u0119 odbywa\u0107 dla dzieci z rocznika 2018 i 2017 ( dwie grupy 3- latk\u00f3w, jedna grupa czterolatk\u00f3w) w dw\u00f3ch turach:15.00-15.45 i 16.00-16.45. Ka\u017cda grupa liczy\u0107 b\u0119dzie po 9 dzieci [&hellip;]<\/p>\n","protected":false},"author":2,"featured_media":6571,"comment_status":"closed","ping_status":"open","sticky":false,"template":"","format":"standard","meta":{"footnotes":""},"categories":[45,40],"tags":[],"class_list":["post-6570","post","type-post","status-publish","format-standard","has-post-thumbnail","hentry","category-aktualnosci","category-strona-glowna"],"_links":{"self":[{"href":"https:\/\/przylep.edu.pl\/przedszkole\/wp-json\/wp\/v2\/posts\/6570","targetHints":{"allow":["GET"]}}],"collection":[{"href":"https:\/\/przylep.edu.pl\/przedszkole\/wp-json\/wp\/v2\/posts"}],"about":[{"href":"https:\/\/przylep.edu.pl\/przedszkole\/wp-json\/wp\/v2\/types\/post"}],"author":[{"embeddable":true,"href":"https:\/\/przylep.edu.pl\/przedszkole\/wp-json\/wp\/v2\/users\/2"}],"replies":[{"embeddable":true,"href":"https:\/\/przylep.edu.pl\/przedszkole\/wp-json\/wp\/v2\/comments?post=6570"}],"version-history":[{"count":2,"href":"https:\/\/przylep.edu.pl\/przedszkole\/wp-json\/wp\/v2\/posts\/6570\/revisions"}],"predecessor-version":[{"id":6574,"href":"https:\/\/przylep.edu.pl\/przedszkole\/wp-json\/wp\/v2\/posts\/6570\/revisions\/6574"}],"wp:featuredmedia":[{"embeddable":true,"href":"https:\/\/przylep.edu.pl\/przedszkole\/wp-json\/wp\/v2\/media\/6571"}],"wp:attachment":[{"href":"https:\/\/przylep.edu.pl\/przedszkole\/wp-json\/wp\/v2\/media?parent=6570"}],"wp:term":[{"taxonomy":"category","embeddable":true,"href":"https:\/\/przylep.edu.pl\/przedszkole\/wp-json\/wp\/v2\/categories?post=6570"},{"taxonomy":"post_tag","embeddable":true,"href":"https:\/\/przylep.edu.pl\/przedszkole\/wp-json\/wp\/v2\/tags?post=6570"}],"curies":[{"name":"wp","href":"https:\/\/api.w.org\/{rel}","templated":true}]}}