{"id":6567,"date":"2021-08-11T15:30:27","date_gmt":"2021-08-11T13:30:27","guid":{"rendered":"https:\/\/przylep.edu.pl\/przedszkole\/?p=6567"},"modified":"2021-08-11T15:30:28","modified_gmt":"2021-08-11T13:30:28","slug":"przetarg-na-budowe-placu-zabaw","status":"publish","type":"post","link":"https:\/\/przylep.edu.pl\/przedszkole\/2021\/08\/11\/przetarg-na-budowe-placu-zabaw\/","title":{"rendered":"Przetarg na budow\u0119 placu zabaw"},"content":{"rendered":"\n<p>Zesp\u00f3\u0142 Szkolno-Przedszkolnych w Przylepie zaprasza do z\u0142o\u017cenia oferty w post\u0119powaniu o udzielenie zam\u00f3wienia publicznego w trybie podstawowym z fakultatywnymi negocjacjami pn.: \u201cBudowa placu zabaw przy ZSP w Przylepie, gmina Ko\u0142baskowo\u201d. Poni\u017cej link do prowadzonego post\u0119powania: <a href=\"https:\/\/platformazakupowa.pl\/pn\/kolbaskowo\">https:\/\/platformazakupowa.pl\/pn\/kolbaskowo<\/a><\/p>\n","protected":false},"excerpt":{"rendered":"<p>Zesp\u00f3\u0142 Szkolno-Przedszkolnych w Przylepie zaprasza do z\u0142o\u017cenia oferty w post\u0119powaniu o udzielenie zam\u00f3wienia publicznego w trybie podstawowym z fakultatywnymi negocjacjami pn.: \u201cBudowa placu zabaw przy ZSP w Przylepie, gmina Ko\u0142baskowo\u201d. Poni\u017cej link do prowadzonego post\u0119powania: https:\/\/platformazakupowa.pl\/pn\/kolbaskowo<\/p>\n","protected":false},"author":2,"featured_media":6568,"comment_status":"closed","ping_status":"open","sticky":false,"template":"","format":"standard","meta":{"footnotes":""},"categories":[45,40],"tags":[],"class_list":["post-6567","post","type-post","status-publish","format-standard","has-post-thumbnail","hentry","category-aktualnosci","category-strona-glowna"],"_links":{"self":[{"href":"https:\/\/przylep.edu.pl\/przedszkole\/wp-json\/wp\/v2\/posts\/6567","targetHints":{"allow":["GET"]}}],"collection":[{"href":"https:\/\/przylep.edu.pl\/przedszkole\/wp-json\/wp\/v2\/posts"}],"about":[{"href":"https:\/\/przylep.edu.pl\/przedszkole\/wp-json\/wp\/v2\/types\/post"}],"author":[{"embeddable":true,"href":"https:\/\/przylep.edu.pl\/przedszkole\/wp-json\/wp\/v2\/users\/2"}],"replies":[{"embeddable":true,"href":"https:\/\/przylep.edu.pl\/przedszkole\/wp-json\/wp\/v2\/comments?post=6567"}],"version-history":[{"count":1,"href":"https:\/\/przylep.edu.pl\/przedszkole\/wp-json\/wp\/v2\/posts\/6567\/revisions"}],"predecessor-version":[{"id":6569,"href":"https:\/\/przylep.edu.pl\/przedszkole\/wp-json\/wp\/v2\/posts\/6567\/revisions\/6569"}],"wp:featuredmedia":[{"embeddable":true,"href":"https:\/\/przylep.edu.pl\/przedszkole\/wp-json\/wp\/v2\/media\/6568"}],"wp:attachment":[{"href":"https:\/\/przylep.edu.pl\/przedszkole\/wp-json\/wp\/v2\/media?parent=6567"}],"wp:term":[{"taxonomy":"category","embeddable":true,"href":"https:\/\/przylep.edu.pl\/przedszkole\/wp-json\/wp\/v2\/categories?post=6567"},{"taxonomy":"post_tag","embeddable":true,"href":"https:\/\/przylep.edu.pl\/przedszkole\/wp-json\/wp\/v2\/tags?post=6567"}],"curies":[{"name":"wp","href":"https:\/\/api.w.org\/{rel}","templated":true}]}}