{"id":6563,"date":"2021-08-09T12:41:49","date_gmt":"2021-08-09T10:41:49","guid":{"rendered":"https:\/\/przylep.edu.pl\/przedszkole\/?p=6563"},"modified":"2021-08-09T12:41:50","modified_gmt":"2021-08-09T10:41:50","slug":"25-sierpnia-2021-r-spotkanie-organizacyjne","status":"publish","type":"post","link":"https:\/\/przylep.edu.pl\/przedszkole\/2021\/08\/09\/25-sierpnia-2021-r-spotkanie-organizacyjne\/","title":{"rendered":"25 sierpnia 2021 r. Spotkanie organizacyjne"},"content":{"rendered":"\n<p><\/p>\n\n\n\n<p><\/p>\n\n\n\n<p>Szanowni Pa\u0144stwo,<\/p>\n\n\n\n<p>25 sierpnia (\u015broda) w godzinach 17.00-20.00 odb\u0119dzie si\u0119 spotkanie kadry, obs\u0142ugi, p. dyrektor z Rodzicami dzieci przyj\u0119tych do naszej plac\u00f3wki w roku szkolnym 2021\/2022 wed\u0142ug nast\u0119puj\u0105cego harmonogramu: <\/p>\n\n\n\n<p>Grupa 3-latk\u00f3w (szara) 17.00-17.30<\/p>\n\n\n\n<p>grupa 3-latk\u00f3w (pomara\u0144czowa) 17.35-18.05<\/p>\n\n\n\n<p>grupa 4-latk\u00f3w  18.10-18.40 <\/p>\n\n\n\n<p>grupa 5-latk\u00f3w 18.45-19.15<\/p>\n\n\n\n<p>grupa 6-latk\u00f3w 19.20-19.50<\/p>\n\n\n\n<p>Podczas zebrania obowi\u0105zuj\u0105 zasady bezpiecze\u0144stwa zwi\u0105zane z zapobieganiem rozprzestrzeniania si\u0119 Covid-19: dezynfekcja d\u0142oni i maseczki zas\u0142aniaj\u0105ce usta i nos.<\/p>\n\n\n\n<p>W tygodniu poprzedzaj\u0105cym zebranie- otrzymaj\u0105 Pa\u0144stwo maila przypominaj\u0105cego, z konkretn\u0105 godzin\u0105 przyj\u015bcia. <\/p>\n\n\n\n<p>Zapraszamy<\/p>\n\n\n\n<p><\/p>\n","protected":false},"excerpt":{"rendered":"<p>Szanowni Pa\u0144stwo, 25 sierpnia (\u015broda) w godzinach 17.00-20.00 odb\u0119dzie si\u0119 spotkanie kadry, obs\u0142ugi, p. dyrektor z Rodzicami dzieci przyj\u0119tych do naszej plac\u00f3wki w roku szkolnym 2021\/2022 wed\u0142ug nast\u0119puj\u0105cego harmonogramu: Grupa 3-latk\u00f3w (szara) 17.00-17.30 grupa 3-latk\u00f3w (pomara\u0144czowa) 17.35-18.05 grupa 4-latk\u00f3w 18.10-18.40 grupa 5-latk\u00f3w 18.45-19.15 grupa 6-latk\u00f3w 19.20-19.50 Podczas zebrania obowi\u0105zuj\u0105 zasady bezpiecze\u0144stwa zwi\u0105zane z zapobieganiem rozprzestrzeniania [&hellip;]<\/p>\n","protected":false},"author":2,"featured_media":6564,"comment_status":"closed","ping_status":"open","sticky":false,"template":"","format":"standard","meta":{"footnotes":""},"categories":[45,40],"tags":[],"class_list":["post-6563","post","type-post","status-publish","format-standard","has-post-thumbnail","hentry","category-aktualnosci","category-strona-glowna"],"_links":{"self":[{"href":"https:\/\/przylep.edu.pl\/przedszkole\/wp-json\/wp\/v2\/posts\/6563","targetHints":{"allow":["GET"]}}],"collection":[{"href":"https:\/\/przylep.edu.pl\/przedszkole\/wp-json\/wp\/v2\/posts"}],"about":[{"href":"https:\/\/przylep.edu.pl\/przedszkole\/wp-json\/wp\/v2\/types\/post"}],"author":[{"embeddable":true,"href":"https:\/\/przylep.edu.pl\/przedszkole\/wp-json\/wp\/v2\/users\/2"}],"replies":[{"embeddable":true,"href":"https:\/\/przylep.edu.pl\/przedszkole\/wp-json\/wp\/v2\/comments?post=6563"}],"version-history":[{"count":2,"href":"https:\/\/przylep.edu.pl\/przedszkole\/wp-json\/wp\/v2\/posts\/6563\/revisions"}],"predecessor-version":[{"id":6566,"href":"https:\/\/przylep.edu.pl\/przedszkole\/wp-json\/wp\/v2\/posts\/6563\/revisions\/6566"}],"wp:featuredmedia":[{"embeddable":true,"href":"https:\/\/przylep.edu.pl\/przedszkole\/wp-json\/wp\/v2\/media\/6564"}],"wp:attachment":[{"href":"https:\/\/przylep.edu.pl\/przedszkole\/wp-json\/wp\/v2\/media?parent=6563"}],"wp:term":[{"taxonomy":"category","embeddable":true,"href":"https:\/\/przylep.edu.pl\/przedszkole\/wp-json\/wp\/v2\/categories?post=6563"},{"taxonomy":"post_tag","embeddable":true,"href":"https:\/\/przylep.edu.pl\/przedszkole\/wp-json\/wp\/v2\/tags?post=6563"}],"curies":[{"name":"wp","href":"https:\/\/api.w.org\/{rel}","templated":true}]}}