{"id":6558,"date":"2021-06-24T14:55:02","date_gmt":"2021-06-24T12:55:02","guid":{"rendered":"https:\/\/przylep.edu.pl\/przedszkole\/?p=6558"},"modified":"2021-06-24T14:55:03","modified_gmt":"2021-06-24T12:55:03","slug":"zakonczenie-roku-szkolno-przedszkolnego-w-przylepie","status":"publish","type":"post","link":"https:\/\/przylep.edu.pl\/przedszkole\/2021\/06\/24\/zakonczenie-roku-szkolno-przedszkolnego-w-przylepie\/","title":{"rendered":"Zako\u0144czenie Roku Szkolno-Przedszkolnego w Przylepie"},"content":{"rendered":"\n<p>25 czerwca w ca\u0142ej Polsce ko\u0144czy si\u0119 rok szkolno-przedszkolny. Dla dzieci rozpoczynaj\u0105 si\u0119 wakacje.<\/p>\n\n\n\n<p> \u017bycz\u0119 wszystkim bezpiecznych wakacji. Fantastycznych przyg\u00f3d. Wielu chwil z mam\u0105 i tat\u0105. Nowych koleg\u00f3w i kole\u017canek. <\/p>\n\n\n\n<p>Rodzicom, w imieniu swoim, kadry pedagogicznej, pracownik\u00f3w obs\u0142ugi i administracji, dzi\u0119kuj\u0119 za ten rok wsp\u00f3\u0142pracy, za s\u0142owa wsparcia, u\u015bmiechy, aktywno\u015b\u0107 spo\u0142eczn\u0105, dzia\u0142ania dla dobra plac\u00f3wki. Mam nadziej\u0119, \u017ce w przysz\u0142ym roku wsp\u00f3lne nasze projekty przynios\u0105 podobne, a nawet lepsze efekty. <\/p>\n\n\n\n<p class=\"has-text-align-right\">Dobrych wakacji dla Ma\u0142ych i Du\u017cych!<\/p>\n\n\n\n<p class=\"has-text-align-right\">Z wakacyjnymi pozdrowieniami<\/p>\n\n\n\n<p class=\"has-text-align-right\">dyrektor Iwona Wierzbicka<\/p>\n","protected":false},"excerpt":{"rendered":"<p>25 czerwca w ca\u0142ej Polsce ko\u0144czy si\u0119 rok szkolno-przedszkolny. Dla dzieci rozpoczynaj\u0105 si\u0119 wakacje. \u017bycz\u0119 wszystkim bezpiecznych wakacji. Fantastycznych przyg\u00f3d. Wielu chwil z mam\u0105 i tat\u0105. Nowych koleg\u00f3w i kole\u017canek. Rodzicom, w imieniu swoim, kadry pedagogicznej, pracownik\u00f3w obs\u0142ugi i administracji, dzi\u0119kuj\u0119 za ten rok wsp\u00f3\u0142pracy, za s\u0142owa wsparcia, u\u015bmiechy, aktywno\u015b\u0107 spo\u0142eczn\u0105, dzia\u0142ania dla dobra plac\u00f3wki. [&hellip;]<\/p>\n","protected":false},"author":2,"featured_media":6559,"comment_status":"closed","ping_status":"open","sticky":false,"template":"","format":"standard","meta":{"footnotes":""},"categories":[45,40],"tags":[],"class_list":["post-6558","post","type-post","status-publish","format-standard","has-post-thumbnail","hentry","category-aktualnosci","category-strona-glowna"],"_links":{"self":[{"href":"https:\/\/przylep.edu.pl\/przedszkole\/wp-json\/wp\/v2\/posts\/6558","targetHints":{"allow":["GET"]}}],"collection":[{"href":"https:\/\/przylep.edu.pl\/przedszkole\/wp-json\/wp\/v2\/posts"}],"about":[{"href":"https:\/\/przylep.edu.pl\/przedszkole\/wp-json\/wp\/v2\/types\/post"}],"author":[{"embeddable":true,"href":"https:\/\/przylep.edu.pl\/przedszkole\/wp-json\/wp\/v2\/users\/2"}],"replies":[{"embeddable":true,"href":"https:\/\/przylep.edu.pl\/przedszkole\/wp-json\/wp\/v2\/comments?post=6558"}],"version-history":[{"count":1,"href":"https:\/\/przylep.edu.pl\/przedszkole\/wp-json\/wp\/v2\/posts\/6558\/revisions"}],"predecessor-version":[{"id":6560,"href":"https:\/\/przylep.edu.pl\/przedszkole\/wp-json\/wp\/v2\/posts\/6558\/revisions\/6560"}],"wp:featuredmedia":[{"embeddable":true,"href":"https:\/\/przylep.edu.pl\/przedszkole\/wp-json\/wp\/v2\/media\/6559"}],"wp:attachment":[{"href":"https:\/\/przylep.edu.pl\/przedszkole\/wp-json\/wp\/v2\/media?parent=6558"}],"wp:term":[{"taxonomy":"category","embeddable":true,"href":"https:\/\/przylep.edu.pl\/przedszkole\/wp-json\/wp\/v2\/categories?post=6558"},{"taxonomy":"post_tag","embeddable":true,"href":"https:\/\/przylep.edu.pl\/przedszkole\/wp-json\/wp\/v2\/tags?post=6558"}],"curies":[{"name":"wp","href":"https:\/\/api.w.org\/{rel}","templated":true}]}}