{"id":6537,"date":"2021-06-07T22:14:00","date_gmt":"2021-06-07T20:14:00","guid":{"rendered":"https:\/\/przylep.edu.pl\/przedszkole\/?p=6537"},"modified":"2021-06-21T21:42:01","modified_gmt":"2021-06-21T19:42:01","slug":"zajecia-gordonowskie-u-poszukiwaczy","status":"publish","type":"post","link":"https:\/\/przylep.edu.pl\/przedszkole\/2021\/06\/07\/zajecia-gordonowskie-u-poszukiwaczy\/","title":{"rendered":"Zaj\u0119cia Gordonowskie  u Poszukiwaczy"},"content":{"rendered":"\n<p>Przedszkolaki z grupy Poszukiwaczy mia\u0142y dwukrotnie mo\u017cliwo\u015b\u0107 uczestniczenia w zaj\u0119ciach gordonowskich prowadzonych przez student\u00f3w z Akademii Sztuki w Szczecinie. Studenci prowadz\u0105cy zaj\u0119cia pi\u0119knie \u015bpiewali, grali na r\u00f3\u017cnych instrumentach.  Prowadzili  zabaw\u0119 przy u\u017cyciu r\u00f3\u017cnych atrakcyjnych dla dzieci akcesori\u00f3w. Dzieci uwielbiaj\u0105 zabawy przy muzyce, kt\u00f3ra wyj\u0105tkowo stymuluje rozw\u00f3j m\u00f3zgu.<\/p>\n\n\n\n<figure class=\"wp-block-gallery columns-3 is-cropped wp-block-gallery-1 is-layout-flex wp-block-gallery-is-layout-flex\"><ul class=\"blocks-gallery-grid\"><li class=\"blocks-gallery-item\"><figure><img decoding=\"async\" src=\"https:\/\/przylep.edu.pl\/przedszkole\/wp-content\/uploads\/2021\/06\/20210510_101456.jpg\" alt=\"\" data-id=\"6538\" data-full-url=\"https:\/\/przylep.edu.pl\/przedszkole\/wp-content\/uploads\/2021\/06\/20210510_101456.jpg\" data-link=\"https:\/\/przylep.edu.pl\/przedszkole\/?attachment_id=6538\" class=\"wp-image-6538\" \/><\/figure><\/li><li class=\"blocks-gallery-item\"><figure><img decoding=\"async\" src=\"https:\/\/przylep.edu.pl\/przedszkole\/wp-content\/uploads\/2021\/06\/20210510_103411.jpg\" alt=\"\" data-id=\"6539\" data-full-url=\"https:\/\/przylep.edu.pl\/przedszkole\/wp-content\/uploads\/2021\/06\/20210510_103411.jpg\" data-link=\"https:\/\/przylep.edu.pl\/przedszkole\/?attachment_id=6539\" class=\"wp-image-6539\" \/><\/figure><\/li><li class=\"blocks-gallery-item\"><figure><img decoding=\"async\" src=\"https:\/\/przylep.edu.pl\/przedszkole\/wp-content\/uploads\/2021\/06\/196581033_4064258066955844_7965901591303230779_n.jpg\" alt=\"\" data-id=\"6540\" data-full-url=\"https:\/\/przylep.edu.pl\/przedszkole\/wp-content\/uploads\/2021\/06\/196581033_4064258066955844_7965901591303230779_n.jpg\" data-link=\"https:\/\/przylep.edu.pl\/przedszkole\/?attachment_id=6540\" class=\"wp-image-6540\" \/><\/figure><\/li><li class=\"blocks-gallery-item\"><figure><img decoding=\"async\" src=\"https:\/\/przylep.edu.pl\/przedszkole\/wp-content\/uploads\/2021\/06\/198769757_4064257713622546_4845522845831650624_n.jpg\" alt=\"\" data-id=\"6541\" data-full-url=\"https:\/\/przylep.edu.pl\/przedszkole\/wp-content\/uploads\/2021\/06\/198769757_4064257713622546_4845522845831650624_n.jpg\" data-link=\"https:\/\/przylep.edu.pl\/przedszkole\/?attachment_id=6541\" class=\"wp-image-6541\" \/><\/figure><\/li><\/ul><\/figure>\n","protected":false},"excerpt":{"rendered":"<p>Przedszkolaki z grupy Poszukiwaczy mia\u0142y dwukrotnie mo\u017cliwo\u015b\u0107 uczestniczenia w zaj\u0119ciach gordonowskich prowadzonych przez student\u00f3w z Akademii Sztuki w Szczecinie. Studenci prowadz\u0105cy zaj\u0119cia pi\u0119knie \u015bpiewali, grali na r\u00f3\u017cnych instrumentach. Prowadzili zabaw\u0119 przy u\u017cyciu r\u00f3\u017cnych atrakcyjnych dla dzieci akcesori\u00f3w. Dzieci uwielbiaj\u0105 zabawy przy muzyce, kt\u00f3ra wyj\u0105tkowo stymuluje rozw\u00f3j m\u00f3zgu.<\/p>\n","protected":false},"author":2,"featured_media":6542,"comment_status":"closed","ping_status":"open","sticky":false,"template":"","format":"standard","meta":{"footnotes":""},"categories":[45,43],"tags":[],"class_list":["post-6537","post","type-post","status-publish","format-standard","has-post-thumbnail","hentry","category-aktualnosci","category-limonkowa"],"_links":{"self":[{"href":"https:\/\/przylep.edu.pl\/przedszkole\/wp-json\/wp\/v2\/posts\/6537","targetHints":{"allow":["GET"]}}],"collection":[{"href":"https:\/\/przylep.edu.pl\/przedszkole\/wp-json\/wp\/v2\/posts"}],"about":[{"href":"https:\/\/przylep.edu.pl\/przedszkole\/wp-json\/wp\/v2\/types\/post"}],"author":[{"embeddable":true,"href":"https:\/\/przylep.edu.pl\/przedszkole\/wp-json\/wp\/v2\/users\/2"}],"replies":[{"embeddable":true,"href":"https:\/\/przylep.edu.pl\/przedszkole\/wp-json\/wp\/v2\/comments?post=6537"}],"version-history":[{"count":3,"href":"https:\/\/przylep.edu.pl\/przedszkole\/wp-json\/wp\/v2\/posts\/6537\/revisions"}],"predecessor-version":[{"id":6549,"href":"https:\/\/przylep.edu.pl\/przedszkole\/wp-json\/wp\/v2\/posts\/6537\/revisions\/6549"}],"wp:featuredmedia":[{"embeddable":true,"href":"https:\/\/przylep.edu.pl\/przedszkole\/wp-json\/wp\/v2\/media\/6542"}],"wp:attachment":[{"href":"https:\/\/przylep.edu.pl\/przedszkole\/wp-json\/wp\/v2\/media?parent=6537"}],"wp:term":[{"taxonomy":"category","embeddable":true,"href":"https:\/\/przylep.edu.pl\/przedszkole\/wp-json\/wp\/v2\/categories?post=6537"},{"taxonomy":"post_tag","embeddable":true,"href":"https:\/\/przylep.edu.pl\/przedszkole\/wp-json\/wp\/v2\/tags?post=6537"}],"curies":[{"name":"wp","href":"https:\/\/api.w.org\/{rel}","templated":true}]}}