{"id":6506,"date":"2021-06-14T18:46:00","date_gmt":"2021-06-14T16:46:00","guid":{"rendered":"https:\/\/przylep.edu.pl\/przedszkole\/?p=6506"},"modified":"2021-06-21T22:16:24","modified_gmt":"2021-06-21T20:16:24","slug":"dzien-kibica","status":"publish","type":"post","link":"https:\/\/przylep.edu.pl\/przedszkole\/2021\/06\/14\/dzien-kibica\/","title":{"rendered":"Dzie\u0144 Kibica"},"content":{"rendered":"\n<p>C\u00f3\u017c za emocje towarzyszy\u0142y nam podczas dzisiejszego przedpo\u0142udnia! Nasze przedszkolaki przysz\u0142y ubrane w bia\u0142o-czerwone barwy&#8230;a  to wszystko za spraw\u0105 naszego\u00a0<strong>&#8222;Dnia Kibica&#8221;\u00a0<\/strong>organizowanego w dniu dzisiejszym. Data nie by\u0142a przypadkowa &#8211; to w\u0142a\u015bnie dzi\u015b reprezentanci naszego kraju zmierzyli si\u0119 z przedstawicielami S\u0142owacji! A my wspomagali\u015bmy ich jak tylko mogli\u015bmy i udowodnili\u015bmy, \u017ce jeste\u015bmy prawdziwymi kibicami, bez wzgl\u0119du na wynik meczu.  Nasze Przedszkolaki przedpo\u0142udnie sp\u0119dzi\u0142y na grach i zabawach z pi\u0142k\u0105, kibicuj\u0105c swoim kole\u017cankom i kolegom. To by\u0142 pi\u0119kny bia\u0142o-czerwony Dzie\u0144!!!<\/p>\n\n\n\n<figure class=\"wp-block-gallery columns-3 is-cropped wp-block-gallery-1 is-layout-flex wp-block-gallery-is-layout-flex\"><ul class=\"blocks-gallery-grid\"><li class=\"blocks-gallery-item\"><figure><img loading=\"lazy\" decoding=\"async\" width=\"720\" height=\"960\" src=\"https:\/\/przylep.edu.pl\/przedszkole\/wp-content\/uploads\/2021\/06\/131356043_4083298151718502_218589463081391395_n.jpg\" alt=\"\" data-id=\"6507\" data-full-url=\"https:\/\/przylep.edu.pl\/przedszkole\/wp-content\/uploads\/2021\/06\/131356043_4083298151718502_218589463081391395_n.jpg\" data-link=\"https:\/\/przylep.edu.pl\/przedszkole\/?attachment_id=6507\" class=\"wp-image-6507\" srcset=\"https:\/\/przylep.edu.pl\/przedszkole\/wp-content\/uploads\/2021\/06\/131356043_4083298151718502_218589463081391395_n.jpg 720w, https:\/\/przylep.edu.pl\/przedszkole\/wp-content\/uploads\/2021\/06\/131356043_4083298151718502_218589463081391395_n-225x300.jpg 225w\" sizes=\"auto, (max-width: 720px) 100vw, 720px\" \/><\/figure><\/li><li class=\"blocks-gallery-item\"><figure><img loading=\"lazy\" decoding=\"async\" width=\"960\" height=\"720\" src=\"https:\/\/przylep.edu.pl\/przedszkole\/wp-content\/uploads\/2021\/06\/132041568_4083297441718573_1292490585168290024_n.jpg\" alt=\"\" data-id=\"6508\" data-full-url=\"https:\/\/przylep.edu.pl\/przedszkole\/wp-content\/uploads\/2021\/06\/132041568_4083297441718573_1292490585168290024_n.jpg\" data-link=\"https:\/\/przylep.edu.pl\/przedszkole\/?attachment_id=6508\" class=\"wp-image-6508\" srcset=\"https:\/\/przylep.edu.pl\/przedszkole\/wp-content\/uploads\/2021\/06\/132041568_4083297441718573_1292490585168290024_n.jpg 960w, https:\/\/przylep.edu.pl\/przedszkole\/wp-content\/uploads\/2021\/06\/132041568_4083297441718573_1292490585168290024_n-300x225.jpg 300w, https:\/\/przylep.edu.pl\/przedszkole\/wp-content\/uploads\/2021\/06\/132041568_4083297441718573_1292490585168290024_n-768x576.jpg 768w, https:\/\/przylep.edu.pl\/przedszkole\/wp-content\/uploads\/2021\/06\/132041568_4083297441718573_1292490585168290024_n-600x450.jpg 600w\" sizes=\"auto, (max-width: 960px) 100vw, 960px\" \/><\/figure><\/li><li class=\"blocks-gallery-item\"><figure><img loading=\"lazy\" decoding=\"async\" width=\"960\" height=\"720\" src=\"https:\/\/przylep.edu.pl\/przedszkole\/wp-content\/uploads\/2021\/06\/199371849_4083304655051185_112801348044891519_n.jpg\" alt=\"\" data-id=\"6509\" data-full-url=\"https:\/\/przylep.edu.pl\/przedszkole\/wp-content\/uploads\/2021\/06\/199371849_4083304655051185_112801348044891519_n.jpg\" data-link=\"https:\/\/przylep.edu.pl\/przedszkole\/?attachment_id=6509\" class=\"wp-image-6509\" srcset=\"https:\/\/przylep.edu.pl\/przedszkole\/wp-content\/uploads\/2021\/06\/199371849_4083304655051185_112801348044891519_n.jpg 960w, https:\/\/przylep.edu.pl\/przedszkole\/wp-content\/uploads\/2021\/06\/199371849_4083304655051185_112801348044891519_n-300x225.jpg 300w, https:\/\/przylep.edu.pl\/przedszkole\/wp-content\/uploads\/2021\/06\/199371849_4083304655051185_112801348044891519_n-768x576.jpg 768w, https:\/\/przylep.edu.pl\/przedszkole\/wp-content\/uploads\/2021\/06\/199371849_4083304655051185_112801348044891519_n-600x450.jpg 600w\" sizes=\"auto, (max-width: 960px) 100vw, 960px\" \/><\/figure><\/li><li class=\"blocks-gallery-item\"><figure><img loading=\"lazy\" decoding=\"async\" width=\"720\" height=\"960\" src=\"https:\/\/przylep.edu.pl\/przedszkole\/wp-content\/uploads\/2021\/06\/200997449_4083298085051842_6367524881365812405_n.jpg\" alt=\"\" data-id=\"6510\" data-full-url=\"https:\/\/przylep.edu.pl\/przedszkole\/wp-content\/uploads\/2021\/06\/200997449_4083298085051842_6367524881365812405_n.jpg\" data-link=\"https:\/\/przylep.edu.pl\/przedszkole\/?attachment_id=6510\" class=\"wp-image-6510\" srcset=\"https:\/\/przylep.edu.pl\/przedszkole\/wp-content\/uploads\/2021\/06\/200997449_4083298085051842_6367524881365812405_n.jpg 720w, https:\/\/przylep.edu.pl\/przedszkole\/wp-content\/uploads\/2021\/06\/200997449_4083298085051842_6367524881365812405_n-225x300.jpg 225w\" sizes=\"auto, (max-width: 720px) 100vw, 720px\" \/><\/figure><\/li><li class=\"blocks-gallery-item\"><figure><img loading=\"lazy\" decoding=\"async\" width=\"960\" height=\"720\" src=\"https:\/\/przylep.edu.pl\/przedszkole\/wp-content\/uploads\/2021\/06\/202106662_4083304225051228_2614845254191524369_n.jpg\" alt=\"\" data-id=\"6511\" data-full-url=\"https:\/\/przylep.edu.pl\/przedszkole\/wp-content\/uploads\/2021\/06\/202106662_4083304225051228_2614845254191524369_n.jpg\" data-link=\"https:\/\/przylep.edu.pl\/przedszkole\/?attachment_id=6511\" class=\"wp-image-6511\" srcset=\"https:\/\/przylep.edu.pl\/przedszkole\/wp-content\/uploads\/2021\/06\/202106662_4083304225051228_2614845254191524369_n.jpg 960w, https:\/\/przylep.edu.pl\/przedszkole\/wp-content\/uploads\/2021\/06\/202106662_4083304225051228_2614845254191524369_n-300x225.jpg 300w, https:\/\/przylep.edu.pl\/przedszkole\/wp-content\/uploads\/2021\/06\/202106662_4083304225051228_2614845254191524369_n-768x576.jpg 768w, https:\/\/przylep.edu.pl\/przedszkole\/wp-content\/uploads\/2021\/06\/202106662_4083304225051228_2614845254191524369_n-600x450.jpg 600w\" sizes=\"auto, (max-width: 960px) 100vw, 960px\" \/><\/figure><\/li><\/ul><\/figure>\n","protected":false},"excerpt":{"rendered":"<p>C\u00f3\u017c za emocje towarzyszy\u0142y nam podczas dzisiejszego przedpo\u0142udnia! Nasze przedszkolaki przysz\u0142y ubrane w bia\u0142o-czerwone barwy&#8230;a to wszystko za spraw\u0105 naszego\u00a0&#8222;Dnia Kibica&#8221;\u00a0organizowanego w dniu dzisiejszym. Data nie by\u0142a przypadkowa &#8211; to w\u0142a\u015bnie dzi\u015b reprezentanci naszego kraju zmierzyli si\u0119 z przedstawicielami S\u0142owacji! A my wspomagali\u015bmy ich jak tylko mogli\u015bmy i udowodnili\u015bmy, \u017ce jeste\u015bmy prawdziwymi kibicami, bez wzgl\u0119du [&hellip;]<\/p>\n","protected":false},"author":2,"featured_media":6512,"comment_status":"closed","ping_status":"open","sticky":false,"template":"","format":"standard","meta":{"footnotes":""},"categories":[45,43,42,44,40],"tags":[],"class_list":["post-6506","post","type-post","status-publish","format-standard","has-post-thumbnail","hentry","category-aktualnosci","category-limonkowa","category-niebieska","category-zolta","category-strona-glowna"],"_links":{"self":[{"href":"https:\/\/przylep.edu.pl\/przedszkole\/wp-json\/wp\/v2\/posts\/6506","targetHints":{"allow":["GET"]}}],"collection":[{"href":"https:\/\/przylep.edu.pl\/przedszkole\/wp-json\/wp\/v2\/posts"}],"about":[{"href":"https:\/\/przylep.edu.pl\/przedszkole\/wp-json\/wp\/v2\/types\/post"}],"author":[{"embeddable":true,"href":"https:\/\/przylep.edu.pl\/przedszkole\/wp-json\/wp\/v2\/users\/2"}],"replies":[{"embeddable":true,"href":"https:\/\/przylep.edu.pl\/przedszkole\/wp-json\/wp\/v2\/comments?post=6506"}],"version-history":[{"count":2,"href":"https:\/\/przylep.edu.pl\/przedszkole\/wp-json\/wp\/v2\/posts\/6506\/revisions"}],"predecessor-version":[{"id":6553,"href":"https:\/\/przylep.edu.pl\/przedszkole\/wp-json\/wp\/v2\/posts\/6506\/revisions\/6553"}],"wp:featuredmedia":[{"embeddable":true,"href":"https:\/\/przylep.edu.pl\/przedszkole\/wp-json\/wp\/v2\/media\/6512"}],"wp:attachment":[{"href":"https:\/\/przylep.edu.pl\/przedszkole\/wp-json\/wp\/v2\/media?parent=6506"}],"wp:term":[{"taxonomy":"category","embeddable":true,"href":"https:\/\/przylep.edu.pl\/przedszkole\/wp-json\/wp\/v2\/categories?post=6506"},{"taxonomy":"post_tag","embeddable":true,"href":"https:\/\/przylep.edu.pl\/przedszkole\/wp-json\/wp\/v2\/tags?post=6506"}],"curies":[{"name":"wp","href":"https:\/\/api.w.org\/{rel}","templated":true}]}}