{"id":6494,"date":"2021-06-01T09:50:00","date_gmt":"2021-06-01T07:50:00","guid":{"rendered":"https:\/\/przylep.edu.pl\/przedszkole\/?p=6494"},"modified":"2021-06-21T21:43:54","modified_gmt":"2021-06-21T19:43:54","slug":"dzien-dziecka-u-poszukiwaczy","status":"publish","type":"post","link":"https:\/\/przylep.edu.pl\/przedszkole\/2021\/06\/01\/dzien-dziecka-u-poszukiwaczy\/","title":{"rendered":"Dzie\u0144 Dziecka u Poszukiwaczy"},"content":{"rendered":"\n<p>Dzie\u0144 Dziecka to jeden z najrado\u015bniejszych dni, na kt\u00f3ry czekaj\u0105 wszystkie przedszkolaki. W tym dniu dzieci czuj\u0105 si\u0119 wyj\u0105tkowo, a wszyscy doro\u015bli chc\u0105 im sprawi\u0107 rado\u015b\u0107. Dzi\u0119ki sprzyjaj\u0105cej pogodzie mogli\u015bmy zorganizowa\u0107 go w ogrodzie przedszkolnym, gdzie na dzieci czeka\u0142o wiele atrakcji. Nasi wychowankowie bawili si\u0119, maluj\u0105c na prze\u015bcieradle, przechodz\u0105c \u015bcie\u017ck\u0105 sensoryczn\u0105. Wielkim prezentem by\u0142y zabawki wodne, kt\u00f3re wywo\u0142a\u0142y wielkie u\u015bmiechy na twarzach Naszych dzieci. <\/p>\n\n\n\n<figure class=\"wp-block-gallery columns-3 is-cropped wp-block-gallery-1 is-layout-flex wp-block-gallery-is-layout-flex\"><ul class=\"blocks-gallery-grid\"><li class=\"blocks-gallery-item\"><figure><img loading=\"lazy\" decoding=\"async\" width=\"720\" height=\"960\" src=\"https:\/\/przylep.edu.pl\/przedszkole\/wp-content\/uploads\/2021\/06\/193722051_4047221755326142_5206955486869561278_n.jpg\" alt=\"\" data-id=\"6495\" data-full-url=\"https:\/\/przylep.edu.pl\/przedszkole\/wp-content\/uploads\/2021\/06\/193722051_4047221755326142_5206955486869561278_n.jpg\" data-link=\"https:\/\/przylep.edu.pl\/przedszkole\/?attachment_id=6495\" class=\"wp-image-6495\" srcset=\"https:\/\/przylep.edu.pl\/przedszkole\/wp-content\/uploads\/2021\/06\/193722051_4047221755326142_5206955486869561278_n.jpg 720w, https:\/\/przylep.edu.pl\/przedszkole\/wp-content\/uploads\/2021\/06\/193722051_4047221755326142_5206955486869561278_n-225x300.jpg 225w\" sizes=\"auto, (max-width: 720px) 100vw, 720px\" \/><\/figure><\/li><li class=\"blocks-gallery-item\"><figure><img loading=\"lazy\" decoding=\"async\" width=\"720\" height=\"960\" src=\"https:\/\/przylep.edu.pl\/przedszkole\/wp-content\/uploads\/2021\/06\/193954785_4047211528660498_5677463254861714482_n.jpg\" alt=\"\" data-id=\"6496\" data-full-url=\"https:\/\/przylep.edu.pl\/przedszkole\/wp-content\/uploads\/2021\/06\/193954785_4047211528660498_5677463254861714482_n.jpg\" data-link=\"https:\/\/przylep.edu.pl\/przedszkole\/?attachment_id=6496\" class=\"wp-image-6496\" srcset=\"https:\/\/przylep.edu.pl\/przedszkole\/wp-content\/uploads\/2021\/06\/193954785_4047211528660498_5677463254861714482_n.jpg 720w, https:\/\/przylep.edu.pl\/przedszkole\/wp-content\/uploads\/2021\/06\/193954785_4047211528660498_5677463254861714482_n-225x300.jpg 225w\" sizes=\"auto, (max-width: 720px) 100vw, 720px\" \/><\/figure><\/li><li class=\"blocks-gallery-item\"><figure><img loading=\"lazy\" decoding=\"async\" width=\"720\" height=\"960\" src=\"https:\/\/przylep.edu.pl\/przedszkole\/wp-content\/uploads\/2021\/06\/194399074_4047224311992553_3923761555128292705_n.jpg\" alt=\"\" data-id=\"6497\" data-full-url=\"https:\/\/przylep.edu.pl\/przedszkole\/wp-content\/uploads\/2021\/06\/194399074_4047224311992553_3923761555128292705_n.jpg\" data-link=\"https:\/\/przylep.edu.pl\/przedszkole\/?attachment_id=6497\" class=\"wp-image-6497\" srcset=\"https:\/\/przylep.edu.pl\/przedszkole\/wp-content\/uploads\/2021\/06\/194399074_4047224311992553_3923761555128292705_n.jpg 720w, https:\/\/przylep.edu.pl\/przedszkole\/wp-content\/uploads\/2021\/06\/194399074_4047224311992553_3923761555128292705_n-225x300.jpg 225w\" sizes=\"auto, (max-width: 720px) 100vw, 720px\" \/><\/figure><\/li><li class=\"blocks-gallery-item\"><figure><img loading=\"lazy\" decoding=\"async\" width=\"720\" height=\"960\" src=\"https:\/\/przylep.edu.pl\/przedszkole\/wp-content\/uploads\/2021\/06\/194815809_4047222461992738_1785898284260182426_n.jpg\" alt=\"\" data-id=\"6500\" data-full-url=\"https:\/\/przylep.edu.pl\/przedszkole\/wp-content\/uploads\/2021\/06\/194815809_4047222461992738_1785898284260182426_n.jpg\" data-link=\"https:\/\/przylep.edu.pl\/przedszkole\/?attachment_id=6500\" class=\"wp-image-6500\" srcset=\"https:\/\/przylep.edu.pl\/przedszkole\/wp-content\/uploads\/2021\/06\/194815809_4047222461992738_1785898284260182426_n.jpg 720w, https:\/\/przylep.edu.pl\/przedszkole\/wp-content\/uploads\/2021\/06\/194815809_4047222461992738_1785898284260182426_n-225x300.jpg 225w\" sizes=\"auto, (max-width: 720px) 100vw, 720px\" \/><\/figure><\/li><li class=\"blocks-gallery-item\"><figure><img loading=\"lazy\" decoding=\"async\" width=\"720\" height=\"960\" src=\"https:\/\/przylep.edu.pl\/przedszkole\/wp-content\/uploads\/2021\/06\/195586838_4047211735327144_3849553547692339473_n.jpg\" alt=\"\" data-id=\"6501\" data-full-url=\"https:\/\/przylep.edu.pl\/przedszkole\/wp-content\/uploads\/2021\/06\/195586838_4047211735327144_3849553547692339473_n.jpg\" data-link=\"https:\/\/przylep.edu.pl\/przedszkole\/?attachment_id=6501\" class=\"wp-image-6501\" srcset=\"https:\/\/przylep.edu.pl\/przedszkole\/wp-content\/uploads\/2021\/06\/195586838_4047211735327144_3849553547692339473_n.jpg 720w, https:\/\/przylep.edu.pl\/przedszkole\/wp-content\/uploads\/2021\/06\/195586838_4047211735327144_3849553547692339473_n-225x300.jpg 225w\" sizes=\"auto, (max-width: 720px) 100vw, 720px\" \/><\/figure><\/li><li class=\"blocks-gallery-item\"><figure><img loading=\"lazy\" decoding=\"async\" width=\"720\" height=\"960\" src=\"https:\/\/przylep.edu.pl\/przedszkole\/wp-content\/uploads\/2021\/06\/195597155_4047221998659451_4956284544910807725_n.jpg\" alt=\"\" data-id=\"6502\" data-full-url=\"https:\/\/przylep.edu.pl\/przedszkole\/wp-content\/uploads\/2021\/06\/195597155_4047221998659451_4956284544910807725_n.jpg\" data-link=\"https:\/\/przylep.edu.pl\/przedszkole\/?attachment_id=6502\" class=\"wp-image-6502\" srcset=\"https:\/\/przylep.edu.pl\/przedszkole\/wp-content\/uploads\/2021\/06\/195597155_4047221998659451_4956284544910807725_n.jpg 720w, https:\/\/przylep.edu.pl\/przedszkole\/wp-content\/uploads\/2021\/06\/195597155_4047221998659451_4956284544910807725_n-225x300.jpg 225w\" sizes=\"auto, (max-width: 720px) 100vw, 720px\" \/><\/figure><\/li><li class=\"blocks-gallery-item\"><figure><img loading=\"lazy\" decoding=\"async\" width=\"960\" height=\"720\" src=\"https:\/\/przylep.edu.pl\/przedszkole\/wp-content\/uploads\/2021\/06\/195608837_4047220825326235_290806747544039792_n.jpg\" alt=\"\" data-id=\"6503\" data-full-url=\"https:\/\/przylep.edu.pl\/przedszkole\/wp-content\/uploads\/2021\/06\/195608837_4047220825326235_290806747544039792_n.jpg\" data-link=\"https:\/\/przylep.edu.pl\/przedszkole\/?attachment_id=6503\" class=\"wp-image-6503\" srcset=\"https:\/\/przylep.edu.pl\/przedszkole\/wp-content\/uploads\/2021\/06\/195608837_4047220825326235_290806747544039792_n.jpg 960w, https:\/\/przylep.edu.pl\/przedszkole\/wp-content\/uploads\/2021\/06\/195608837_4047220825326235_290806747544039792_n-300x225.jpg 300w, https:\/\/przylep.edu.pl\/przedszkole\/wp-content\/uploads\/2021\/06\/195608837_4047220825326235_290806747544039792_n-768x576.jpg 768w, https:\/\/przylep.edu.pl\/przedszkole\/wp-content\/uploads\/2021\/06\/195608837_4047220825326235_290806747544039792_n-600x450.jpg 600w\" sizes=\"auto, (max-width: 960px) 100vw, 960px\" \/><\/figure><\/li><\/ul><\/figure>\n","protected":false},"excerpt":{"rendered":"<p>Dzie\u0144 Dziecka to jeden z najrado\u015bniejszych dni, na kt\u00f3ry czekaj\u0105 wszystkie przedszkolaki. W tym dniu dzieci czuj\u0105 si\u0119 wyj\u0105tkowo, a wszyscy doro\u015bli chc\u0105 im sprawi\u0107 rado\u015b\u0107. Dzi\u0119ki sprzyjaj\u0105cej pogodzie mogli\u015bmy zorganizowa\u0107 go w ogrodzie przedszkolnym, gdzie na dzieci czeka\u0142o wiele atrakcji. Nasi wychowankowie bawili si\u0119, maluj\u0105c na prze\u015bcieradle, przechodz\u0105c \u015bcie\u017ck\u0105 sensoryczn\u0105. Wielkim prezentem by\u0142y zabawki [&hellip;]<\/p>\n","protected":false},"author":2,"featured_media":6504,"comment_status":"closed","ping_status":"open","sticky":false,"template":"","format":"standard","meta":{"footnotes":""},"categories":[45,43],"tags":[],"class_list":["post-6494","post","type-post","status-publish","format-standard","has-post-thumbnail","hentry","category-aktualnosci","category-limonkowa"],"_links":{"self":[{"href":"https:\/\/przylep.edu.pl\/przedszkole\/wp-json\/wp\/v2\/posts\/6494","targetHints":{"allow":["GET"]}}],"collection":[{"href":"https:\/\/przylep.edu.pl\/przedszkole\/wp-json\/wp\/v2\/posts"}],"about":[{"href":"https:\/\/przylep.edu.pl\/przedszkole\/wp-json\/wp\/v2\/types\/post"}],"author":[{"embeddable":true,"href":"https:\/\/przylep.edu.pl\/przedszkole\/wp-json\/wp\/v2\/users\/2"}],"replies":[{"embeddable":true,"href":"https:\/\/przylep.edu.pl\/przedszkole\/wp-json\/wp\/v2\/comments?post=6494"}],"version-history":[{"count":2,"href":"https:\/\/przylep.edu.pl\/przedszkole\/wp-json\/wp\/v2\/posts\/6494\/revisions"}],"predecessor-version":[{"id":6551,"href":"https:\/\/przylep.edu.pl\/przedszkole\/wp-json\/wp\/v2\/posts\/6494\/revisions\/6551"}],"wp:featuredmedia":[{"embeddable":true,"href":"https:\/\/przylep.edu.pl\/przedszkole\/wp-json\/wp\/v2\/media\/6504"}],"wp:attachment":[{"href":"https:\/\/przylep.edu.pl\/przedszkole\/wp-json\/wp\/v2\/media?parent=6494"}],"wp:term":[{"taxonomy":"category","embeddable":true,"href":"https:\/\/przylep.edu.pl\/przedszkole\/wp-json\/wp\/v2\/categories?post=6494"},{"taxonomy":"post_tag","embeddable":true,"href":"https:\/\/przylep.edu.pl\/przedszkole\/wp-json\/wp\/v2\/tags?post=6494"}],"curies":[{"name":"wp","href":"https:\/\/api.w.org\/{rel}","templated":true}]}}