{"id":6480,"date":"2021-05-31T21:48:00","date_gmt":"2021-05-31T19:48:00","guid":{"rendered":"https:\/\/przylep.edu.pl\/przedszkole\/?p=6480"},"modified":"2021-06-21T21:45:00","modified_gmt":"2021-06-21T19:45:00","slug":"tropiciele-mali-ogrodnicy","status":"publish","type":"post","link":"https:\/\/przylep.edu.pl\/przedszkole\/2021\/05\/31\/tropiciele-mali-ogrodnicy\/","title":{"rendered":"Tropiciele-Mali ogrodnicy"},"content":{"rendered":"\n<p>Przez szereg r\u00f3\u017cnorodnych zaj\u0119\u0107 \u00a0teoretycznych i praktycznych nasze przedszkolaki pog\u0142\u0119bia\u0142y wiedz\u0119 i przekonanie o zaletach zdrowego od\u017cywiania. \u00a0Te cenne informacje i wiadomo\u015bci dotycz\u0105ce zdrowego trybu \u017cycia i od\u017cywiania zach\u0119ci\u0142y nas do za\u0142o\u017cenia w\u0142asnego ogr\u00f3dka z warto\u015bciowymi dla organizmu ro\u015blinkami. W naszym przedszkolnym ogr\u00f3dku warzywnym rosn\u0105 pomidory, rzodkiewka, sa\u0142atka, poziomki, bor\u00f3wki, a \u00a0my codziennie cieszymy si\u0119 \u00a0i dbamy, by wszystko nadal pi\u0119knie ros\u0142o.<\/p>\n\n\n\n<figure class=\"wp-block-gallery columns-3 is-cropped wp-block-gallery-1 is-layout-flex wp-block-gallery-is-layout-flex\"><ul class=\"blocks-gallery-grid\"><li class=\"blocks-gallery-item\"><figure><img loading=\"lazy\" decoding=\"async\" width=\"1024\" height=\"768\" src=\"https:\/\/przylep.edu.pl\/przedszkole\/wp-content\/uploads\/2021\/06\/image-1-1-1024x768.jpg\" alt=\"\" data-id=\"6481\" data-full-url=\"https:\/\/przylep.edu.pl\/przedszkole\/wp-content\/uploads\/2021\/06\/image-1-1-scaled.jpg\" data-link=\"https:\/\/przylep.edu.pl\/przedszkole\/?attachment_id=6481\" class=\"wp-image-6481\" srcset=\"https:\/\/przylep.edu.pl\/przedszkole\/wp-content\/uploads\/2021\/06\/image-1-1-1024x768.jpg 1024w, https:\/\/przylep.edu.pl\/przedszkole\/wp-content\/uploads\/2021\/06\/image-1-1-300x225.jpg 300w, https:\/\/przylep.edu.pl\/przedszkole\/wp-content\/uploads\/2021\/06\/image-1-1-768x576.jpg 768w, https:\/\/przylep.edu.pl\/przedszkole\/wp-content\/uploads\/2021\/06\/image-1-1-1536x1152.jpg 1536w, https:\/\/przylep.edu.pl\/przedszkole\/wp-content\/uploads\/2021\/06\/image-1-1-2048x1536.jpg 2048w, https:\/\/przylep.edu.pl\/przedszkole\/wp-content\/uploads\/2021\/06\/image-1-1-600x450.jpg 600w\" sizes=\"auto, (max-width: 1024px) 100vw, 1024px\" \/><\/figure><\/li><li class=\"blocks-gallery-item\"><figure><img loading=\"lazy\" decoding=\"async\" width=\"768\" height=\"1024\" src=\"https:\/\/przylep.edu.pl\/przedszkole\/wp-content\/uploads\/2021\/06\/image-2-1-768x1024.jpg\" alt=\"\" data-id=\"6482\" data-full-url=\"https:\/\/przylep.edu.pl\/przedszkole\/wp-content\/uploads\/2021\/06\/image-2-1-scaled.jpg\" data-link=\"https:\/\/przylep.edu.pl\/przedszkole\/?attachment_id=6482\" class=\"wp-image-6482\" srcset=\"https:\/\/przylep.edu.pl\/przedszkole\/wp-content\/uploads\/2021\/06\/image-2-1-768x1024.jpg 768w, https:\/\/przylep.edu.pl\/przedszkole\/wp-content\/uploads\/2021\/06\/image-2-1-225x300.jpg 225w, https:\/\/przylep.edu.pl\/przedszkole\/wp-content\/uploads\/2021\/06\/image-2-1-1152x1536.jpg 1152w, https:\/\/przylep.edu.pl\/przedszkole\/wp-content\/uploads\/2021\/06\/image-2-1-1536x2048.jpg 1536w, https:\/\/przylep.edu.pl\/przedszkole\/wp-content\/uploads\/2021\/06\/image-2-1-scaled.jpg 1920w\" sizes=\"auto, (max-width: 768px) 100vw, 768px\" \/><\/figure><\/li><li class=\"blocks-gallery-item\"><figure><img loading=\"lazy\" decoding=\"async\" width=\"768\" height=\"1024\" src=\"https:\/\/przylep.edu.pl\/przedszkole\/wp-content\/uploads\/2021\/06\/image-5-768x1024.jpg\" alt=\"\" data-id=\"6483\" data-full-url=\"https:\/\/przylep.edu.pl\/przedszkole\/wp-content\/uploads\/2021\/06\/image-5-scaled.jpg\" data-link=\"https:\/\/przylep.edu.pl\/przedszkole\/?attachment_id=6483\" class=\"wp-image-6483\" srcset=\"https:\/\/przylep.edu.pl\/przedszkole\/wp-content\/uploads\/2021\/06\/image-5-768x1024.jpg 768w, https:\/\/przylep.edu.pl\/przedszkole\/wp-content\/uploads\/2021\/06\/image-5-225x300.jpg 225w, https:\/\/przylep.edu.pl\/przedszkole\/wp-content\/uploads\/2021\/06\/image-5-1152x1536.jpg 1152w, https:\/\/przylep.edu.pl\/przedszkole\/wp-content\/uploads\/2021\/06\/image-5-1536x2048.jpg 1536w, https:\/\/przylep.edu.pl\/przedszkole\/wp-content\/uploads\/2021\/06\/image-5-scaled.jpg 1920w\" sizes=\"auto, (max-width: 768px) 100vw, 768px\" \/><\/figure><\/li><\/ul><\/figure>\n\n\n\n<figure class=\"wp-block-gallery columns-0 is-cropped wp-block-gallery-2 is-layout-flex wp-block-gallery-is-layout-flex\"><ul class=\"blocks-gallery-grid\"><\/ul><\/figure>\n","protected":false},"excerpt":{"rendered":"<p>Przez szereg r\u00f3\u017cnorodnych zaj\u0119\u0107 \u00a0teoretycznych i praktycznych nasze przedszkolaki pog\u0142\u0119bia\u0142y wiedz\u0119 i przekonanie o zaletach zdrowego od\u017cywiania. \u00a0Te cenne informacje i wiadomo\u015bci dotycz\u0105ce zdrowego trybu \u017cycia i od\u017cywiania zach\u0119ci\u0142y nas do za\u0142o\u017cenia w\u0142asnego ogr\u00f3dka z warto\u015bciowymi dla organizmu ro\u015blinkami. W naszym przedszkolnym ogr\u00f3dku warzywnym rosn\u0105 pomidory, rzodkiewka, sa\u0142atka, poziomki, bor\u00f3wki, a \u00a0my codziennie cieszymy si\u0119 [&hellip;]<\/p>\n","protected":false},"author":2,"featured_media":6484,"comment_status":"closed","ping_status":"open","sticky":false,"template":"","format":"standard","meta":{"footnotes":""},"categories":[45,44],"tags":[],"class_list":["post-6480","post","type-post","status-publish","format-standard","has-post-thumbnail","hentry","category-aktualnosci","category-zolta"],"_links":{"self":[{"href":"https:\/\/przylep.edu.pl\/przedszkole\/wp-json\/wp\/v2\/posts\/6480","targetHints":{"allow":["GET"]}}],"collection":[{"href":"https:\/\/przylep.edu.pl\/przedszkole\/wp-json\/wp\/v2\/posts"}],"about":[{"href":"https:\/\/przylep.edu.pl\/przedszkole\/wp-json\/wp\/v2\/types\/post"}],"author":[{"embeddable":true,"href":"https:\/\/przylep.edu.pl\/przedszkole\/wp-json\/wp\/v2\/users\/2"}],"replies":[{"embeddable":true,"href":"https:\/\/przylep.edu.pl\/przedszkole\/wp-json\/wp\/v2\/comments?post=6480"}],"version-history":[{"count":3,"href":"https:\/\/przylep.edu.pl\/przedszkole\/wp-json\/wp\/v2\/posts\/6480\/revisions"}],"predecessor-version":[{"id":6552,"href":"https:\/\/przylep.edu.pl\/przedszkole\/wp-json\/wp\/v2\/posts\/6480\/revisions\/6552"}],"wp:featuredmedia":[{"embeddable":true,"href":"https:\/\/przylep.edu.pl\/przedszkole\/wp-json\/wp\/v2\/media\/6484"}],"wp:attachment":[{"href":"https:\/\/przylep.edu.pl\/przedszkole\/wp-json\/wp\/v2\/media?parent=6480"}],"wp:term":[{"taxonomy":"category","embeddable":true,"href":"https:\/\/przylep.edu.pl\/przedszkole\/wp-json\/wp\/v2\/categories?post=6480"},{"taxonomy":"post_tag","embeddable":true,"href":"https:\/\/przylep.edu.pl\/przedszkole\/wp-json\/wp\/v2\/tags?post=6480"}],"curies":[{"name":"wp","href":"https:\/\/api.w.org\/{rel}","templated":true}]}}