{"id":6468,"date":"2021-06-01T14:49:54","date_gmt":"2021-06-01T12:49:54","guid":{"rendered":"https:\/\/przylep.edu.pl\/przedszkole\/?p=6468"},"modified":"2021-06-01T14:49:54","modified_gmt":"2021-06-01T12:49:54","slug":"dzien-dziecka","status":"publish","type":"post","link":"https:\/\/przylep.edu.pl\/przedszkole\/2021\/06\/01\/dzien-dziecka\/","title":{"rendered":"Dzie\u0144 Dziecka"},"content":{"rendered":"\n<p class=\"has-text-align-center\">Wszystkim Dzieciom w dniu Ich \u015bwi\u0119ta \u017cyczymy fantastycznych wspomnie\u0144, <\/p>\n\n\n\n<p class=\"has-text-align-center\">w kt\u00f3rych nie zabraknie zabawy,<\/p>\n\n\n\n<p class=\"has-text-align-center\"> ulubionych zabawek, <\/p>\n\n\n\n<p class=\"has-text-align-center\">dobrych przyjaci\u00f3\u0142, <\/p>\n\n\n\n<p class=\"has-text-align-center\">nietuzinkowych smak\u00f3w, zapach\u00f3w, <\/p>\n\n\n\n<p class=\"has-text-align-center\">przyg\u00f3d w towarzystwie rodze\u0144stwa, rodzic\u00f3w, kole\u017canek i koleg\u00f3w. <\/p>\n\n\n\n<p class=\"has-text-align-center\">B\u0105d\u017acie dla siebie dobrzy, wyrozumiali. Szukajcie swoich pasji. Bawcie si\u0119 dobrze. <\/p>\n\n\n\n<p class=\"has-text-align-center\"><strong><span class=\"has-inline-color has-light-green-cyan-color\">Tropcie, poszukujcie i odkrywajcie.<\/span><\/strong><\/p>\n\n\n\n<p class=\"has-text-align-center\"> <strong>Niech b\u0119dzie Dzie\u0144 Dziecka ka\u017cdego dnia, przez 365 lub 366 dni w roku.<\/strong><\/p>\n\n\n\n<p class=\"has-text-align-center\">Tego Wam \u017cyczymy- obs\u0142uga, nauczyciele i dyrektor Zespo\u0142u Szkolno- Przedszkolnego w Przylepie.<\/p>\n","protected":false},"excerpt":{"rendered":"<p>Wszystkim Dzieciom w dniu Ich \u015bwi\u0119ta \u017cyczymy fantastycznych wspomnie\u0144, w kt\u00f3rych nie zabraknie zabawy, ulubionych zabawek, dobrych przyjaci\u00f3\u0142, nietuzinkowych smak\u00f3w, zapach\u00f3w, przyg\u00f3d w towarzystwie rodze\u0144stwa, rodzic\u00f3w, kole\u017canek i koleg\u00f3w. B\u0105d\u017acie dla siebie dobrzy, wyrozumiali. Szukajcie swoich pasji. Bawcie si\u0119 dobrze. Tropcie, poszukujcie i odkrywajcie. Niech b\u0119dzie Dzie\u0144 Dziecka ka\u017cdego dnia, przez 365 lub 366 dni [&hellip;]<\/p>\n","protected":false},"author":2,"featured_media":6469,"comment_status":"closed","ping_status":"open","sticky":false,"template":"","format":"standard","meta":{"footnotes":""},"categories":[45,40],"tags":[],"class_list":["post-6468","post","type-post","status-publish","format-standard","has-post-thumbnail","hentry","category-aktualnosci","category-strona-glowna"],"_links":{"self":[{"href":"https:\/\/przylep.edu.pl\/przedszkole\/wp-json\/wp\/v2\/posts\/6468","targetHints":{"allow":["GET"]}}],"collection":[{"href":"https:\/\/przylep.edu.pl\/przedszkole\/wp-json\/wp\/v2\/posts"}],"about":[{"href":"https:\/\/przylep.edu.pl\/przedszkole\/wp-json\/wp\/v2\/types\/post"}],"author":[{"embeddable":true,"href":"https:\/\/przylep.edu.pl\/przedszkole\/wp-json\/wp\/v2\/users\/2"}],"replies":[{"embeddable":true,"href":"https:\/\/przylep.edu.pl\/przedszkole\/wp-json\/wp\/v2\/comments?post=6468"}],"version-history":[{"count":1,"href":"https:\/\/przylep.edu.pl\/przedszkole\/wp-json\/wp\/v2\/posts\/6468\/revisions"}],"predecessor-version":[{"id":6470,"href":"https:\/\/przylep.edu.pl\/przedszkole\/wp-json\/wp\/v2\/posts\/6468\/revisions\/6470"}],"wp:featuredmedia":[{"embeddable":true,"href":"https:\/\/przylep.edu.pl\/przedszkole\/wp-json\/wp\/v2\/media\/6469"}],"wp:attachment":[{"href":"https:\/\/przylep.edu.pl\/przedszkole\/wp-json\/wp\/v2\/media?parent=6468"}],"wp:term":[{"taxonomy":"category","embeddable":true,"href":"https:\/\/przylep.edu.pl\/przedszkole\/wp-json\/wp\/v2\/categories?post=6468"},{"taxonomy":"post_tag","embeddable":true,"href":"https:\/\/przylep.edu.pl\/przedszkole\/wp-json\/wp\/v2\/tags?post=6468"}],"curies":[{"name":"wp","href":"https:\/\/api.w.org\/{rel}","templated":true}]}}