{"id":6463,"date":"2021-05-30T21:29:15","date_gmt":"2021-05-30T19:29:15","guid":{"rendered":"https:\/\/przylep.edu.pl\/przedszkole\/?p=6463"},"modified":"2021-05-30T21:29:16","modified_gmt":"2021-05-30T19:29:16","slug":"dzien-rodziny-u-poszukiwaczy","status":"publish","type":"post","link":"https:\/\/przylep.edu.pl\/przedszkole\/2021\/05\/30\/dzien-rodziny-u-poszukiwaczy\/","title":{"rendered":"Dzie\u0144 Rodziny u Poszukiwaczy"},"content":{"rendered":"\n<p>Maj i czerwiec to czas, kiedy w szczeg\u00f3lny spos\u00f3b pami\u0119tamy o rodzinie \u2013 \u015bwi\u0119tujemy Dzie\u0144 Mamy, Dzie\u0144 Taty, Dzie\u0144 Dziecka. W tym roku w nieco innej formie, ni\u017c tradycyjnie, poprzez nagrane filmy i zdj\u0119cia, jednak nasze przedszkolaki przesy\u0142aj\u0105 swoim ukochanym Rodzicom szczere \u017cyczenia i wyrazy mi\u0142o\u015bci. <\/p>\n\n\n\n<figure class=\"wp-block-gallery columns-1 is-cropped wp-block-gallery-1 is-layout-flex wp-block-gallery-is-layout-flex\"><ul class=\"blocks-gallery-grid\"><li class=\"blocks-gallery-item\"><figure><img loading=\"lazy\" decoding=\"async\" width=\"1024\" height=\"768\" src=\"https:\/\/przylep.edu.pl\/przedszkole\/wp-content\/uploads\/2021\/05\/20210525_101922_01-1024x768.jpg\" alt=\"\" data-id=\"6464\" data-full-url=\"https:\/\/przylep.edu.pl\/przedszkole\/wp-content\/uploads\/2021\/05\/20210525_101922_01.jpg\" data-link=\"https:\/\/przylep.edu.pl\/przedszkole\/?attachment_id=6464\" class=\"wp-image-6464\" srcset=\"https:\/\/przylep.edu.pl\/przedszkole\/wp-content\/uploads\/2021\/05\/20210525_101922_01-1024x768.jpg 1024w, https:\/\/przylep.edu.pl\/przedszkole\/wp-content\/uploads\/2021\/05\/20210525_101922_01-300x225.jpg 300w, https:\/\/przylep.edu.pl\/przedszkole\/wp-content\/uploads\/2021\/05\/20210525_101922_01-768x576.jpg 768w, https:\/\/przylep.edu.pl\/przedszkole\/wp-content\/uploads\/2021\/05\/20210525_101922_01-600x450.jpg 600w, https:\/\/przylep.edu.pl\/przedszkole\/wp-content\/uploads\/2021\/05\/20210525_101922_01.jpg 1203w\" sizes=\"auto, (max-width: 1024px) 100vw, 1024px\" \/><\/figure><\/li><\/ul><\/figure>\n","protected":false},"excerpt":{"rendered":"<p>Maj i czerwiec to czas, kiedy w szczeg\u00f3lny spos\u00f3b pami\u0119tamy o rodzinie \u2013 \u015bwi\u0119tujemy Dzie\u0144 Mamy, Dzie\u0144 Taty, Dzie\u0144 Dziecka. W tym roku w nieco innej formie, ni\u017c tradycyjnie, poprzez nagrane filmy i zdj\u0119cia, jednak nasze przedszkolaki przesy\u0142aj\u0105 swoim ukochanym Rodzicom szczere \u017cyczenia i wyrazy mi\u0142o\u015bci.<\/p>\n","protected":false},"author":2,"featured_media":6465,"comment_status":"closed","ping_status":"open","sticky":false,"template":"","format":"standard","meta":{"footnotes":""},"categories":[45,43],"tags":[],"class_list":["post-6463","post","type-post","status-publish","format-standard","has-post-thumbnail","hentry","category-aktualnosci","category-limonkowa"],"_links":{"self":[{"href":"https:\/\/przylep.edu.pl\/przedszkole\/wp-json\/wp\/v2\/posts\/6463","targetHints":{"allow":["GET"]}}],"collection":[{"href":"https:\/\/przylep.edu.pl\/przedszkole\/wp-json\/wp\/v2\/posts"}],"about":[{"href":"https:\/\/przylep.edu.pl\/przedszkole\/wp-json\/wp\/v2\/types\/post"}],"author":[{"embeddable":true,"href":"https:\/\/przylep.edu.pl\/przedszkole\/wp-json\/wp\/v2\/users\/2"}],"replies":[{"embeddable":true,"href":"https:\/\/przylep.edu.pl\/przedszkole\/wp-json\/wp\/v2\/comments?post=6463"}],"version-history":[{"count":1,"href":"https:\/\/przylep.edu.pl\/przedszkole\/wp-json\/wp\/v2\/posts\/6463\/revisions"}],"predecessor-version":[{"id":6466,"href":"https:\/\/przylep.edu.pl\/przedszkole\/wp-json\/wp\/v2\/posts\/6463\/revisions\/6466"}],"wp:featuredmedia":[{"embeddable":true,"href":"https:\/\/przylep.edu.pl\/przedszkole\/wp-json\/wp\/v2\/media\/6465"}],"wp:attachment":[{"href":"https:\/\/przylep.edu.pl\/przedszkole\/wp-json\/wp\/v2\/media?parent=6463"}],"wp:term":[{"taxonomy":"category","embeddable":true,"href":"https:\/\/przylep.edu.pl\/przedszkole\/wp-json\/wp\/v2\/categories?post=6463"},{"taxonomy":"post_tag","embeddable":true,"href":"https:\/\/przylep.edu.pl\/przedszkole\/wp-json\/wp\/v2\/tags?post=6463"}],"curies":[{"name":"wp","href":"https:\/\/api.w.org\/{rel}","templated":true}]}}