{"id":6436,"date":"2021-04-10T08:55:00","date_gmt":"2021-04-10T06:55:00","guid":{"rendered":"https:\/\/przylep.edu.pl\/przedszkole\/?p=6436"},"modified":"2021-05-23T08:56:31","modified_gmt":"2021-05-23T06:56:31","slug":"zegary-male-i-duze","status":"publish","type":"post","link":"https:\/\/przylep.edu.pl\/przedszkole\/2021\/04\/10\/zegary-male-i-duze\/","title":{"rendered":"Zegary ma\u0142e i du\u017ce"},"content":{"rendered":"\n<p>Kt\u00f3ra jest godzina? Odkrywcy&nbsp; ju\u017c to wiedz\u0105!<\/p>\n\n\n\n<p>09.04.21r.\u00a0 przedszkolaki z grupy niebieskiej poznawa\u0142y\u00a0\u00a0r\u00f3\u017cne sposoby mierzenia czasu realizuj\u0105c tematyk\u0119 tygodniow\u0105 &#8221; TAK MIJA CZAS&#8221;. G\u0142\u00f3wnym celem zaj\u0119\u0107 by\u0142o\u00a0 zapoznanie dzieci z r\u00f3\u017cnymi sposobami mierzenia czasu z rodzajami zegar\u00f3w oraz przygotowanie do opanowania umiej\u0119tno\u015bci\u00a0odczytywania godzin na zegarze. \u00a0Podczas zaj\u0119\u0107 dzieci pozna\u0142y\u00a0kto to jest i co robi zegarmistrz, dowiedzia\u0142y si\u0119 do czego s\u0142u\u017c\u0105 zegary, pozna\u0142y\u00a0r\u00f3\u017cne sposoby mierzenia czasu i pr\u00f3bowa\u0142y uk\u0142ada\u0107 w\u0142a\u015bciwie wskaz\u00f3wki i odczytywa\u0107 godziny.<\/p>\n\n\n\n<figure class=\"wp-block-gallery columns-3 is-cropped wp-block-gallery-1 is-layout-flex wp-block-gallery-is-layout-flex\"><ul class=\"blocks-gallery-grid\"><li class=\"blocks-gallery-item\"><figure><img loading=\"lazy\" decoding=\"async\" width=\"1024\" height=\"768\" src=\"https:\/\/przylep.edu.pl\/przedszkole\/wp-content\/uploads\/2021\/05\/IMG_20210323_105147-1-1024x768.jpg\" alt=\"\" data-id=\"6438\" data-full-url=\"https:\/\/przylep.edu.pl\/przedszkole\/wp-content\/uploads\/2021\/05\/IMG_20210323_105147-1-scaled.jpg\" data-link=\"https:\/\/przylep.edu.pl\/przedszkole\/?attachment_id=6438\" class=\"wp-image-6438\" srcset=\"https:\/\/przylep.edu.pl\/przedszkole\/wp-content\/uploads\/2021\/05\/IMG_20210323_105147-1-1024x768.jpg 1024w, https:\/\/przylep.edu.pl\/przedszkole\/wp-content\/uploads\/2021\/05\/IMG_20210323_105147-1-300x225.jpg 300w, https:\/\/przylep.edu.pl\/przedszkole\/wp-content\/uploads\/2021\/05\/IMG_20210323_105147-1-768x576.jpg 768w, https:\/\/przylep.edu.pl\/przedszkole\/wp-content\/uploads\/2021\/05\/IMG_20210323_105147-1-1536x1152.jpg 1536w, https:\/\/przylep.edu.pl\/przedszkole\/wp-content\/uploads\/2021\/05\/IMG_20210323_105147-1-2048x1536.jpg 2048w, https:\/\/przylep.edu.pl\/przedszkole\/wp-content\/uploads\/2021\/05\/IMG_20210323_105147-1-600x450.jpg 600w\" sizes=\"auto, (max-width: 1024px) 100vw, 1024px\" \/><figcaption class=\"blocks-gallery-item__caption\">bty<\/figcaption><\/figure><\/li><li class=\"blocks-gallery-item\"><figure><img loading=\"lazy\" decoding=\"async\" width=\"768\" height=\"1024\" src=\"https:\/\/przylep.edu.pl\/przedszkole\/wp-content\/uploads\/2021\/05\/IMG_20210323_095754-768x1024.jpg\" alt=\"\" data-id=\"6439\" data-full-url=\"https:\/\/przylep.edu.pl\/przedszkole\/wp-content\/uploads\/2021\/05\/IMG_20210323_095754-scaled.jpg\" data-link=\"https:\/\/przylep.edu.pl\/przedszkole\/?attachment_id=6439\" class=\"wp-image-6439\" srcset=\"https:\/\/przylep.edu.pl\/przedszkole\/wp-content\/uploads\/2021\/05\/IMG_20210323_095754-768x1024.jpg 768w, https:\/\/przylep.edu.pl\/przedszkole\/wp-content\/uploads\/2021\/05\/IMG_20210323_095754-225x300.jpg 225w, https:\/\/przylep.edu.pl\/przedszkole\/wp-content\/uploads\/2021\/05\/IMG_20210323_095754-1152x1536.jpg 1152w, https:\/\/przylep.edu.pl\/przedszkole\/wp-content\/uploads\/2021\/05\/IMG_20210323_095754-1536x2048.jpg 1536w, https:\/\/przylep.edu.pl\/przedszkole\/wp-content\/uploads\/2021\/05\/IMG_20210323_095754-scaled.jpg 1920w\" sizes=\"auto, (max-width: 768px) 100vw, 768px\" \/><figcaption class=\"blocks-gallery-item__caption\">bty<\/figcaption><\/figure><\/li><li class=\"blocks-gallery-item\"><figure><img loading=\"lazy\" decoding=\"async\" width=\"1024\" height=\"768\" src=\"https:\/\/przylep.edu.pl\/przedszkole\/wp-content\/uploads\/2021\/05\/IMG_20210324_141952-1024x768.jpg\" alt=\"\" data-id=\"6441\" data-full-url=\"https:\/\/przylep.edu.pl\/przedszkole\/wp-content\/uploads\/2021\/05\/IMG_20210324_141952-scaled.jpg\" data-link=\"https:\/\/przylep.edu.pl\/przedszkole\/?attachment_id=6441\" class=\"wp-image-6441\" srcset=\"https:\/\/przylep.edu.pl\/przedszkole\/wp-content\/uploads\/2021\/05\/IMG_20210324_141952-1024x768.jpg 1024w, https:\/\/przylep.edu.pl\/przedszkole\/wp-content\/uploads\/2021\/05\/IMG_20210324_141952-300x225.jpg 300w, https:\/\/przylep.edu.pl\/przedszkole\/wp-content\/uploads\/2021\/05\/IMG_20210324_141952-768x576.jpg 768w, https:\/\/przylep.edu.pl\/przedszkole\/wp-content\/uploads\/2021\/05\/IMG_20210324_141952-1536x1152.jpg 1536w, https:\/\/przylep.edu.pl\/przedszkole\/wp-content\/uploads\/2021\/05\/IMG_20210324_141952-2048x1536.jpg 2048w, https:\/\/przylep.edu.pl\/przedszkole\/wp-content\/uploads\/2021\/05\/IMG_20210324_141952-600x450.jpg 600w\" sizes=\"auto, (max-width: 1024px) 100vw, 1024px\" \/><figcaption class=\"blocks-gallery-item__caption\">bty<\/figcaption><\/figure><\/li><li class=\"blocks-gallery-item\"><figure><img loading=\"lazy\" decoding=\"async\" width=\"768\" height=\"1024\" src=\"https:\/\/przylep.edu.pl\/przedszkole\/wp-content\/uploads\/2021\/05\/IMG_20210324_143214-768x1024.jpg\" alt=\"\" data-id=\"6442\" data-full-url=\"https:\/\/przylep.edu.pl\/przedszkole\/wp-content\/uploads\/2021\/05\/IMG_20210324_143214-scaled.jpg\" data-link=\"https:\/\/przylep.edu.pl\/przedszkole\/?attachment_id=6442\" class=\"wp-image-6442\" srcset=\"https:\/\/przylep.edu.pl\/przedszkole\/wp-content\/uploads\/2021\/05\/IMG_20210324_143214-768x1024.jpg 768w, https:\/\/przylep.edu.pl\/przedszkole\/wp-content\/uploads\/2021\/05\/IMG_20210324_143214-225x300.jpg 225w, https:\/\/przylep.edu.pl\/przedszkole\/wp-content\/uploads\/2021\/05\/IMG_20210324_143214-1152x1536.jpg 1152w, https:\/\/przylep.edu.pl\/przedszkole\/wp-content\/uploads\/2021\/05\/IMG_20210324_143214-1536x2048.jpg 1536w, https:\/\/przylep.edu.pl\/przedszkole\/wp-content\/uploads\/2021\/05\/IMG_20210324_143214-scaled.jpg 1920w\" sizes=\"auto, (max-width: 768px) 100vw, 768px\" \/><figcaption class=\"blocks-gallery-item__caption\">bty<\/figcaption><\/figure><\/li><\/ul><\/figure>\n","protected":false},"excerpt":{"rendered":"<p>Kt\u00f3ra jest godzina? Odkrywcy&nbsp; ju\u017c to wiedz\u0105! 09.04.21r.\u00a0 przedszkolaki z grupy niebieskiej poznawa\u0142y\u00a0\u00a0r\u00f3\u017cne sposoby mierzenia czasu realizuj\u0105c tematyk\u0119 tygodniow\u0105 &#8221; TAK MIJA CZAS&#8221;. G\u0142\u00f3wnym celem zaj\u0119\u0107 by\u0142o\u00a0 zapoznanie dzieci z r\u00f3\u017cnymi sposobami mierzenia czasu z rodzajami zegar\u00f3w oraz przygotowanie do opanowania umiej\u0119tno\u015bci\u00a0odczytywania godzin na zegarze. \u00a0Podczas zaj\u0119\u0107 dzieci pozna\u0142y\u00a0kto to jest i co robi zegarmistrz, [&hellip;]<\/p>\n","protected":false},"author":2,"featured_media":6440,"comment_status":"closed","ping_status":"open","sticky":false,"template":"","format":"standard","meta":{"footnotes":""},"categories":[45,42],"tags":[],"class_list":["post-6436","post","type-post","status-publish","format-standard","has-post-thumbnail","hentry","category-aktualnosci","category-niebieska"],"_links":{"self":[{"href":"https:\/\/przylep.edu.pl\/przedszkole\/wp-json\/wp\/v2\/posts\/6436","targetHints":{"allow":["GET"]}}],"collection":[{"href":"https:\/\/przylep.edu.pl\/przedszkole\/wp-json\/wp\/v2\/posts"}],"about":[{"href":"https:\/\/przylep.edu.pl\/przedszkole\/wp-json\/wp\/v2\/types\/post"}],"author":[{"embeddable":true,"href":"https:\/\/przylep.edu.pl\/przedszkole\/wp-json\/wp\/v2\/users\/2"}],"replies":[{"embeddable":true,"href":"https:\/\/przylep.edu.pl\/przedszkole\/wp-json\/wp\/v2\/comments?post=6436"}],"version-history":[{"count":1,"href":"https:\/\/przylep.edu.pl\/przedszkole\/wp-json\/wp\/v2\/posts\/6436\/revisions"}],"predecessor-version":[{"id":6443,"href":"https:\/\/przylep.edu.pl\/przedszkole\/wp-json\/wp\/v2\/posts\/6436\/revisions\/6443"}],"wp:featuredmedia":[{"embeddable":true,"href":"https:\/\/przylep.edu.pl\/przedszkole\/wp-json\/wp\/v2\/media\/6440"}],"wp:attachment":[{"href":"https:\/\/przylep.edu.pl\/przedszkole\/wp-json\/wp\/v2\/media?parent=6436"}],"wp:term":[{"taxonomy":"category","embeddable":true,"href":"https:\/\/przylep.edu.pl\/przedszkole\/wp-json\/wp\/v2\/categories?post=6436"},{"taxonomy":"post_tag","embeddable":true,"href":"https:\/\/przylep.edu.pl\/przedszkole\/wp-json\/wp\/v2\/tags?post=6436"}],"curies":[{"name":"wp","href":"https:\/\/api.w.org\/{rel}","templated":true}]}}