{"id":6395,"date":"2021-05-14T13:03:00","date_gmt":"2021-05-14T11:03:00","guid":{"rendered":"https:\/\/przylep.edu.pl\/przedszkole\/?p=6395"},"modified":"2021-05-20T13:17:41","modified_gmt":"2021-05-20T11:17:41","slug":"zdrowe-zeby-u-poszukiwaczy","status":"publish","type":"post","link":"https:\/\/przylep.edu.pl\/przedszkole\/2021\/05\/14\/zdrowe-zeby-u-poszukiwaczy\/","title":{"rendered":"Zdrowe z\u0119by u poszukiwaczy"},"content":{"rendered":"\n<p>W Naszym przedszkolu  zrealizowano program &#8222;Zdrowe z\u0119by mamy &#8211;\u00a0 marchewk\u0119 zajadamy&#8221;. Podczas realizacji programu dzieci dowiedzia\u0142y si\u0119 jak powstaje pr\u00f3chnica i co zrobi\u0107, \u017ceby jej unikn\u0105\u0107. Przedszkolaki bra\u0142y czynny udzia\u0142 w prawid\u0142owym myciu z\u0119b\u00f3w. Rozmawiali\u015bmy o pokarmach wywieraj\u0105cych pozytywny wp\u0142yw na uz\u0119bienie oraz do kogo si\u0119 uda\u0107, gdy zaczyna bole\u0107 z\u0105b. <\/p>\n\n\n\n<figure class=\"wp-block-gallery columns-3 is-cropped wp-block-gallery-1 is-layout-flex wp-block-gallery-is-layout-flex\"><ul class=\"blocks-gallery-grid\"><li class=\"blocks-gallery-item\"><figure><img loading=\"lazy\" decoding=\"async\" width=\"960\" height=\"720\" src=\"https:\/\/przylep.edu.pl\/przedszkole\/wp-content\/uploads\/2021\/05\/184280500_3980587885322863_5860905308038864506_n.jpg\" alt=\"\" data-id=\"6396\" data-full-url=\"https:\/\/przylep.edu.pl\/przedszkole\/wp-content\/uploads\/2021\/05\/184280500_3980587885322863_5860905308038864506_n.jpg\" data-link=\"https:\/\/przylep.edu.pl\/przedszkole\/?attachment_id=6396\" class=\"wp-image-6396\" srcset=\"https:\/\/przylep.edu.pl\/przedszkole\/wp-content\/uploads\/2021\/05\/184280500_3980587885322863_5860905308038864506_n.jpg 960w, https:\/\/przylep.edu.pl\/przedszkole\/wp-content\/uploads\/2021\/05\/184280500_3980587885322863_5860905308038864506_n-300x225.jpg 300w, https:\/\/przylep.edu.pl\/przedszkole\/wp-content\/uploads\/2021\/05\/184280500_3980587885322863_5860905308038864506_n-768x576.jpg 768w, https:\/\/przylep.edu.pl\/przedszkole\/wp-content\/uploads\/2021\/05\/184280500_3980587885322863_5860905308038864506_n-600x450.jpg 600w\" sizes=\"auto, (max-width: 960px) 100vw, 960px\" \/><\/figure><\/li><li class=\"blocks-gallery-item\"><figure><img loading=\"lazy\" decoding=\"async\" width=\"909\" height=\"960\" src=\"https:\/\/przylep.edu.pl\/przedszkole\/wp-content\/uploads\/2021\/05\/184570620_3980588168656168_7897423217808284100_n.jpg\" alt=\"\" data-id=\"6397\" data-full-url=\"https:\/\/przylep.edu.pl\/przedszkole\/wp-content\/uploads\/2021\/05\/184570620_3980588168656168_7897423217808284100_n.jpg\" data-link=\"https:\/\/przylep.edu.pl\/przedszkole\/?attachment_id=6397\" class=\"wp-image-6397\" srcset=\"https:\/\/przylep.edu.pl\/przedszkole\/wp-content\/uploads\/2021\/05\/184570620_3980588168656168_7897423217808284100_n.jpg 909w, https:\/\/przylep.edu.pl\/przedszkole\/wp-content\/uploads\/2021\/05\/184570620_3980588168656168_7897423217808284100_n-284x300.jpg 284w, https:\/\/przylep.edu.pl\/przedszkole\/wp-content\/uploads\/2021\/05\/184570620_3980588168656168_7897423217808284100_n-768x811.jpg 768w\" sizes=\"auto, (max-width: 909px) 100vw, 909px\" \/><\/figure><\/li><li class=\"blocks-gallery-item\"><figure><img loading=\"lazy\" decoding=\"async\" width=\"960\" height=\"720\" src=\"https:\/\/przylep.edu.pl\/przedszkole\/wp-content\/uploads\/2021\/05\/184817208_3980588071989511_8283510828162053148_n.jpg\" alt=\"\" data-id=\"6398\" data-full-url=\"https:\/\/przylep.edu.pl\/przedszkole\/wp-content\/uploads\/2021\/05\/184817208_3980588071989511_8283510828162053148_n.jpg\" data-link=\"https:\/\/przylep.edu.pl\/przedszkole\/?attachment_id=6398\" class=\"wp-image-6398\" srcset=\"https:\/\/przylep.edu.pl\/przedszkole\/wp-content\/uploads\/2021\/05\/184817208_3980588071989511_8283510828162053148_n.jpg 960w, https:\/\/przylep.edu.pl\/przedszkole\/wp-content\/uploads\/2021\/05\/184817208_3980588071989511_8283510828162053148_n-300x225.jpg 300w, https:\/\/przylep.edu.pl\/przedszkole\/wp-content\/uploads\/2021\/05\/184817208_3980588071989511_8283510828162053148_n-768x576.jpg 768w, https:\/\/przylep.edu.pl\/przedszkole\/wp-content\/uploads\/2021\/05\/184817208_3980588071989511_8283510828162053148_n-600x450.jpg 600w\" sizes=\"auto, (max-width: 960px) 100vw, 960px\" \/><\/figure><\/li><li class=\"blocks-gallery-item\"><figure><img loading=\"lazy\" decoding=\"async\" width=\"960\" height=\"720\" src=\"https:\/\/przylep.edu.pl\/przedszkole\/wp-content\/uploads\/2021\/05\/184934292_3980587958656189_4551321350809539078_n.jpg\" alt=\"\" data-id=\"6399\" data-full-url=\"https:\/\/przylep.edu.pl\/przedszkole\/wp-content\/uploads\/2021\/05\/184934292_3980587958656189_4551321350809539078_n.jpg\" data-link=\"https:\/\/przylep.edu.pl\/przedszkole\/?attachment_id=6399\" class=\"wp-image-6399\" srcset=\"https:\/\/przylep.edu.pl\/przedszkole\/wp-content\/uploads\/2021\/05\/184934292_3980587958656189_4551321350809539078_n.jpg 960w, https:\/\/przylep.edu.pl\/przedszkole\/wp-content\/uploads\/2021\/05\/184934292_3980587958656189_4551321350809539078_n-300x225.jpg 300w, https:\/\/przylep.edu.pl\/przedszkole\/wp-content\/uploads\/2021\/05\/184934292_3980587958656189_4551321350809539078_n-768x576.jpg 768w, https:\/\/przylep.edu.pl\/przedszkole\/wp-content\/uploads\/2021\/05\/184934292_3980587958656189_4551321350809539078_n-600x450.jpg 600w\" sizes=\"auto, (max-width: 960px) 100vw, 960px\" \/><\/figure><\/li><li class=\"blocks-gallery-item\"><figure><img loading=\"lazy\" decoding=\"async\" width=\"960\" height=\"720\" src=\"https:\/\/przylep.edu.pl\/przedszkole\/wp-content\/uploads\/2021\/05\/185084066_3980587541989564_1447010010622023470_n.jpg\" alt=\"\" data-id=\"6400\" data-full-url=\"https:\/\/przylep.edu.pl\/przedszkole\/wp-content\/uploads\/2021\/05\/185084066_3980587541989564_1447010010622023470_n.jpg\" data-link=\"https:\/\/przylep.edu.pl\/przedszkole\/?attachment_id=6400\" class=\"wp-image-6400\" srcset=\"https:\/\/przylep.edu.pl\/przedszkole\/wp-content\/uploads\/2021\/05\/185084066_3980587541989564_1447010010622023470_n.jpg 960w, https:\/\/przylep.edu.pl\/przedszkole\/wp-content\/uploads\/2021\/05\/185084066_3980587541989564_1447010010622023470_n-300x225.jpg 300w, https:\/\/przylep.edu.pl\/przedszkole\/wp-content\/uploads\/2021\/05\/185084066_3980587541989564_1447010010622023470_n-768x576.jpg 768w, https:\/\/przylep.edu.pl\/przedszkole\/wp-content\/uploads\/2021\/05\/185084066_3980587541989564_1447010010622023470_n-600x450.jpg 600w\" sizes=\"auto, (max-width: 960px) 100vw, 960px\" \/><\/figure><\/li><li class=\"blocks-gallery-item\"><figure><img loading=\"lazy\" decoding=\"async\" width=\"720\" height=\"960\" src=\"https:\/\/przylep.edu.pl\/przedszkole\/wp-content\/uploads\/2021\/05\/185176933_3980587071989611_2652207032070451280_n.jpg\" alt=\"\" data-id=\"6401\" data-full-url=\"https:\/\/przylep.edu.pl\/przedszkole\/wp-content\/uploads\/2021\/05\/185176933_3980587071989611_2652207032070451280_n.jpg\" data-link=\"https:\/\/przylep.edu.pl\/przedszkole\/?attachment_id=6401\" class=\"wp-image-6401\" srcset=\"https:\/\/przylep.edu.pl\/przedszkole\/wp-content\/uploads\/2021\/05\/185176933_3980587071989611_2652207032070451280_n.jpg 720w, https:\/\/przylep.edu.pl\/przedszkole\/wp-content\/uploads\/2021\/05\/185176933_3980587071989611_2652207032070451280_n-225x300.jpg 225w\" sizes=\"auto, (max-width: 720px) 100vw, 720px\" \/><\/figure><\/li><\/ul><\/figure>\n","protected":false},"excerpt":{"rendered":"<p>W Naszym przedszkolu zrealizowano program &#8222;Zdrowe z\u0119by mamy &#8211;\u00a0 marchewk\u0119 zajadamy&#8221;. Podczas realizacji programu dzieci dowiedzia\u0142y si\u0119 jak powstaje pr\u00f3chnica i co zrobi\u0107, \u017ceby jej unikn\u0105\u0107. Przedszkolaki bra\u0142y czynny udzia\u0142 w prawid\u0142owym myciu z\u0119b\u00f3w. Rozmawiali\u015bmy o pokarmach wywieraj\u0105cych pozytywny wp\u0142yw na uz\u0119bienie oraz do kogo si\u0119 uda\u0107, gdy zaczyna bole\u0107 z\u0105b.<\/p>\n","protected":false},"author":2,"featured_media":6402,"comment_status":"closed","ping_status":"open","sticky":false,"template":"","format":"standard","meta":{"footnotes":""},"categories":[45,43],"tags":[],"class_list":["post-6395","post","type-post","status-publish","format-standard","has-post-thumbnail","hentry","category-aktualnosci","category-limonkowa"],"_links":{"self":[{"href":"https:\/\/przylep.edu.pl\/przedszkole\/wp-json\/wp\/v2\/posts\/6395","targetHints":{"allow":["GET"]}}],"collection":[{"href":"https:\/\/przylep.edu.pl\/przedszkole\/wp-json\/wp\/v2\/posts"}],"about":[{"href":"https:\/\/przylep.edu.pl\/przedszkole\/wp-json\/wp\/v2\/types\/post"}],"author":[{"embeddable":true,"href":"https:\/\/przylep.edu.pl\/przedszkole\/wp-json\/wp\/v2\/users\/2"}],"replies":[{"embeddable":true,"href":"https:\/\/przylep.edu.pl\/przedszkole\/wp-json\/wp\/v2\/comments?post=6395"}],"version-history":[{"count":1,"href":"https:\/\/przylep.edu.pl\/przedszkole\/wp-json\/wp\/v2\/posts\/6395\/revisions"}],"predecessor-version":[{"id":6403,"href":"https:\/\/przylep.edu.pl\/przedszkole\/wp-json\/wp\/v2\/posts\/6395\/revisions\/6403"}],"wp:featuredmedia":[{"embeddable":true,"href":"https:\/\/przylep.edu.pl\/przedszkole\/wp-json\/wp\/v2\/media\/6402"}],"wp:attachment":[{"href":"https:\/\/przylep.edu.pl\/przedszkole\/wp-json\/wp\/v2\/media?parent=6395"}],"wp:term":[{"taxonomy":"category","embeddable":true,"href":"https:\/\/przylep.edu.pl\/przedszkole\/wp-json\/wp\/v2\/categories?post=6395"},{"taxonomy":"post_tag","embeddable":true,"href":"https:\/\/przylep.edu.pl\/przedszkole\/wp-json\/wp\/v2\/tags?post=6395"}],"curies":[{"name":"wp","href":"https:\/\/api.w.org\/{rel}","templated":true}]}}