{"id":6389,"date":"2021-04-30T12:50:00","date_gmt":"2021-04-30T10:50:00","guid":{"rendered":"https:\/\/przylep.edu.pl\/przedszkole\/?p=6389"},"modified":"2021-05-20T12:59:02","modified_gmt":"2021-05-20T10:59:02","slug":"poszukiwacze-poznaja-swoja-ojczyzne","status":"publish","type":"post","link":"https:\/\/przylep.edu.pl\/przedszkole\/2021\/04\/30\/poszukiwacze-poznaja-swoja-ojczyzne\/","title":{"rendered":"Poszukiwacze  poznaj\u0105 swoj\u0105 ojczyzn\u0119"},"content":{"rendered":"\n<p> 2 \u00a0maja obchodzony jest Dzie\u0144 Flagi Rzeczypospolitej Polskiej. My tak\u017ce postanowili\u015bmy uczci\u0107 nasze barwy ojczyste. \u00a0Po ca\u0142ym tygodniu zaj\u0119\u0107 po\u015bwi\u0119conych poznawaniu naszych symboli narodowych i\u00a0najwa\u017cniejszych miejsc w\u00a0Polsce, zorganizowali\u015bmy skromne obchody tego \u015bwi\u0119ta w\u00a0przedszkolu.<\/p>\n\n\n\n<figure class=\"wp-block-gallery columns-3 is-cropped wp-block-gallery-1 is-layout-flex wp-block-gallery-is-layout-flex\"><ul class=\"blocks-gallery-grid\"><li class=\"blocks-gallery-item\"><figure><img loading=\"lazy\" decoding=\"async\" width=\"720\" height=\"960\" src=\"https:\/\/przylep.edu.pl\/przedszkole\/wp-content\/uploads\/2021\/05\/179464467_3950540544994264_6432449022718265649_n.jpg\" alt=\"\" data-id=\"6390\" data-full-url=\"https:\/\/przylep.edu.pl\/przedszkole\/wp-content\/uploads\/2021\/05\/179464467_3950540544994264_6432449022718265649_n.jpg\" data-link=\"https:\/\/przylep.edu.pl\/przedszkole\/?attachment_id=6390\" class=\"wp-image-6390\" srcset=\"https:\/\/przylep.edu.pl\/przedszkole\/wp-content\/uploads\/2021\/05\/179464467_3950540544994264_6432449022718265649_n.jpg 720w, https:\/\/przylep.edu.pl\/przedszkole\/wp-content\/uploads\/2021\/05\/179464467_3950540544994264_6432449022718265649_n-225x300.jpg 225w\" sizes=\"auto, (max-width: 720px) 100vw, 720px\" \/><\/figure><\/li><li class=\"blocks-gallery-item\"><figure><img loading=\"lazy\" decoding=\"async\" width=\"720\" height=\"960\" src=\"https:\/\/przylep.edu.pl\/przedszkole\/wp-content\/uploads\/2021\/05\/180421852_3950540278327624_2943725466611329298_n.jpg\" alt=\"\" data-id=\"6391\" data-full-url=\"https:\/\/przylep.edu.pl\/przedszkole\/wp-content\/uploads\/2021\/05\/180421852_3950540278327624_2943725466611329298_n.jpg\" data-link=\"https:\/\/przylep.edu.pl\/przedszkole\/?attachment_id=6391\" class=\"wp-image-6391\" srcset=\"https:\/\/przylep.edu.pl\/przedszkole\/wp-content\/uploads\/2021\/05\/180421852_3950540278327624_2943725466611329298_n.jpg 720w, https:\/\/przylep.edu.pl\/przedszkole\/wp-content\/uploads\/2021\/05\/180421852_3950540278327624_2943725466611329298_n-225x300.jpg 225w\" sizes=\"auto, (max-width: 720px) 100vw, 720px\" \/><\/figure><\/li><li class=\"blocks-gallery-item\"><figure><img loading=\"lazy\" decoding=\"async\" width=\"720\" height=\"960\" src=\"https:\/\/przylep.edu.pl\/przedszkole\/wp-content\/uploads\/2021\/05\/180455992_3950540118327640_2602243619902379215_n.jpg\" alt=\"\" data-id=\"6392\" data-full-url=\"https:\/\/przylep.edu.pl\/przedszkole\/wp-content\/uploads\/2021\/05\/180455992_3950540118327640_2602243619902379215_n.jpg\" data-link=\"https:\/\/przylep.edu.pl\/przedszkole\/?attachment_id=6392\" class=\"wp-image-6392\" srcset=\"https:\/\/przylep.edu.pl\/przedszkole\/wp-content\/uploads\/2021\/05\/180455992_3950540118327640_2602243619902379215_n.jpg 720w, https:\/\/przylep.edu.pl\/przedszkole\/wp-content\/uploads\/2021\/05\/180455992_3950540118327640_2602243619902379215_n-225x300.jpg 225w\" sizes=\"auto, (max-width: 720px) 100vw, 720px\" \/><\/figure><\/li><li class=\"blocks-gallery-item\"><figure><img loading=\"lazy\" decoding=\"async\" width=\"720\" height=\"960\" src=\"https:\/\/przylep.edu.pl\/przedszkole\/wp-content\/uploads\/2021\/05\/180932489_3950540668327585_5206394678880096566_n.jpg\" alt=\"\" data-id=\"6393\" data-full-url=\"https:\/\/przylep.edu.pl\/przedszkole\/wp-content\/uploads\/2021\/05\/180932489_3950540668327585_5206394678880096566_n.jpg\" data-link=\"https:\/\/przylep.edu.pl\/przedszkole\/?attachment_id=6393\" class=\"wp-image-6393\" srcset=\"https:\/\/przylep.edu.pl\/przedszkole\/wp-content\/uploads\/2021\/05\/180932489_3950540668327585_5206394678880096566_n.jpg 720w, https:\/\/przylep.edu.pl\/przedszkole\/wp-content\/uploads\/2021\/05\/180932489_3950540668327585_5206394678880096566_n-225x300.jpg 225w\" sizes=\"auto, (max-width: 720px) 100vw, 720px\" \/><\/figure><\/li><\/ul><\/figure>\n","protected":false},"excerpt":{"rendered":"<p>2 \u00a0maja obchodzony jest Dzie\u0144 Flagi Rzeczypospolitej Polskiej. My tak\u017ce postanowili\u015bmy uczci\u0107 nasze barwy ojczyste. \u00a0Po ca\u0142ym tygodniu zaj\u0119\u0107 po\u015bwi\u0119conych poznawaniu naszych symboli narodowych i\u00a0najwa\u017cniejszych miejsc w\u00a0Polsce, zorganizowali\u015bmy skromne obchody tego \u015bwi\u0119ta w\u00a0przedszkolu.<\/p>\n","protected":false},"author":2,"featured_media":6387,"comment_status":"closed","ping_status":"open","sticky":false,"template":"","format":"standard","meta":{"footnotes":""},"categories":[43],"tags":[],"class_list":["post-6389","post","type-post","status-publish","format-standard","has-post-thumbnail","hentry","category-limonkowa"],"_links":{"self":[{"href":"https:\/\/przylep.edu.pl\/przedszkole\/wp-json\/wp\/v2\/posts\/6389","targetHints":{"allow":["GET"]}}],"collection":[{"href":"https:\/\/przylep.edu.pl\/przedszkole\/wp-json\/wp\/v2\/posts"}],"about":[{"href":"https:\/\/przylep.edu.pl\/przedszkole\/wp-json\/wp\/v2\/types\/post"}],"author":[{"embeddable":true,"href":"https:\/\/przylep.edu.pl\/przedszkole\/wp-json\/wp\/v2\/users\/2"}],"replies":[{"embeddable":true,"href":"https:\/\/przylep.edu.pl\/przedszkole\/wp-json\/wp\/v2\/comments?post=6389"}],"version-history":[{"count":1,"href":"https:\/\/przylep.edu.pl\/przedszkole\/wp-json\/wp\/v2\/posts\/6389\/revisions"}],"predecessor-version":[{"id":6394,"href":"https:\/\/przylep.edu.pl\/przedszkole\/wp-json\/wp\/v2\/posts\/6389\/revisions\/6394"}],"wp:featuredmedia":[{"embeddable":true,"href":"https:\/\/przylep.edu.pl\/przedszkole\/wp-json\/wp\/v2\/media\/6387"}],"wp:attachment":[{"href":"https:\/\/przylep.edu.pl\/przedszkole\/wp-json\/wp\/v2\/media?parent=6389"}],"wp:term":[{"taxonomy":"category","embeddable":true,"href":"https:\/\/przylep.edu.pl\/przedszkole\/wp-json\/wp\/v2\/categories?post=6389"},{"taxonomy":"post_tag","embeddable":true,"href":"https:\/\/przylep.edu.pl\/przedszkole\/wp-json\/wp\/v2\/tags?post=6389"}],"curies":[{"name":"wp","href":"https:\/\/api.w.org\/{rel}","templated":true}]}}