{"id":6382,"date":"2021-05-07T15:14:00","date_gmt":"2021-05-07T13:14:00","guid":{"rendered":"https:\/\/przylep.edu.pl\/przedszkole\/?p=6382"},"modified":"2021-05-17T15:20:03","modified_gmt":"2021-05-17T13:20:03","slug":"majowe-swieta-z-tropicielami","status":"publish","type":"post","link":"https:\/\/przylep.edu.pl\/przedszkole\/2021\/05\/07\/majowe-swieta-z-tropicielami\/","title":{"rendered":"Majowe \u015awi\u0119ta z Tropicielami"},"content":{"rendered":"\n<p>Majowe \u015bwi\u0119ta: 1 Maja \u2013 \u015awi\u0119to Pracy, 2 Maja \u2013 Dzie\u0144 Flagi, 3 Maja \u2013 \u015awi\u0119to Konstytucji, s\u0105 bardzo dobr\u0105 okazj\u0105 do poruszania tematyki patriotycznej. Tropiciele zapoznawa\u0142y si\u0119 z symbolami narodowymi god\u0142o, flaga, hymn. Tworzy\u0142y w\u0142asne wst\u0119gi narodowe, razem wykonywa\u0142y god\u0142o \u2013 \u0107wicz\u0105c przy tym motoryk\u0119 ma\u0142\u0105, konstruowa\u0142y flag\u0119.<br>Majowe \u015bwi\u0119ta sta\u0142y si\u0119 te\u017c okazj\u0105 do wyeksponowania symboli narodowych. Taka wystawa powsta\u0142a, aby podkre\u015bli\u0107 wa\u017cno\u015b\u0107 tych dni i nasz\u0105 to\u017csamo\u015b\u0107 narodow\u0105 \u2013 jeste\u015bmy Polakami.<\/p>\n\n\n\n<figure class=\"wp-block-gallery columns-3 is-cropped wp-block-gallery-1 is-layout-flex wp-block-gallery-is-layout-flex\"><ul class=\"blocks-gallery-grid\"><li class=\"blocks-gallery-item\"><figure><img loading=\"lazy\" decoding=\"async\" width=\"1024\" height=\"461\" src=\"https:\/\/przylep.edu.pl\/przedszkole\/wp-content\/uploads\/2021\/05\/image-1-1-1024x461.jpg\" alt=\"\" data-id=\"6383\" data-full-url=\"https:\/\/przylep.edu.pl\/przedszkole\/wp-content\/uploads\/2021\/05\/image-1-1-scaled.jpg\" data-link=\"https:\/\/przylep.edu.pl\/przedszkole\/?attachment_id=6383\" class=\"wp-image-6383\" srcset=\"https:\/\/przylep.edu.pl\/przedszkole\/wp-content\/uploads\/2021\/05\/image-1-1-1024x461.jpg 1024w, https:\/\/przylep.edu.pl\/przedszkole\/wp-content\/uploads\/2021\/05\/image-1-1-300x135.jpg 300w, https:\/\/przylep.edu.pl\/przedszkole\/wp-content\/uploads\/2021\/05\/image-1-1-768x346.jpg 768w, https:\/\/przylep.edu.pl\/przedszkole\/wp-content\/uploads\/2021\/05\/image-1-1-1536x691.jpg 1536w, https:\/\/przylep.edu.pl\/przedszkole\/wp-content\/uploads\/2021\/05\/image-1-1-2048x922.jpg 2048w\" sizes=\"auto, (max-width: 1024px) 100vw, 1024px\" \/><\/figure><\/li><li class=\"blocks-gallery-item\"><figure><img loading=\"lazy\" decoding=\"async\" width=\"750\" height=\"563\" src=\"https:\/\/przylep.edu.pl\/przedszkole\/wp-content\/uploads\/2021\/05\/image-2-1.jpg\" alt=\"\" data-id=\"6384\" data-full-url=\"https:\/\/przylep.edu.pl\/przedszkole\/wp-content\/uploads\/2021\/05\/image-2-1.jpg\" data-link=\"https:\/\/przylep.edu.pl\/przedszkole\/?attachment_id=6384\" class=\"wp-image-6384\" srcset=\"https:\/\/przylep.edu.pl\/przedszkole\/wp-content\/uploads\/2021\/05\/image-2-1.jpg 750w, https:\/\/przylep.edu.pl\/przedszkole\/wp-content\/uploads\/2021\/05\/image-2-1-300x225.jpg 300w, https:\/\/przylep.edu.pl\/przedszkole\/wp-content\/uploads\/2021\/05\/image-2-1-600x450.jpg 600w\" sizes=\"auto, (max-width: 750px) 100vw, 750px\" \/><\/figure><\/li><li class=\"blocks-gallery-item\"><figure><img loading=\"lazy\" decoding=\"async\" width=\"750\" height=\"1000\" src=\"https:\/\/przylep.edu.pl\/przedszkole\/wp-content\/uploads\/2021\/05\/image-3-1.jpg\" alt=\"\" data-id=\"6385\" data-full-url=\"https:\/\/przylep.edu.pl\/przedszkole\/wp-content\/uploads\/2021\/05\/image-3-1.jpg\" data-link=\"https:\/\/przylep.edu.pl\/przedszkole\/?attachment_id=6385\" class=\"wp-image-6385\" srcset=\"https:\/\/przylep.edu.pl\/przedszkole\/wp-content\/uploads\/2021\/05\/image-3-1.jpg 750w, https:\/\/przylep.edu.pl\/przedszkole\/wp-content\/uploads\/2021\/05\/image-3-1-225x300.jpg 225w\" sizes=\"auto, (max-width: 750px) 100vw, 750px\" \/><\/figure><\/li><li class=\"blocks-gallery-item\"><figure><img loading=\"lazy\" decoding=\"async\" width=\"750\" height=\"338\" src=\"https:\/\/przylep.edu.pl\/przedszkole\/wp-content\/uploads\/2021\/05\/image-6.jpg\" alt=\"\" data-id=\"6386\" data-full-url=\"https:\/\/przylep.edu.pl\/przedszkole\/wp-content\/uploads\/2021\/05\/image-6.jpg\" data-link=\"https:\/\/przylep.edu.pl\/przedszkole\/?attachment_id=6386\" class=\"wp-image-6386\" srcset=\"https:\/\/przylep.edu.pl\/przedszkole\/wp-content\/uploads\/2021\/05\/image-6.jpg 750w, https:\/\/przylep.edu.pl\/przedszkole\/wp-content\/uploads\/2021\/05\/image-6-300x135.jpg 300w\" sizes=\"auto, (max-width: 750px) 100vw, 750px\" \/><\/figure><\/li><\/ul><\/figure>\n","protected":false},"excerpt":{"rendered":"<p>Majowe \u015bwi\u0119ta: 1 Maja \u2013 \u015awi\u0119to Pracy, 2 Maja \u2013 Dzie\u0144 Flagi, 3 Maja \u2013 \u015awi\u0119to Konstytucji, s\u0105 bardzo dobr\u0105 okazj\u0105 do poruszania tematyki patriotycznej. Tropiciele zapoznawa\u0142y si\u0119 z symbolami narodowymi god\u0142o, flaga, hymn. Tworzy\u0142y w\u0142asne wst\u0119gi narodowe, razem wykonywa\u0142y god\u0142o \u2013 \u0107wicz\u0105c przy tym motoryk\u0119 ma\u0142\u0105, konstruowa\u0142y flag\u0119.Majowe \u015bwi\u0119ta sta\u0142y si\u0119 te\u017c okazj\u0105 do [&hellip;]<\/p>\n","protected":false},"author":2,"featured_media":6387,"comment_status":"closed","ping_status":"open","sticky":false,"template":"","format":"standard","meta":{"footnotes":""},"categories":[44],"tags":[],"class_list":["post-6382","post","type-post","status-publish","format-standard","has-post-thumbnail","hentry","category-zolta"],"_links":{"self":[{"href":"https:\/\/przylep.edu.pl\/przedszkole\/wp-json\/wp\/v2\/posts\/6382","targetHints":{"allow":["GET"]}}],"collection":[{"href":"https:\/\/przylep.edu.pl\/przedszkole\/wp-json\/wp\/v2\/posts"}],"about":[{"href":"https:\/\/przylep.edu.pl\/przedszkole\/wp-json\/wp\/v2\/types\/post"}],"author":[{"embeddable":true,"href":"https:\/\/przylep.edu.pl\/przedszkole\/wp-json\/wp\/v2\/users\/2"}],"replies":[{"embeddable":true,"href":"https:\/\/przylep.edu.pl\/przedszkole\/wp-json\/wp\/v2\/comments?post=6382"}],"version-history":[{"count":1,"href":"https:\/\/przylep.edu.pl\/przedszkole\/wp-json\/wp\/v2\/posts\/6382\/revisions"}],"predecessor-version":[{"id":6388,"href":"https:\/\/przylep.edu.pl\/przedszkole\/wp-json\/wp\/v2\/posts\/6382\/revisions\/6388"}],"wp:featuredmedia":[{"embeddable":true,"href":"https:\/\/przylep.edu.pl\/przedszkole\/wp-json\/wp\/v2\/media\/6387"}],"wp:attachment":[{"href":"https:\/\/przylep.edu.pl\/przedszkole\/wp-json\/wp\/v2\/media?parent=6382"}],"wp:term":[{"taxonomy":"category","embeddable":true,"href":"https:\/\/przylep.edu.pl\/przedszkole\/wp-json\/wp\/v2\/categories?post=6382"},{"taxonomy":"post_tag","embeddable":true,"href":"https:\/\/przylep.edu.pl\/przedszkole\/wp-json\/wp\/v2\/tags?post=6382"}],"curies":[{"name":"wp","href":"https:\/\/api.w.org\/{rel}","templated":true}]}}