{"id":6373,"date":"2021-04-23T15:06:00","date_gmt":"2021-04-23T13:06:00","guid":{"rendered":"https:\/\/przylep.edu.pl\/przedszkole\/?p=6373"},"modified":"2021-05-17T15:13:23","modified_gmt":"2021-05-17T13:13:23","slug":"ekotydzien-u-tropicieli","status":"publish","type":"post","link":"https:\/\/przylep.edu.pl\/przedszkole\/2021\/04\/23\/ekotydzien-u-tropicieli\/","title":{"rendered":"Ekotydzie\u0144 u Tropicieli"},"content":{"rendered":"\n<p>Co roku 22 kwietnia, na ca\u0142ym \u015bwiecie obchodzone jest wyj\u0105tkowe \u015bwi\u0119to \u2013 Mi\u0119dzynarodowy Dzie\u0144 Ziemi. W tym wa\u017cnym dniu powinni\u015bmy wszyscy, cho\u0107 przez chwil\u0119 pomy\u015ble\u0107 o planecie, na kt\u00f3rej \u017cyjemy i o otaczaj\u0105cej nas przyrodzie.<br>Tropiciele przez ca\u0142y tydzie\u0144 zag\u0142\u0119bia\u0142y Kodeks Ma\u0142ego Ekologa, tworzy\u0142y w\u0142asne Eko zabawki, bra\u0142y czynny udzia\u0142 w akcji \u201eSprz\u0105tanie \u015awiata\u201d, przypomina\u0142y sobie zasady segregacji \u015bmieci.<br>Dzieci z zapa\u0142em wykona\u0142y tak\u017ce prace plastyczne po\u015bwi\u0119cone tej tematyce. Wszyscy zgodnie stwierdzili, \u017ce chc\u0105 \u017cy\u0107 ekologicznie aby nasza planeta \u00a0Ziemia by\u0142a szcz\u0119\u015bliwa.<\/p>\n\n\n\n<figure class=\"wp-block-gallery columns-3 is-cropped wp-block-gallery-1 is-layout-flex wp-block-gallery-is-layout-flex\"><ul class=\"blocks-gallery-grid\"><li class=\"blocks-gallery-item\"><figure><img loading=\"lazy\" decoding=\"async\" width=\"750\" height=\"563\" src=\"https:\/\/przylep.edu.pl\/przedszkole\/wp-content\/uploads\/2021\/05\/image-1.jpg\" alt=\"\" data-id=\"6374\" data-full-url=\"https:\/\/przylep.edu.pl\/przedszkole\/wp-content\/uploads\/2021\/05\/image-1.jpg\" data-link=\"https:\/\/przylep.edu.pl\/przedszkole\/?attachment_id=6374\" class=\"wp-image-6374\" srcset=\"https:\/\/przylep.edu.pl\/przedszkole\/wp-content\/uploads\/2021\/05\/image-1.jpg 750w, https:\/\/przylep.edu.pl\/przedszkole\/wp-content\/uploads\/2021\/05\/image-1-300x225.jpg 300w, https:\/\/przylep.edu.pl\/przedszkole\/wp-content\/uploads\/2021\/05\/image-1-600x450.jpg 600w\" sizes=\"auto, (max-width: 750px) 100vw, 750px\" \/><\/figure><\/li><li class=\"blocks-gallery-item\"><figure><img loading=\"lazy\" decoding=\"async\" width=\"750\" height=\"563\" src=\"https:\/\/przylep.edu.pl\/przedszkole\/wp-content\/uploads\/2021\/05\/image-2.jpg\" alt=\"\" data-id=\"6375\" data-full-url=\"https:\/\/przylep.edu.pl\/przedszkole\/wp-content\/uploads\/2021\/05\/image-2.jpg\" data-link=\"https:\/\/przylep.edu.pl\/przedszkole\/?attachment_id=6375\" class=\"wp-image-6375\" srcset=\"https:\/\/przylep.edu.pl\/przedszkole\/wp-content\/uploads\/2021\/05\/image-2.jpg 750w, https:\/\/przylep.edu.pl\/przedszkole\/wp-content\/uploads\/2021\/05\/image-2-300x225.jpg 300w, https:\/\/przylep.edu.pl\/przedszkole\/wp-content\/uploads\/2021\/05\/image-2-600x450.jpg 600w\" sizes=\"auto, (max-width: 750px) 100vw, 750px\" \/><\/figure><\/li><li class=\"blocks-gallery-item\"><figure><img loading=\"lazy\" decoding=\"async\" width=\"750\" height=\"563\" src=\"https:\/\/przylep.edu.pl\/przedszkole\/wp-content\/uploads\/2021\/05\/image-3.jpg\" alt=\"\" data-id=\"6376\" data-full-url=\"https:\/\/przylep.edu.pl\/przedszkole\/wp-content\/uploads\/2021\/05\/image-3.jpg\" data-link=\"https:\/\/przylep.edu.pl\/przedszkole\/?attachment_id=6376\" class=\"wp-image-6376\" srcset=\"https:\/\/przylep.edu.pl\/przedszkole\/wp-content\/uploads\/2021\/05\/image-3.jpg 750w, https:\/\/przylep.edu.pl\/przedszkole\/wp-content\/uploads\/2021\/05\/image-3-300x225.jpg 300w, https:\/\/przylep.edu.pl\/przedszkole\/wp-content\/uploads\/2021\/05\/image-3-600x450.jpg 600w\" sizes=\"auto, (max-width: 750px) 100vw, 750px\" \/><\/figure><\/li><li class=\"blocks-gallery-item\"><figure><img loading=\"lazy\" decoding=\"async\" width=\"750\" height=\"338\" src=\"https:\/\/przylep.edu.pl\/przedszkole\/wp-content\/uploads\/2021\/05\/image-4.jpg\" alt=\"\" data-id=\"6377\" data-full-url=\"https:\/\/przylep.edu.pl\/przedszkole\/wp-content\/uploads\/2021\/05\/image-4.jpg\" data-link=\"https:\/\/przylep.edu.pl\/przedszkole\/?attachment_id=6377\" class=\"wp-image-6377\" srcset=\"https:\/\/przylep.edu.pl\/przedszkole\/wp-content\/uploads\/2021\/05\/image-4.jpg 750w, https:\/\/przylep.edu.pl\/przedszkole\/wp-content\/uploads\/2021\/05\/image-4-300x135.jpg 300w\" sizes=\"auto, (max-width: 750px) 100vw, 750px\" \/><\/figure><\/li><li class=\"blocks-gallery-item\"><figure><img loading=\"lazy\" decoding=\"async\" width=\"750\" height=\"563\" src=\"https:\/\/przylep.edu.pl\/przedszkole\/wp-content\/uploads\/2021\/05\/image-5.jpg\" alt=\"\" data-id=\"6378\" data-full-url=\"https:\/\/przylep.edu.pl\/przedszkole\/wp-content\/uploads\/2021\/05\/image-5.jpg\" data-link=\"https:\/\/przylep.edu.pl\/przedszkole\/?attachment_id=6378\" class=\"wp-image-6378\" srcset=\"https:\/\/przylep.edu.pl\/przedszkole\/wp-content\/uploads\/2021\/05\/image-5.jpg 750w, https:\/\/przylep.edu.pl\/przedszkole\/wp-content\/uploads\/2021\/05\/image-5-300x225.jpg 300w, https:\/\/przylep.edu.pl\/przedszkole\/wp-content\/uploads\/2021\/05\/image-5-600x450.jpg 600w\" sizes=\"auto, (max-width: 750px) 100vw, 750px\" \/><\/figure><\/li><li class=\"blocks-gallery-item\"><figure><img loading=\"lazy\" decoding=\"async\" width=\"1024\" height=\"768\" src=\"https:\/\/przylep.edu.pl\/przedszkole\/wp-content\/uploads\/2021\/05\/image-1024x768.jpg\" alt=\"\" data-id=\"6379\" data-full-url=\"https:\/\/przylep.edu.pl\/przedszkole\/wp-content\/uploads\/2021\/05\/image.jpg\" data-link=\"https:\/\/przylep.edu.pl\/przedszkole\/?attachment_id=6379\" class=\"wp-image-6379\" srcset=\"https:\/\/przylep.edu.pl\/przedszkole\/wp-content\/uploads\/2021\/05\/image-1024x768.jpg 1024w, https:\/\/przylep.edu.pl\/przedszkole\/wp-content\/uploads\/2021\/05\/image-300x225.jpg 300w, https:\/\/przylep.edu.pl\/przedszkole\/wp-content\/uploads\/2021\/05\/image-768x576.jpg 768w, https:\/\/przylep.edu.pl\/przedszkole\/wp-content\/uploads\/2021\/05\/image-1536x1152.jpg 1536w, https:\/\/przylep.edu.pl\/przedszkole\/wp-content\/uploads\/2021\/05\/image-600x450.jpg 600w, https:\/\/przylep.edu.pl\/przedszkole\/wp-content\/uploads\/2021\/05\/image.jpg 2048w\" sizes=\"auto, (max-width: 1024px) 100vw, 1024px\" \/><\/figure><\/li><\/ul><\/figure>\n","protected":false},"excerpt":{"rendered":"<p>Co roku 22 kwietnia, na ca\u0142ym \u015bwiecie obchodzone jest wyj\u0105tkowe \u015bwi\u0119to \u2013 Mi\u0119dzynarodowy Dzie\u0144 Ziemi. W tym wa\u017cnym dniu powinni\u015bmy wszyscy, cho\u0107 przez chwil\u0119 pomy\u015ble\u0107 o planecie, na kt\u00f3rej \u017cyjemy i o otaczaj\u0105cej nas przyrodzie.Tropiciele przez ca\u0142y tydzie\u0144 zag\u0142\u0119bia\u0142y Kodeks Ma\u0142ego Ekologa, tworzy\u0142y w\u0142asne Eko zabawki, bra\u0142y czynny udzia\u0142 w akcji \u201eSprz\u0105tanie \u015awiata\u201d, przypomina\u0142y sobie [&hellip;]<\/p>\n","protected":false},"author":2,"featured_media":6380,"comment_status":"closed","ping_status":"open","sticky":false,"template":"","format":"standard","meta":{"footnotes":""},"categories":[44],"tags":[],"class_list":["post-6373","post","type-post","status-publish","format-standard","has-post-thumbnail","hentry","category-zolta"],"_links":{"self":[{"href":"https:\/\/przylep.edu.pl\/przedszkole\/wp-json\/wp\/v2\/posts\/6373","targetHints":{"allow":["GET"]}}],"collection":[{"href":"https:\/\/przylep.edu.pl\/przedszkole\/wp-json\/wp\/v2\/posts"}],"about":[{"href":"https:\/\/przylep.edu.pl\/przedszkole\/wp-json\/wp\/v2\/types\/post"}],"author":[{"embeddable":true,"href":"https:\/\/przylep.edu.pl\/przedszkole\/wp-json\/wp\/v2\/users\/2"}],"replies":[{"embeddable":true,"href":"https:\/\/przylep.edu.pl\/przedszkole\/wp-json\/wp\/v2\/comments?post=6373"}],"version-history":[{"count":1,"href":"https:\/\/przylep.edu.pl\/przedszkole\/wp-json\/wp\/v2\/posts\/6373\/revisions"}],"predecessor-version":[{"id":6381,"href":"https:\/\/przylep.edu.pl\/przedszkole\/wp-json\/wp\/v2\/posts\/6373\/revisions\/6381"}],"wp:featuredmedia":[{"embeddable":true,"href":"https:\/\/przylep.edu.pl\/przedszkole\/wp-json\/wp\/v2\/media\/6380"}],"wp:attachment":[{"href":"https:\/\/przylep.edu.pl\/przedszkole\/wp-json\/wp\/v2\/media?parent=6373"}],"wp:term":[{"taxonomy":"category","embeddable":true,"href":"https:\/\/przylep.edu.pl\/przedszkole\/wp-json\/wp\/v2\/categories?post=6373"},{"taxonomy":"post_tag","embeddable":true,"href":"https:\/\/przylep.edu.pl\/przedszkole\/wp-json\/wp\/v2\/tags?post=6373"}],"curies":[{"name":"wp","href":"https:\/\/api.w.org\/{rel}","templated":true}]}}