{"id":6370,"date":"2021-05-15T08:03:43","date_gmt":"2021-05-15T06:03:43","guid":{"rendered":"https:\/\/przylep.edu.pl\/przedszkole\/?p=6370"},"modified":"2021-05-15T08:03:44","modified_gmt":"2021-05-15T06:03:44","slug":"razem-mozemy-wiecej","status":"publish","type":"post","link":"https:\/\/przylep.edu.pl\/przedszkole\/2021\/05\/15\/razem-mozemy-wiecej\/","title":{"rendered":"Razem mo\u017cemy wi\u0119cej!"},"content":{"rendered":"\n<p>Szanowni Pa\u0144stwo! <\/p>\n\n\n\n<p>Spontaniczna akcja, zwi\u0105zana z pomoc\u0105 Wiktorowi, okaza\u0142a si\u0119 wielkim sukcesem! Dzi\u0119kuj\u0119 za ka\u017cd\u0105 rzecz przyniesion\u0105 na Pchli Targ, ka\u017cd\u0105 z\u0142ot\u00f3wk\u0119 wydan\u0105 na fantastyczne przedmioty, ka\u017cdy wypity \u0142yk kawy. Bez Pa\u0144stwa zaanga\u017cowania nie by\u0142oby tej kwoty &#8211; 4953 z\u0142, kt\u00f3ra zosta\u0142 ju\u017c wp\u0142acona na SIEPOMAGA.PL <\/p>\n\n\n\n<p>Emocje towarzysz\u0105ce tej akcji wpisz\u0105 si\u0119 w nasz\u0105 pami\u0119\u0107 i serca.<\/p>\n\n\n\n<p>Dzi\u0119kuj\u0119 Radzie Rodzic\u00f3w za b\u0142yskawiczne w\u0142\u0105czenie si\u0119 do akcji oraz WSZYSTKIM pracownikom Zespo\u0142u Szkolno- Przedszkolnego w Przylepie  Jestem dumna, \u017ce mog\u0119 pracowa\u0107 z takimi osobami.<\/p>\n\n\n\n<p>Dobro jest przysz\u0142o\u015bci\u0105! <\/p>\n\n\n\n<p>W sobot\u0119 mo\u017cna jeszcze wypi\u0107 kaw\u0119 w kawiarniach, kt\u00f3re w\u0142\u0105czy\u0142y si\u0119 do akcji pomocy Wiktorowi. Polecam.<\/p>\n\n\n\n<p>Iwona Wierzbicka<\/p>\n","protected":false},"excerpt":{"rendered":"<p>Szanowni Pa\u0144stwo! Spontaniczna akcja, zwi\u0105zana z pomoc\u0105 Wiktorowi, okaza\u0142a si\u0119 wielkim sukcesem! Dzi\u0119kuj\u0119 za ka\u017cd\u0105 rzecz przyniesion\u0105 na Pchli Targ, ka\u017cd\u0105 z\u0142ot\u00f3wk\u0119 wydan\u0105 na fantastyczne przedmioty, ka\u017cdy wypity \u0142yk kawy. Bez Pa\u0144stwa zaanga\u017cowania nie by\u0142oby tej kwoty &#8211; 4953 z\u0142, kt\u00f3ra zosta\u0142 ju\u017c wp\u0142acona na SIEPOMAGA.PL Emocje towarzysz\u0105ce tej akcji wpisz\u0105 si\u0119 w nasz\u0105 pami\u0119\u0107 [&hellip;]<\/p>\n","protected":false},"author":2,"featured_media":6371,"comment_status":"closed","ping_status":"open","sticky":false,"template":"","format":"standard","meta":{"footnotes":""},"categories":[45,40],"tags":[],"class_list":["post-6370","post","type-post","status-publish","format-standard","has-post-thumbnail","hentry","category-aktualnosci","category-strona-glowna"],"_links":{"self":[{"href":"https:\/\/przylep.edu.pl\/przedszkole\/wp-json\/wp\/v2\/posts\/6370","targetHints":{"allow":["GET"]}}],"collection":[{"href":"https:\/\/przylep.edu.pl\/przedszkole\/wp-json\/wp\/v2\/posts"}],"about":[{"href":"https:\/\/przylep.edu.pl\/przedszkole\/wp-json\/wp\/v2\/types\/post"}],"author":[{"embeddable":true,"href":"https:\/\/przylep.edu.pl\/przedszkole\/wp-json\/wp\/v2\/users\/2"}],"replies":[{"embeddable":true,"href":"https:\/\/przylep.edu.pl\/przedszkole\/wp-json\/wp\/v2\/comments?post=6370"}],"version-history":[{"count":1,"href":"https:\/\/przylep.edu.pl\/przedszkole\/wp-json\/wp\/v2\/posts\/6370\/revisions"}],"predecessor-version":[{"id":6372,"href":"https:\/\/przylep.edu.pl\/przedszkole\/wp-json\/wp\/v2\/posts\/6370\/revisions\/6372"}],"wp:featuredmedia":[{"embeddable":true,"href":"https:\/\/przylep.edu.pl\/przedszkole\/wp-json\/wp\/v2\/media\/6371"}],"wp:attachment":[{"href":"https:\/\/przylep.edu.pl\/przedszkole\/wp-json\/wp\/v2\/media?parent=6370"}],"wp:term":[{"taxonomy":"category","embeddable":true,"href":"https:\/\/przylep.edu.pl\/przedszkole\/wp-json\/wp\/v2\/categories?post=6370"},{"taxonomy":"post_tag","embeddable":true,"href":"https:\/\/przylep.edu.pl\/przedszkole\/wp-json\/wp\/v2\/tags?post=6370"}],"curies":[{"name":"wp","href":"https:\/\/api.w.org\/{rel}","templated":true}]}}