{"id":6359,"date":"2021-05-11T09:31:17","date_gmt":"2021-05-11T07:31:17","guid":{"rendered":"https:\/\/przylep.edu.pl\/przedszkole\/?p=6359"},"modified":"2021-05-11T22:02:17","modified_gmt":"2021-05-11T20:02:17","slug":"kto-moze-niech-pomoze-dla-wiktora","status":"publish","type":"post","link":"https:\/\/przylep.edu.pl\/przedszkole\/2021\/05\/11\/kto-moze-niech-pomoze-dla-wiktora\/","title":{"rendered":"Kto mo\u017ce, niech pomo\u017ce! Dla Wiktora!"},"content":{"rendered":"\n<p>Szanowni Pa\u0144stwo, w imieniu pracownik\u00f3w naszej plac\u00f3wki oraz spo\u0142eczno\u015bci Szko\u0142y Podstawowej nr 55 w Szczecinie, zapraszam Pa\u0144stwa do udzia\u0142u w Pchlim Targu, z kt\u00f3rego ca\u0142y doch\u00f3d b\u0119dzie przeznaczony dla ucznia SP 55 &#8222;B\u0142\u0119kitna&#8221;. Wiktor jest dwunastolatkiem, o kt\u00f3rym g\u0142o\u015bno si\u0119 zrobi\u0142o pod koniec kwietnia, poniewa\u017c potrzebuje na operacj\u0119 bardzo du\u017cej kwoty pieni\u0119dzy i musi j\u0105 zdoby\u0107 do 17 maja. Ten m\u0142ody cz\u0142owiek potrzebuje pomocy ludzi o dobrych sercach, a Pa\u0144stwo takie macie! Wiedz\u0105 o tym koty ze schroniska, seniorzy, nasze p\u00f3\u0142ki z ksi\u0105\u017ckami i zabawkami, a ma okazj\u0119 o tym si\u0119 dowiedzie\u0107 Wiktor. Zach\u0119cam do aktywnego udzia\u0142u. Akcja jest szybka i kr\u00f3tkotrwa\u0142a- 12-14 maja.<\/p>\n\n\n\n<p>Zasady Pchlego Targu:<\/p>\n\n\n\n<ul class=\"wp-block-list\"><li>Przynosz\u0119 rzeczy: ksi\u0105\u017cki, zabawki, gry stolikowe, artyku\u0142u gospodarstwa domowego, kt\u00f3re w domu tylko si\u0119 kurz\u0105.<\/li><li>Kupuj\u0119 rzeczy, kt\u00f3re s\u0105 wystawione, wrzucaj\u0105c do puszki kwot\u0119, kt\u00f3ra b\u0119dzie wypisana na wybranym przedmiocie lub wi\u0119ksz\u0105. <\/li><li>Jestem przyk\u0142adem dla swojego dziecka, opowiadam w domu o tej charytatywnej akcji.  <\/li><li>W tych dniach b\u0119dzie mo\u017cna zabra\u0107 na wynos r\u00f3wnie\u017c pyszn\u0105 kaw\u0119. Nasza kawiarenka b\u0119dzie dzia\u0142a\u0107 w godzinach od 7 do 9. <\/li><li>Dobro jest przysz\u0142o\u015bci\u0105! Razem mo\u017cemy wi\u0119cej- Zach\u0119cam do akcji-dyrektor Iwona Wierzbicka<\/li><li><a href=\"https:\/\/www.siepomaga.pl\/wiktor-lewicki\">Wiktor Lewicki &#8211; zbi\u00f3rka charytatywna | Siepomaga.pl<\/a><\/li><\/ul>\n\n\n\n<figure class=\"wp-block-image size-large\"><img loading=\"lazy\" decoding=\"async\" width=\"222\" height=\"223\" src=\"https:\/\/przylep.edu.pl\/przedszkole\/wp-content\/uploads\/2021\/05\/Kto-moze-niech-pomoze.png\" alt=\"\" class=\"wp-image-6360\" srcset=\"https:\/\/przylep.edu.pl\/przedszkole\/wp-content\/uploads\/2021\/05\/Kto-moze-niech-pomoze.png 222w, https:\/\/przylep.edu.pl\/przedszkole\/wp-content\/uploads\/2021\/05\/Kto-moze-niech-pomoze-150x150.png 150w\" sizes=\"auto, (max-width: 222px) 100vw, 222px\" \/><\/figure>\n","protected":false},"excerpt":{"rendered":"<p>Szanowni Pa\u0144stwo, w imieniu pracownik\u00f3w naszej plac\u00f3wki oraz spo\u0142eczno\u015bci Szko\u0142y Podstawowej nr 55 w Szczecinie, zapraszam Pa\u0144stwa do udzia\u0142u w Pchlim Targu, z kt\u00f3rego ca\u0142y doch\u00f3d b\u0119dzie przeznaczony dla ucznia SP 55 &#8222;B\u0142\u0119kitna&#8221;. Wiktor jest dwunastolatkiem, o kt\u00f3rym g\u0142o\u015bno si\u0119 zrobi\u0142o pod koniec kwietnia, poniewa\u017c potrzebuje na operacj\u0119 bardzo du\u017cej kwoty pieni\u0119dzy i musi j\u0105 [&hellip;]<\/p>\n","protected":false},"author":2,"featured_media":6361,"comment_status":"closed","ping_status":"open","sticky":false,"template":"","format":"standard","meta":{"footnotes":""},"categories":[45,40],"tags":[],"class_list":["post-6359","post","type-post","status-publish","format-standard","has-post-thumbnail","hentry","category-aktualnosci","category-strona-glowna"],"_links":{"self":[{"href":"https:\/\/przylep.edu.pl\/przedszkole\/wp-json\/wp\/v2\/posts\/6359","targetHints":{"allow":["GET"]}}],"collection":[{"href":"https:\/\/przylep.edu.pl\/przedszkole\/wp-json\/wp\/v2\/posts"}],"about":[{"href":"https:\/\/przylep.edu.pl\/przedszkole\/wp-json\/wp\/v2\/types\/post"}],"author":[{"embeddable":true,"href":"https:\/\/przylep.edu.pl\/przedszkole\/wp-json\/wp\/v2\/users\/2"}],"replies":[{"embeddable":true,"href":"https:\/\/przylep.edu.pl\/przedszkole\/wp-json\/wp\/v2\/comments?post=6359"}],"version-history":[{"count":4,"href":"https:\/\/przylep.edu.pl\/przedszkole\/wp-json\/wp\/v2\/posts\/6359\/revisions"}],"predecessor-version":[{"id":6368,"href":"https:\/\/przylep.edu.pl\/przedszkole\/wp-json\/wp\/v2\/posts\/6359\/revisions\/6368"}],"wp:featuredmedia":[{"embeddable":true,"href":"https:\/\/przylep.edu.pl\/przedszkole\/wp-json\/wp\/v2\/media\/6361"}],"wp:attachment":[{"href":"https:\/\/przylep.edu.pl\/przedszkole\/wp-json\/wp\/v2\/media?parent=6359"}],"wp:term":[{"taxonomy":"category","embeddable":true,"href":"https:\/\/przylep.edu.pl\/przedszkole\/wp-json\/wp\/v2\/categories?post=6359"},{"taxonomy":"post_tag","embeddable":true,"href":"https:\/\/przylep.edu.pl\/przedszkole\/wp-json\/wp\/v2\/tags?post=6359"}],"curies":[{"name":"wp","href":"https:\/\/api.w.org\/{rel}","templated":true}]}}