{"id":6325,"date":"2021-04-22T09:10:00","date_gmt":"2021-04-22T07:10:00","guid":{"rendered":"https:\/\/przylep.edu.pl\/przedszkole\/?p=6325"},"modified":"2021-05-04T09:17:54","modified_gmt":"2021-05-04T07:17:54","slug":"rodzinne-ekozabawki","status":"publish","type":"post","link":"https:\/\/przylep.edu.pl\/przedszkole\/2021\/04\/22\/rodzinne-ekozabawki\/","title":{"rendered":"Rodzinne Ekozabawki"},"content":{"rendered":"\n<p>W ekologicznym tygodniu Nasze przedszkolaki zrobi\u0142y wraz z rodzicami przepi\u0119kne ekozabawki. Dzieci by\u0142y zachwycone i z dum\u0105 prezentowa\u0142y zabawki przed ca\u0142\u0105 grup\u0105. Dzi\u0119kujemy rodzicom za aktywny udzia\u0142 w \u017cyciu grupy. <\/p>\n\n\n\n<figure class=\"wp-block-gallery columns-3 is-cropped wp-block-gallery-1 is-layout-flex wp-block-gallery-is-layout-flex\"><ul class=\"blocks-gallery-grid\"><li class=\"blocks-gallery-item\"><figure><img loading=\"lazy\" decoding=\"async\" width=\"720\" height=\"960\" src=\"https:\/\/przylep.edu.pl\/przedszkole\/wp-content\/uploads\/2021\/05\/176165358_4212957608750112_5337770995588170156_n.jpg\" alt=\"\" data-id=\"6326\" data-full-url=\"https:\/\/przylep.edu.pl\/przedszkole\/wp-content\/uploads\/2021\/05\/176165358_4212957608750112_5337770995588170156_n.jpg\" data-link=\"https:\/\/przylep.edu.pl\/przedszkole\/?attachment_id=6326\" class=\"wp-image-6326\" srcset=\"https:\/\/przylep.edu.pl\/przedszkole\/wp-content\/uploads\/2021\/05\/176165358_4212957608750112_5337770995588170156_n.jpg 720w, https:\/\/przylep.edu.pl\/przedszkole\/wp-content\/uploads\/2021\/05\/176165358_4212957608750112_5337770995588170156_n-225x300.jpg 225w\" sizes=\"auto, (max-width: 720px) 100vw, 720px\" \/><\/figure><\/li><li class=\"blocks-gallery-item\"><figure><img loading=\"lazy\" decoding=\"async\" width=\"720\" height=\"960\" src=\"https:\/\/przylep.edu.pl\/przedszkole\/wp-content\/uploads\/2021\/05\/176171446_4212956278750245_6871534855008073301_n.jpg\" alt=\"\" data-id=\"6327\" data-full-url=\"https:\/\/przylep.edu.pl\/przedszkole\/wp-content\/uploads\/2021\/05\/176171446_4212956278750245_6871534855008073301_n.jpg\" data-link=\"https:\/\/przylep.edu.pl\/przedszkole\/?attachment_id=6327\" class=\"wp-image-6327\" srcset=\"https:\/\/przylep.edu.pl\/przedszkole\/wp-content\/uploads\/2021\/05\/176171446_4212956278750245_6871534855008073301_n.jpg 720w, https:\/\/przylep.edu.pl\/przedszkole\/wp-content\/uploads\/2021\/05\/176171446_4212956278750245_6871534855008073301_n-225x300.jpg 225w\" sizes=\"auto, (max-width: 720px) 100vw, 720px\" \/><\/figure><\/li><li class=\"blocks-gallery-item\"><figure><img loading=\"lazy\" decoding=\"async\" width=\"720\" height=\"960\" src=\"https:\/\/przylep.edu.pl\/przedszkole\/wp-content\/uploads\/2021\/05\/176375475_4212956398750233_2012721876818868526_n.jpg\" alt=\"\" data-id=\"6328\" data-full-url=\"https:\/\/przylep.edu.pl\/przedszkole\/wp-content\/uploads\/2021\/05\/176375475_4212956398750233_2012721876818868526_n.jpg\" data-link=\"https:\/\/przylep.edu.pl\/przedszkole\/?attachment_id=6328\" class=\"wp-image-6328\" srcset=\"https:\/\/przylep.edu.pl\/przedszkole\/wp-content\/uploads\/2021\/05\/176375475_4212956398750233_2012721876818868526_n.jpg 720w, https:\/\/przylep.edu.pl\/przedszkole\/wp-content\/uploads\/2021\/05\/176375475_4212956398750233_2012721876818868526_n-225x300.jpg 225w\" sizes=\"auto, (max-width: 720px) 100vw, 720px\" \/><\/figure><\/li><li class=\"blocks-gallery-item\"><figure><img loading=\"lazy\" decoding=\"async\" width=\"720\" height=\"960\" src=\"https:\/\/przylep.edu.pl\/przedszkole\/wp-content\/uploads\/2021\/05\/176434860_4212956622083544_909889452866493262_n.jpg\" alt=\"\" data-id=\"6329\" data-full-url=\"https:\/\/przylep.edu.pl\/przedszkole\/wp-content\/uploads\/2021\/05\/176434860_4212956622083544_909889452866493262_n.jpg\" data-link=\"https:\/\/przylep.edu.pl\/przedszkole\/?attachment_id=6329\" class=\"wp-image-6329\" srcset=\"https:\/\/przylep.edu.pl\/przedszkole\/wp-content\/uploads\/2021\/05\/176434860_4212956622083544_909889452866493262_n.jpg 720w, https:\/\/przylep.edu.pl\/przedszkole\/wp-content\/uploads\/2021\/05\/176434860_4212956622083544_909889452866493262_n-225x300.jpg 225w\" sizes=\"auto, (max-width: 720px) 100vw, 720px\" \/><\/figure><\/li><li class=\"blocks-gallery-item\"><figure><img loading=\"lazy\" decoding=\"async\" width=\"720\" height=\"960\" src=\"https:\/\/przylep.edu.pl\/przedszkole\/wp-content\/uploads\/2021\/05\/176604859_4212957272083479_5178628062000233341_n.jpg\" alt=\"\" data-id=\"6330\" data-full-url=\"https:\/\/przylep.edu.pl\/przedszkole\/wp-content\/uploads\/2021\/05\/176604859_4212957272083479_5178628062000233341_n.jpg\" data-link=\"https:\/\/przylep.edu.pl\/przedszkole\/?attachment_id=6330\" class=\"wp-image-6330\" srcset=\"https:\/\/przylep.edu.pl\/przedszkole\/wp-content\/uploads\/2021\/05\/176604859_4212957272083479_5178628062000233341_n.jpg 720w, https:\/\/przylep.edu.pl\/przedszkole\/wp-content\/uploads\/2021\/05\/176604859_4212957272083479_5178628062000233341_n-225x300.jpg 225w\" sizes=\"auto, (max-width: 720px) 100vw, 720px\" \/><\/figure><\/li><li class=\"blocks-gallery-item\"><figure><img loading=\"lazy\" decoding=\"async\" width=\"720\" height=\"960\" src=\"https:\/\/przylep.edu.pl\/przedszkole\/wp-content\/uploads\/2021\/05\/176667384_4212956862083520_7181653595407212115_n.jpg\" alt=\"\" data-id=\"6331\" data-full-url=\"https:\/\/przylep.edu.pl\/przedszkole\/wp-content\/uploads\/2021\/05\/176667384_4212956862083520_7181653595407212115_n.jpg\" data-link=\"https:\/\/przylep.edu.pl\/przedszkole\/?attachment_id=6331\" class=\"wp-image-6331\" srcset=\"https:\/\/przylep.edu.pl\/przedszkole\/wp-content\/uploads\/2021\/05\/176667384_4212956862083520_7181653595407212115_n.jpg 720w, https:\/\/przylep.edu.pl\/przedszkole\/wp-content\/uploads\/2021\/05\/176667384_4212956862083520_7181653595407212115_n-225x300.jpg 225w\" sizes=\"auto, (max-width: 720px) 100vw, 720px\" \/><\/figure><\/li><\/ul><\/figure>\n","protected":false},"excerpt":{"rendered":"<p>W ekologicznym tygodniu Nasze przedszkolaki zrobi\u0142y wraz z rodzicami przepi\u0119kne ekozabawki. Dzieci by\u0142y zachwycone i z dum\u0105 prezentowa\u0142y zabawki przed ca\u0142\u0105 grup\u0105. Dzi\u0119kujemy rodzicom za aktywny udzia\u0142 w \u017cyciu grupy.<\/p>\n","protected":false},"author":2,"featured_media":6333,"comment_status":"closed","ping_status":"open","sticky":false,"template":"","format":"standard","meta":{"footnotes":""},"categories":[45,43],"tags":[],"class_list":["post-6325","post","type-post","status-publish","format-standard","has-post-thumbnail","hentry","category-aktualnosci","category-limonkowa"],"_links":{"self":[{"href":"https:\/\/przylep.edu.pl\/przedszkole\/wp-json\/wp\/v2\/posts\/6325","targetHints":{"allow":["GET"]}}],"collection":[{"href":"https:\/\/przylep.edu.pl\/przedszkole\/wp-json\/wp\/v2\/posts"}],"about":[{"href":"https:\/\/przylep.edu.pl\/przedszkole\/wp-json\/wp\/v2\/types\/post"}],"author":[{"embeddable":true,"href":"https:\/\/przylep.edu.pl\/przedszkole\/wp-json\/wp\/v2\/users\/2"}],"replies":[{"embeddable":true,"href":"https:\/\/przylep.edu.pl\/przedszkole\/wp-json\/wp\/v2\/comments?post=6325"}],"version-history":[{"count":2,"href":"https:\/\/przylep.edu.pl\/przedszkole\/wp-json\/wp\/v2\/posts\/6325\/revisions"}],"predecessor-version":[{"id":6334,"href":"https:\/\/przylep.edu.pl\/przedszkole\/wp-json\/wp\/v2\/posts\/6325\/revisions\/6334"}],"wp:featuredmedia":[{"embeddable":true,"href":"https:\/\/przylep.edu.pl\/przedszkole\/wp-json\/wp\/v2\/media\/6333"}],"wp:attachment":[{"href":"https:\/\/przylep.edu.pl\/przedszkole\/wp-json\/wp\/v2\/media?parent=6325"}],"wp:term":[{"taxonomy":"category","embeddable":true,"href":"https:\/\/przylep.edu.pl\/przedszkole\/wp-json\/wp\/v2\/categories?post=6325"},{"taxonomy":"post_tag","embeddable":true,"href":"https:\/\/przylep.edu.pl\/przedszkole\/wp-json\/wp\/v2\/tags?post=6325"}],"curies":[{"name":"wp","href":"https:\/\/api.w.org\/{rel}","templated":true}]}}