{"id":6280,"date":"2021-04-02T20:02:07","date_gmt":"2021-04-02T18:02:07","guid":{"rendered":"https:\/\/przylep.edu.pl\/przedszkole\/?p=6280"},"modified":"2021-04-02T20:22:08","modified_gmt":"2021-04-02T18:22:08","slug":"drzwi-otwarte-ii","status":"publish","type":"post","link":"https:\/\/przylep.edu.pl\/przedszkole\/2021\/04\/02\/drzwi-otwarte-ii\/","title":{"rendered":"Drzwi otwarte II"},"content":{"rendered":"\n<p>W zwi\u0105zku z pandemi\u0105 drugi raz otwieramy drzwi Zespo\u0142u Szkolno-Przedszkolnego<\/p>\n\n\n\n<p> w pi\u0105tek 16 kwietnia 2021 roku w godzinach 17.00-19.00. <\/p>\n\n\n\n<p>Zwiedzanie, ze wzgl\u0119du na bezpiecze\u0144stwo wszystkich odwiedzaj\u0105cych, dost\u0119pne jest dla os\u00f3b doros\u0142ych- rodzic\u00f3w, opiekun\u00f3w dzieci w wieku 3-8 lat. <\/p>\n\n\n\n<p>Obowi\u0105zuj\u0105 zapisy na konkretne godziny pod numerem 725338335 lub 91 506 59 80. <\/p>\n\n\n\n<p>Zwiedzanie odb\u0119dzie si\u0119 w re\u017cimie sanitarnym: maseczki, odka\u017canie r\u0105k, odst\u0119py, zwiedzanie w duecie rodzic i nauczyciel.<\/p>\n\n\n\n<p> <strong>Zapraszamy<\/strong>.<\/p>\n\n\n\n<figure class=\"wp-block-image size-large\"><img loading=\"lazy\" decoding=\"async\" width=\"724\" height=\"1024\" src=\"https:\/\/przylep.edu.pl\/przedszkole\/wp-content\/uploads\/2021\/04\/Pomaranczowy-Artystyczny-Klasa-Przedszkole-Plakat-724x1024.jpg\" alt=\"\" class=\"wp-image-6281\" srcset=\"https:\/\/przylep.edu.pl\/przedszkole\/wp-content\/uploads\/2021\/04\/Pomaranczowy-Artystyczny-Klasa-Przedszkole-Plakat-724x1024.jpg 724w, https:\/\/przylep.edu.pl\/przedszkole\/wp-content\/uploads\/2021\/04\/Pomaranczowy-Artystyczny-Klasa-Przedszkole-Plakat-212x300.jpg 212w, https:\/\/przylep.edu.pl\/przedszkole\/wp-content\/uploads\/2021\/04\/Pomaranczowy-Artystyczny-Klasa-Przedszkole-Plakat-768x1086.jpg 768w, https:\/\/przylep.edu.pl\/przedszkole\/wp-content\/uploads\/2021\/04\/Pomaranczowy-Artystyczny-Klasa-Przedszkole-Plakat-1086x1536.jpg 1086w, https:\/\/przylep.edu.pl\/przedszkole\/wp-content\/uploads\/2021\/04\/Pomaranczowy-Artystyczny-Klasa-Przedszkole-Plakat-1448x2048.jpg 1448w, https:\/\/przylep.edu.pl\/przedszkole\/wp-content\/uploads\/2021\/04\/Pomaranczowy-Artystyczny-Klasa-Przedszkole-Plakat.jpg 1587w\" sizes=\"auto, (max-width: 724px) 100vw, 724px\" \/><\/figure>\n","protected":false},"excerpt":{"rendered":"<p>W zwi\u0105zku z pandemi\u0105 drugi raz otwieramy drzwi Zespo\u0142u Szkolno-Przedszkolnego w pi\u0105tek 16 kwietnia 2021 roku w godzinach 17.00-19.00. Zwiedzanie, ze wzgl\u0119du na bezpiecze\u0144stwo wszystkich odwiedzaj\u0105cych, dost\u0119pne jest dla os\u00f3b doros\u0142ych- rodzic\u00f3w, opiekun\u00f3w dzieci w wieku 3-8 lat. Obowi\u0105zuj\u0105 zapisy na konkretne godziny pod numerem 725338335 lub 91 506 59 80. Zwiedzanie odb\u0119dzie si\u0119 w [&hellip;]<\/p>\n","protected":false},"author":2,"featured_media":6282,"comment_status":"closed","ping_status":"open","sticky":false,"template":"","format":"standard","meta":{"footnotes":""},"categories":[45,40],"tags":[],"class_list":["post-6280","post","type-post","status-publish","format-standard","has-post-thumbnail","hentry","category-aktualnosci","category-strona-glowna"],"_links":{"self":[{"href":"https:\/\/przylep.edu.pl\/przedszkole\/wp-json\/wp\/v2\/posts\/6280","targetHints":{"allow":["GET"]}}],"collection":[{"href":"https:\/\/przylep.edu.pl\/przedszkole\/wp-json\/wp\/v2\/posts"}],"about":[{"href":"https:\/\/przylep.edu.pl\/przedszkole\/wp-json\/wp\/v2\/types\/post"}],"author":[{"embeddable":true,"href":"https:\/\/przylep.edu.pl\/przedszkole\/wp-json\/wp\/v2\/users\/2"}],"replies":[{"embeddable":true,"href":"https:\/\/przylep.edu.pl\/przedszkole\/wp-json\/wp\/v2\/comments?post=6280"}],"version-history":[{"count":3,"href":"https:\/\/przylep.edu.pl\/przedszkole\/wp-json\/wp\/v2\/posts\/6280\/revisions"}],"predecessor-version":[{"id":6287,"href":"https:\/\/przylep.edu.pl\/przedszkole\/wp-json\/wp\/v2\/posts\/6280\/revisions\/6287"}],"wp:featuredmedia":[{"embeddable":true,"href":"https:\/\/przylep.edu.pl\/przedszkole\/wp-json\/wp\/v2\/media\/6282"}],"wp:attachment":[{"href":"https:\/\/przylep.edu.pl\/przedszkole\/wp-json\/wp\/v2\/media?parent=6280"}],"wp:term":[{"taxonomy":"category","embeddable":true,"href":"https:\/\/przylep.edu.pl\/przedszkole\/wp-json\/wp\/v2\/categories?post=6280"},{"taxonomy":"post_tag","embeddable":true,"href":"https:\/\/przylep.edu.pl\/przedszkole\/wp-json\/wp\/v2\/tags?post=6280"}],"curies":[{"name":"wp","href":"https:\/\/api.w.org\/{rel}","templated":true}]}}