{"id":6142,"date":"2020-10-24T12:57:00","date_gmt":"2020-10-24T10:57:00","guid":{"rendered":"https:\/\/przylep.edu.pl\/przedszkole\/?p=6142"},"modified":"2021-03-21T13:05:18","modified_gmt":"2021-03-21T12:05:18","slug":"robimy-sok-owocowy","status":"publish","type":"post","link":"https:\/\/przylep.edu.pl\/przedszkole\/2020\/10\/24\/robimy-sok-owocowy\/","title":{"rendered":"Robimy sok owocowy"},"content":{"rendered":"\n<p>\u201eKto soki pije, ten d\u0142ugo \u017cyje.\u201d<\/p>\n\n\n\n<p>W ramach zaj\u0119\u0107 \u201eJemy owoce i warzywa\u201d, Odkrywcy wykonali zdrowy sok marchewkowo-jab\u0142kowy. Zanim jednak dzieci przyst\u0105pi\u0142y do pracy, zapozna\u0142y si\u0119 z urz\u0105dzeniem, sposobem jego dzia\u0142ania, a tak\u017ce z zasadami bezpiecznego korzystania ze sprz\u0119tu.&nbsp; Nast\u0119pnie dzieci samodzielnie umy\u0142y owoce, pokroi\u0142y je na kawa\u0142ki, a potem wrzuci\u0142y do sokowir\u00f3wki, w wyniku czego powsta\u0142 pyszny, zdrowy sok.&nbsp; &nbsp;<\/p>\n\n\n\n<figure class=\"wp-block-gallery columns-3 is-cropped wp-block-gallery-1 is-layout-flex wp-block-gallery-is-layout-flex\"><ul class=\"blocks-gallery-grid\"><li class=\"blocks-gallery-item\"><figure><img loading=\"lazy\" decoding=\"async\" width=\"768\" height=\"1024\" src=\"https:\/\/przylep.edu.pl\/przedszkole\/wp-content\/uploads\/2021\/03\/sok-768x1024.jpg\" alt=\"\" data-id=\"6143\" data-full-url=\"https:\/\/przylep.edu.pl\/przedszkole\/wp-content\/uploads\/2021\/03\/sok.jpg\" data-link=\"https:\/\/przylep.edu.pl\/przedszkole\/?attachment_id=6143\" class=\"wp-image-6143\" srcset=\"https:\/\/przylep.edu.pl\/przedszkole\/wp-content\/uploads\/2021\/03\/sok-768x1024.jpg 768w, https:\/\/przylep.edu.pl\/przedszkole\/wp-content\/uploads\/2021\/03\/sok-225x300.jpg 225w, https:\/\/przylep.edu.pl\/przedszkole\/wp-content\/uploads\/2021\/03\/sok.jpg 1080w\" sizes=\"auto, (max-width: 768px) 100vw, 768px\" \/><\/figure><\/li><li class=\"blocks-gallery-item\"><figure><img loading=\"lazy\" decoding=\"async\" width=\"768\" height=\"1024\" src=\"https:\/\/przylep.edu.pl\/przedszkole\/wp-content\/uploads\/2021\/03\/sok1-768x1024.jpg\" alt=\"\" data-id=\"6144\" data-full-url=\"https:\/\/przylep.edu.pl\/przedszkole\/wp-content\/uploads\/2021\/03\/sok1.jpg\" data-link=\"https:\/\/przylep.edu.pl\/przedszkole\/?attachment_id=6144\" class=\"wp-image-6144\" srcset=\"https:\/\/przylep.edu.pl\/przedszkole\/wp-content\/uploads\/2021\/03\/sok1-768x1024.jpg 768w, https:\/\/przylep.edu.pl\/przedszkole\/wp-content\/uploads\/2021\/03\/sok1-225x300.jpg 225w, https:\/\/przylep.edu.pl\/przedszkole\/wp-content\/uploads\/2021\/03\/sok1.jpg 1080w\" sizes=\"auto, (max-width: 768px) 100vw, 768px\" \/><\/figure><\/li><li class=\"blocks-gallery-item\"><figure><img loading=\"lazy\" decoding=\"async\" width=\"768\" height=\"1024\" src=\"https:\/\/przylep.edu.pl\/przedszkole\/wp-content\/uploads\/2021\/03\/sok3-768x1024.jpg\" alt=\"\" data-id=\"6145\" data-full-url=\"https:\/\/przylep.edu.pl\/przedszkole\/wp-content\/uploads\/2021\/03\/sok3.jpg\" data-link=\"https:\/\/przylep.edu.pl\/przedszkole\/?attachment_id=6145\" class=\"wp-image-6145\" srcset=\"https:\/\/przylep.edu.pl\/przedszkole\/wp-content\/uploads\/2021\/03\/sok3-768x1024.jpg 768w, https:\/\/przylep.edu.pl\/przedszkole\/wp-content\/uploads\/2021\/03\/sok3-225x300.jpg 225w, https:\/\/przylep.edu.pl\/przedszkole\/wp-content\/uploads\/2021\/03\/sok3.jpg 1080w\" sizes=\"auto, (max-width: 768px) 100vw, 768px\" \/><\/figure><\/li><li class=\"blocks-gallery-item\"><figure><img loading=\"lazy\" decoding=\"async\" width=\"768\" height=\"1024\" src=\"https:\/\/przylep.edu.pl\/przedszkole\/wp-content\/uploads\/2021\/03\/sok4-768x1024.jpg\" alt=\"\" data-id=\"6146\" data-full-url=\"https:\/\/przylep.edu.pl\/przedszkole\/wp-content\/uploads\/2021\/03\/sok4.jpg\" data-link=\"https:\/\/przylep.edu.pl\/przedszkole\/?attachment_id=6146\" class=\"wp-image-6146\" srcset=\"https:\/\/przylep.edu.pl\/przedszkole\/wp-content\/uploads\/2021\/03\/sok4-768x1024.jpg 768w, https:\/\/przylep.edu.pl\/przedszkole\/wp-content\/uploads\/2021\/03\/sok4-225x300.jpg 225w, https:\/\/przylep.edu.pl\/przedszkole\/wp-content\/uploads\/2021\/03\/sok4.jpg 1080w\" sizes=\"auto, (max-width: 768px) 100vw, 768px\" \/><\/figure><\/li><li class=\"blocks-gallery-item\"><figure><img loading=\"lazy\" decoding=\"async\" width=\"768\" height=\"1024\" src=\"https:\/\/przylep.edu.pl\/przedszkole\/wp-content\/uploads\/2021\/03\/sok5-768x1024.jpg\" alt=\"\" data-id=\"6147\" data-full-url=\"https:\/\/przylep.edu.pl\/przedszkole\/wp-content\/uploads\/2021\/03\/sok5.jpg\" data-link=\"https:\/\/przylep.edu.pl\/przedszkole\/?attachment_id=6147\" class=\"wp-image-6147\" srcset=\"https:\/\/przylep.edu.pl\/przedszkole\/wp-content\/uploads\/2021\/03\/sok5-768x1024.jpg 768w, https:\/\/przylep.edu.pl\/przedszkole\/wp-content\/uploads\/2021\/03\/sok5-225x300.jpg 225w, https:\/\/przylep.edu.pl\/przedszkole\/wp-content\/uploads\/2021\/03\/sok5.jpg 1080w\" sizes=\"auto, (max-width: 768px) 100vw, 768px\" \/><\/figure><\/li><\/ul><\/figure>\n","protected":false},"excerpt":{"rendered":"<p>\u201eKto soki pije, ten d\u0142ugo \u017cyje.\u201d W ramach zaj\u0119\u0107 \u201eJemy owoce i warzywa\u201d, Odkrywcy wykonali zdrowy sok marchewkowo-jab\u0142kowy. Zanim jednak dzieci przyst\u0105pi\u0142y do pracy, zapozna\u0142y si\u0119 z urz\u0105dzeniem, sposobem jego dzia\u0142ania, a tak\u017ce z zasadami bezpiecznego korzystania ze sprz\u0119tu.&nbsp; Nast\u0119pnie dzieci samodzielnie umy\u0142y owoce, pokroi\u0142y je na kawa\u0142ki, a potem wrzuci\u0142y do sokowir\u00f3wki, w wyniku [&hellip;]<\/p>\n","protected":false},"author":2,"featured_media":6148,"comment_status":"closed","ping_status":"open","sticky":false,"template":"","format":"standard","meta":{"footnotes":""},"categories":[45,41,42],"tags":[],"class_list":["post-6142","post","type-post","status-publish","format-standard","has-post-thumbnail","hentry","category-aktualnosci","category-galerie","category-niebieska"],"_links":{"self":[{"href":"https:\/\/przylep.edu.pl\/przedszkole\/wp-json\/wp\/v2\/posts\/6142","targetHints":{"allow":["GET"]}}],"collection":[{"href":"https:\/\/przylep.edu.pl\/przedszkole\/wp-json\/wp\/v2\/posts"}],"about":[{"href":"https:\/\/przylep.edu.pl\/przedszkole\/wp-json\/wp\/v2\/types\/post"}],"author":[{"embeddable":true,"href":"https:\/\/przylep.edu.pl\/przedszkole\/wp-json\/wp\/v2\/users\/2"}],"replies":[{"embeddable":true,"href":"https:\/\/przylep.edu.pl\/przedszkole\/wp-json\/wp\/v2\/comments?post=6142"}],"version-history":[{"count":1,"href":"https:\/\/przylep.edu.pl\/przedszkole\/wp-json\/wp\/v2\/posts\/6142\/revisions"}],"predecessor-version":[{"id":6149,"href":"https:\/\/przylep.edu.pl\/przedszkole\/wp-json\/wp\/v2\/posts\/6142\/revisions\/6149"}],"wp:featuredmedia":[{"embeddable":true,"href":"https:\/\/przylep.edu.pl\/przedszkole\/wp-json\/wp\/v2\/media\/6148"}],"wp:attachment":[{"href":"https:\/\/przylep.edu.pl\/przedszkole\/wp-json\/wp\/v2\/media?parent=6142"}],"wp:term":[{"taxonomy":"category","embeddable":true,"href":"https:\/\/przylep.edu.pl\/przedszkole\/wp-json\/wp\/v2\/categories?post=6142"},{"taxonomy":"post_tag","embeddable":true,"href":"https:\/\/przylep.edu.pl\/przedszkole\/wp-json\/wp\/v2\/tags?post=6142"}],"curies":[{"name":"wp","href":"https:\/\/api.w.org\/{rel}","templated":true}]}}