{"id":6126,"date":"2020-10-26T11:59:00","date_gmt":"2020-10-26T10:59:00","guid":{"rendered":"https:\/\/przylep.edu.pl\/przedszkole\/?p=6126"},"modified":"2021-03-21T12:08:51","modified_gmt":"2021-03-21T11:08:51","slug":"poczta","status":"publish","type":"post","link":"https:\/\/przylep.edu.pl\/przedszkole\/2020\/10\/26\/poczta\/","title":{"rendered":"Poczta"},"content":{"rendered":"\n<p>W ramach tygodnia o Poczcie, dzieci bli\u017cej pozna\u0142y prac\u0119 listonosza, stworzy\u0142y w\u0142asn\u0105 skrzynk\u0119 pocztow\u0105, wysy\u0142a\u0142y listy, a tak\u017ce zaprojektowa\u0142y sw\u00f3j w\u0142asny znaczek pocztowy.\u00a0 Odkrywcy dostali tak\u017ce wiele list\u00f3w m.in. od r\u00f3\u017cnych postaci z bajek, Chomika Artura zamieszkuj\u0105cego w norce obok przedszkola, a tak\u017ce od najbli\u017cszych \u2013 rodzic\u00f3w, dziadk\u00f3w, Pa\u0144, czy koleg\u00f3w i kole\u017canek. Niekt\u00f3re listy zawiera\u0142y zagadki i zadania do rozwi\u0105zania, inne z kolei ciekawe historie z mora\u0142em. \u015amia\u0142o mo\u017cemy stwierdzi\u0107, \u017ce by\u0142 to niezwyk\u0142y tydzie\u0144, pe\u0142en wra\u017ce\u0144.<\/p>\n","protected":false},"excerpt":{"rendered":"<p>W ramach tygodnia o Poczcie, dzieci bli\u017cej pozna\u0142y prac\u0119 listonosza, stworzy\u0142y w\u0142asn\u0105 skrzynk\u0119 pocztow\u0105, wysy\u0142a\u0142y listy, a tak\u017ce zaprojektowa\u0142y sw\u00f3j w\u0142asny znaczek pocztowy.\u00a0 Odkrywcy dostali tak\u017ce wiele list\u00f3w m.in. od r\u00f3\u017cnych postaci z bajek, Chomika Artura zamieszkuj\u0105cego w norce obok przedszkola, a tak\u017ce od najbli\u017cszych \u2013 rodzic\u00f3w, dziadk\u00f3w, Pa\u0144, czy koleg\u00f3w i kole\u017canek. Niekt\u00f3re listy [&hellip;]<\/p>\n","protected":false},"author":2,"featured_media":6127,"comment_status":"closed","ping_status":"open","sticky":false,"template":"","format":"standard","meta":{"footnotes":""},"categories":[45,41,42],"tags":[],"class_list":["post-6126","post","type-post","status-publish","format-standard","has-post-thumbnail","hentry","category-aktualnosci","category-galerie","category-niebieska"],"_links":{"self":[{"href":"https:\/\/przylep.edu.pl\/przedszkole\/wp-json\/wp\/v2\/posts\/6126","targetHints":{"allow":["GET"]}}],"collection":[{"href":"https:\/\/przylep.edu.pl\/przedszkole\/wp-json\/wp\/v2\/posts"}],"about":[{"href":"https:\/\/przylep.edu.pl\/przedszkole\/wp-json\/wp\/v2\/types\/post"}],"author":[{"embeddable":true,"href":"https:\/\/przylep.edu.pl\/przedszkole\/wp-json\/wp\/v2\/users\/2"}],"replies":[{"embeddable":true,"href":"https:\/\/przylep.edu.pl\/przedszkole\/wp-json\/wp\/v2\/comments?post=6126"}],"version-history":[{"count":1,"href":"https:\/\/przylep.edu.pl\/przedszkole\/wp-json\/wp\/v2\/posts\/6126\/revisions"}],"predecessor-version":[{"id":6128,"href":"https:\/\/przylep.edu.pl\/przedszkole\/wp-json\/wp\/v2\/posts\/6126\/revisions\/6128"}],"wp:featuredmedia":[{"embeddable":true,"href":"https:\/\/przylep.edu.pl\/przedszkole\/wp-json\/wp\/v2\/media\/6127"}],"wp:attachment":[{"href":"https:\/\/przylep.edu.pl\/przedszkole\/wp-json\/wp\/v2\/media?parent=6126"}],"wp:term":[{"taxonomy":"category","embeddable":true,"href":"https:\/\/przylep.edu.pl\/przedszkole\/wp-json\/wp\/v2\/categories?post=6126"},{"taxonomy":"post_tag","embeddable":true,"href":"https:\/\/przylep.edu.pl\/przedszkole\/wp-json\/wp\/v2\/tags?post=6126"}],"curies":[{"name":"wp","href":"https:\/\/api.w.org\/{rel}","templated":true}]}}