{"id":6015,"date":"2021-02-19T14:11:00","date_gmt":"2021-02-19T13:11:00","guid":{"rendered":"https:\/\/przylep.edu.pl\/przedszkole\/?p=6015"},"modified":"2021-03-21T11:58:54","modified_gmt":"2021-03-21T10:58:54","slug":"kosmiczny-tydzien-u-odkrywcow","status":"publish","type":"post","link":"https:\/\/przylep.edu.pl\/przedszkole\/2021\/02\/19\/kosmiczny-tydzien-u-odkrywcow\/","title":{"rendered":"Kosmiczny tydzie\u0144 u Odkrywc\u00f3w"},"content":{"rendered":"\n<p>Od poniedzia\u0142ku 15.02.2021r. sala Odkrywc\u00f3w zamieni\u0142a si\u0119 w tajemnicz\u0105 przestrze\u0144 kosmiczn\u0105. To w\u0142a\u015bnie w tej niezwyk\u0142ej przestrzeni mi\u0119dzygalaktycznej zdobywa\u0142y wiedz\u0119 o Uk\u0142adzie S\u0142onecznym, gwiazdach, Ufoludkach, a tak\u017ce o Ziemi. Dzieci podczas zaj\u0119\u0107 same zbudowa\u0142y rakiet\u0119, dzi\u0119ki kt\u00f3rej przenosi\u0142y si\u0119 z planety na planet\u0119. Dzi\u0119ki temu nie mia\u0142y najmniejszych problem\u00f3w ze zbudowaniem makiety Uk\u0142adu S\u0142onecznego. Tajemnice Ziemi te\u017c nie s\u0105 im obce. Tak samo jak Ufoludki i ich lataj\u0105ce spodki.<\/p>\n\n\n\n<figure class=\"wp-block-gallery columns-3 is-cropped wp-block-gallery-1 is-layout-flex wp-block-gallery-is-layout-flex\"><ul class=\"blocks-gallery-grid\"><li class=\"blocks-gallery-item\"><figure><img loading=\"lazy\" decoding=\"async\" width=\"1024\" height=\"768\" src=\"https:\/\/przylep.edu.pl\/przedszkole\/wp-content\/uploads\/2021\/03\/IMG_20210219_110311-1024x768.jpg\" alt=\"\" data-id=\"6016\" data-full-url=\"https:\/\/przylep.edu.pl\/przedszkole\/wp-content\/uploads\/2021\/03\/IMG_20210219_110311-scaled.jpg\" data-link=\"https:\/\/przylep.edu.pl\/przedszkole\/?attachment_id=6016\" class=\"wp-image-6016\" srcset=\"https:\/\/przylep.edu.pl\/przedszkole\/wp-content\/uploads\/2021\/03\/IMG_20210219_110311-1024x768.jpg 1024w, https:\/\/przylep.edu.pl\/przedszkole\/wp-content\/uploads\/2021\/03\/IMG_20210219_110311-300x225.jpg 300w, https:\/\/przylep.edu.pl\/przedszkole\/wp-content\/uploads\/2021\/03\/IMG_20210219_110311-768x576.jpg 768w, https:\/\/przylep.edu.pl\/przedszkole\/wp-content\/uploads\/2021\/03\/IMG_20210219_110311-1536x1152.jpg 1536w, https:\/\/przylep.edu.pl\/przedszkole\/wp-content\/uploads\/2021\/03\/IMG_20210219_110311-2048x1536.jpg 2048w, https:\/\/przylep.edu.pl\/przedszkole\/wp-content\/uploads\/2021\/03\/IMG_20210219_110311-600x450.jpg 600w\" sizes=\"auto, (max-width: 1024px) 100vw, 1024px\" \/><figcaption class=\"blocks-gallery-item__caption\">bty<\/figcaption><\/figure><\/li><li class=\"blocks-gallery-item\"><figure><img loading=\"lazy\" decoding=\"async\" width=\"768\" height=\"1024\" src=\"https:\/\/przylep.edu.pl\/przedszkole\/wp-content\/uploads\/2021\/03\/IMG_20210219_103946-768x1024.jpg\" alt=\"\" data-id=\"6017\" data-full-url=\"https:\/\/przylep.edu.pl\/przedszkole\/wp-content\/uploads\/2021\/03\/IMG_20210219_103946-scaled.jpg\" data-link=\"https:\/\/przylep.edu.pl\/przedszkole\/?attachment_id=6017\" class=\"wp-image-6017\" srcset=\"https:\/\/przylep.edu.pl\/przedszkole\/wp-content\/uploads\/2021\/03\/IMG_20210219_103946-768x1024.jpg 768w, https:\/\/przylep.edu.pl\/przedszkole\/wp-content\/uploads\/2021\/03\/IMG_20210219_103946-225x300.jpg 225w, https:\/\/przylep.edu.pl\/przedszkole\/wp-content\/uploads\/2021\/03\/IMG_20210219_103946-1152x1536.jpg 1152w, https:\/\/przylep.edu.pl\/przedszkole\/wp-content\/uploads\/2021\/03\/IMG_20210219_103946-1536x2048.jpg 1536w, https:\/\/przylep.edu.pl\/przedszkole\/wp-content\/uploads\/2021\/03\/IMG_20210219_103946-scaled.jpg 1920w\" sizes=\"auto, (max-width: 768px) 100vw, 768px\" \/><figcaption class=\"blocks-gallery-item__caption\">bty<\/figcaption><\/figure><\/li><li class=\"blocks-gallery-item\"><figure><img loading=\"lazy\" decoding=\"async\" width=\"768\" height=\"1024\" src=\"https:\/\/przylep.edu.pl\/przedszkole\/wp-content\/uploads\/2021\/03\/IMG_20210218_112125-768x1024.jpg\" alt=\"\" data-id=\"6018\" data-full-url=\"https:\/\/przylep.edu.pl\/przedszkole\/wp-content\/uploads\/2021\/03\/IMG_20210218_112125-scaled.jpg\" data-link=\"https:\/\/przylep.edu.pl\/przedszkole\/?attachment_id=6018\" class=\"wp-image-6018\" srcset=\"https:\/\/przylep.edu.pl\/przedszkole\/wp-content\/uploads\/2021\/03\/IMG_20210218_112125-768x1024.jpg 768w, https:\/\/przylep.edu.pl\/przedszkole\/wp-content\/uploads\/2021\/03\/IMG_20210218_112125-225x300.jpg 225w, https:\/\/przylep.edu.pl\/przedszkole\/wp-content\/uploads\/2021\/03\/IMG_20210218_112125-1152x1536.jpg 1152w, https:\/\/przylep.edu.pl\/przedszkole\/wp-content\/uploads\/2021\/03\/IMG_20210218_112125-1536x2048.jpg 1536w, https:\/\/przylep.edu.pl\/przedszkole\/wp-content\/uploads\/2021\/03\/IMG_20210218_112125-scaled.jpg 1920w\" sizes=\"auto, (max-width: 768px) 100vw, 768px\" \/><figcaption class=\"blocks-gallery-item__caption\">bty<\/figcaption><\/figure><\/li><li class=\"blocks-gallery-item\"><figure><img loading=\"lazy\" decoding=\"async\" width=\"768\" height=\"1024\" src=\"https:\/\/przylep.edu.pl\/przedszkole\/wp-content\/uploads\/2021\/03\/IMG_20210218_095644-768x1024.jpg\" alt=\"\" data-id=\"6019\" data-full-url=\"https:\/\/przylep.edu.pl\/przedszkole\/wp-content\/uploads\/2021\/03\/IMG_20210218_095644-scaled.jpg\" data-link=\"https:\/\/przylep.edu.pl\/przedszkole\/?attachment_id=6019\" class=\"wp-image-6019\" srcset=\"https:\/\/przylep.edu.pl\/przedszkole\/wp-content\/uploads\/2021\/03\/IMG_20210218_095644-768x1024.jpg 768w, https:\/\/przylep.edu.pl\/przedszkole\/wp-content\/uploads\/2021\/03\/IMG_20210218_095644-225x300.jpg 225w, https:\/\/przylep.edu.pl\/przedszkole\/wp-content\/uploads\/2021\/03\/IMG_20210218_095644-1152x1536.jpg 1152w, https:\/\/przylep.edu.pl\/przedszkole\/wp-content\/uploads\/2021\/03\/IMG_20210218_095644-1536x2048.jpg 1536w, https:\/\/przylep.edu.pl\/przedszkole\/wp-content\/uploads\/2021\/03\/IMG_20210218_095644-scaled.jpg 1920w\" sizes=\"auto, (max-width: 768px) 100vw, 768px\" \/><figcaption class=\"blocks-gallery-item__caption\">bty<\/figcaption><\/figure><\/li><li class=\"blocks-gallery-item\"><figure><img loading=\"lazy\" decoding=\"async\" width=\"768\" height=\"1024\" src=\"https:\/\/przylep.edu.pl\/przedszkole\/wp-content\/uploads\/2021\/03\/IMG_20210217_152428-768x1024.jpg\" alt=\"\" data-id=\"6020\" data-full-url=\"https:\/\/przylep.edu.pl\/przedszkole\/wp-content\/uploads\/2021\/03\/IMG_20210217_152428-scaled.jpg\" data-link=\"https:\/\/przylep.edu.pl\/przedszkole\/?attachment_id=6020\" class=\"wp-image-6020\" srcset=\"https:\/\/przylep.edu.pl\/przedszkole\/wp-content\/uploads\/2021\/03\/IMG_20210217_152428-768x1024.jpg 768w, https:\/\/przylep.edu.pl\/przedszkole\/wp-content\/uploads\/2021\/03\/IMG_20210217_152428-225x300.jpg 225w, https:\/\/przylep.edu.pl\/przedszkole\/wp-content\/uploads\/2021\/03\/IMG_20210217_152428-1152x1536.jpg 1152w, https:\/\/przylep.edu.pl\/przedszkole\/wp-content\/uploads\/2021\/03\/IMG_20210217_152428-1536x2048.jpg 1536w, https:\/\/przylep.edu.pl\/przedszkole\/wp-content\/uploads\/2021\/03\/IMG_20210217_152428-scaled.jpg 1920w\" sizes=\"auto, (max-width: 768px) 100vw, 768px\" \/><figcaption class=\"blocks-gallery-item__caption\">bty<\/figcaption><\/figure><\/li><li class=\"blocks-gallery-item\"><figure><img loading=\"lazy\" decoding=\"async\" width=\"1024\" height=\"768\" src=\"https:\/\/przylep.edu.pl\/przedszkole\/wp-content\/uploads\/2021\/03\/IMG_20210216_104647-1024x768.jpg\" alt=\"\" data-id=\"6021\" data-full-url=\"https:\/\/przylep.edu.pl\/przedszkole\/wp-content\/uploads\/2021\/03\/IMG_20210216_104647-scaled.jpg\" data-link=\"https:\/\/przylep.edu.pl\/przedszkole\/?attachment_id=6021\" class=\"wp-image-6021\" srcset=\"https:\/\/przylep.edu.pl\/przedszkole\/wp-content\/uploads\/2021\/03\/IMG_20210216_104647-1024x768.jpg 1024w, https:\/\/przylep.edu.pl\/przedszkole\/wp-content\/uploads\/2021\/03\/IMG_20210216_104647-300x225.jpg 300w, https:\/\/przylep.edu.pl\/przedszkole\/wp-content\/uploads\/2021\/03\/IMG_20210216_104647-768x576.jpg 768w, https:\/\/przylep.edu.pl\/przedszkole\/wp-content\/uploads\/2021\/03\/IMG_20210216_104647-1536x1152.jpg 1536w, https:\/\/przylep.edu.pl\/przedszkole\/wp-content\/uploads\/2021\/03\/IMG_20210216_104647-2048x1536.jpg 2048w, https:\/\/przylep.edu.pl\/przedszkole\/wp-content\/uploads\/2021\/03\/IMG_20210216_104647-600x450.jpg 600w\" sizes=\"auto, (max-width: 1024px) 100vw, 1024px\" \/><figcaption class=\"blocks-gallery-item__caption\">bty<\/figcaption><\/figure><\/li><li class=\"blocks-gallery-item\"><figure><img loading=\"lazy\" decoding=\"async\" width=\"768\" height=\"1024\" src=\"https:\/\/przylep.edu.pl\/przedszkole\/wp-content\/uploads\/2021\/03\/IMG_20210216_094825-768x1024.jpg\" alt=\"\" data-id=\"6022\" data-full-url=\"https:\/\/przylep.edu.pl\/przedszkole\/wp-content\/uploads\/2021\/03\/IMG_20210216_094825-scaled.jpg\" data-link=\"https:\/\/przylep.edu.pl\/przedszkole\/?attachment_id=6022\" class=\"wp-image-6022\" srcset=\"https:\/\/przylep.edu.pl\/przedszkole\/wp-content\/uploads\/2021\/03\/IMG_20210216_094825-768x1024.jpg 768w, https:\/\/przylep.edu.pl\/przedszkole\/wp-content\/uploads\/2021\/03\/IMG_20210216_094825-225x300.jpg 225w, https:\/\/przylep.edu.pl\/przedszkole\/wp-content\/uploads\/2021\/03\/IMG_20210216_094825-1152x1536.jpg 1152w, https:\/\/przylep.edu.pl\/przedszkole\/wp-content\/uploads\/2021\/03\/IMG_20210216_094825-1536x2048.jpg 1536w, https:\/\/przylep.edu.pl\/przedszkole\/wp-content\/uploads\/2021\/03\/IMG_20210216_094825-scaled.jpg 1920w\" sizes=\"auto, (max-width: 768px) 100vw, 768px\" \/><figcaption class=\"blocks-gallery-item__caption\">bty<\/figcaption><\/figure><\/li><li class=\"blocks-gallery-item\"><figure><img loading=\"lazy\" decoding=\"async\" width=\"768\" height=\"1024\" src=\"https:\/\/przylep.edu.pl\/przedszkole\/wp-content\/uploads\/2021\/03\/IMG_20210215_141959-768x1024.jpg\" alt=\"\" data-id=\"6023\" data-full-url=\"https:\/\/przylep.edu.pl\/przedszkole\/wp-content\/uploads\/2021\/03\/IMG_20210215_141959-scaled.jpg\" data-link=\"https:\/\/przylep.edu.pl\/przedszkole\/?attachment_id=6023\" class=\"wp-image-6023\" srcset=\"https:\/\/przylep.edu.pl\/przedszkole\/wp-content\/uploads\/2021\/03\/IMG_20210215_141959-768x1024.jpg 768w, https:\/\/przylep.edu.pl\/przedszkole\/wp-content\/uploads\/2021\/03\/IMG_20210215_141959-225x300.jpg 225w, https:\/\/przylep.edu.pl\/przedszkole\/wp-content\/uploads\/2021\/03\/IMG_20210215_141959-1152x1536.jpg 1152w, https:\/\/przylep.edu.pl\/przedszkole\/wp-content\/uploads\/2021\/03\/IMG_20210215_141959-1536x2048.jpg 1536w, https:\/\/przylep.edu.pl\/przedszkole\/wp-content\/uploads\/2021\/03\/IMG_20210215_141959-scaled.jpg 1920w\" sizes=\"auto, (max-width: 768px) 100vw, 768px\" \/><figcaption class=\"blocks-gallery-item__caption\">bty<\/figcaption><\/figure><\/li><\/ul><\/figure>\n","protected":false},"excerpt":{"rendered":"<p>Od poniedzia\u0142ku 15.02.2021r. sala Odkrywc\u00f3w zamieni\u0142a si\u0119 w tajemnicz\u0105 przestrze\u0144 kosmiczn\u0105. To w\u0142a\u015bnie w tej niezwyk\u0142ej przestrzeni mi\u0119dzygalaktycznej zdobywa\u0142y wiedz\u0119 o Uk\u0142adzie S\u0142onecznym, gwiazdach, Ufoludkach, a tak\u017ce o Ziemi. Dzieci podczas zaj\u0119\u0107 same zbudowa\u0142y rakiet\u0119, dzi\u0119ki kt\u00f3rej przenosi\u0142y si\u0119 z planety na planet\u0119. Dzi\u0119ki temu nie mia\u0142y najmniejszych problem\u00f3w ze zbudowaniem makiety Uk\u0142adu S\u0142onecznego. Tajemnice [&hellip;]<\/p>\n","protected":false},"author":2,"featured_media":6125,"comment_status":"closed","ping_status":"open","sticky":false,"template":"","format":"standard","meta":{"footnotes":""},"categories":[45,42],"tags":[],"class_list":["post-6015","post","type-post","status-publish","format-standard","has-post-thumbnail","hentry","category-aktualnosci","category-niebieska"],"_links":{"self":[{"href":"https:\/\/przylep.edu.pl\/przedszkole\/wp-json\/wp\/v2\/posts\/6015","targetHints":{"allow":["GET"]}}],"collection":[{"href":"https:\/\/przylep.edu.pl\/przedszkole\/wp-json\/wp\/v2\/posts"}],"about":[{"href":"https:\/\/przylep.edu.pl\/przedszkole\/wp-json\/wp\/v2\/types\/post"}],"author":[{"embeddable":true,"href":"https:\/\/przylep.edu.pl\/przedszkole\/wp-json\/wp\/v2\/users\/2"}],"replies":[{"embeddable":true,"href":"https:\/\/przylep.edu.pl\/przedszkole\/wp-json\/wp\/v2\/comments?post=6015"}],"version-history":[{"count":1,"href":"https:\/\/przylep.edu.pl\/przedszkole\/wp-json\/wp\/v2\/posts\/6015\/revisions"}],"predecessor-version":[{"id":6024,"href":"https:\/\/przylep.edu.pl\/przedszkole\/wp-json\/wp\/v2\/posts\/6015\/revisions\/6024"}],"wp:featuredmedia":[{"embeddable":true,"href":"https:\/\/przylep.edu.pl\/przedszkole\/wp-json\/wp\/v2\/media\/6125"}],"wp:attachment":[{"href":"https:\/\/przylep.edu.pl\/przedszkole\/wp-json\/wp\/v2\/media?parent=6015"}],"wp:term":[{"taxonomy":"category","embeddable":true,"href":"https:\/\/przylep.edu.pl\/przedszkole\/wp-json\/wp\/v2\/categories?post=6015"},{"taxonomy":"post_tag","embeddable":true,"href":"https:\/\/przylep.edu.pl\/przedszkole\/wp-json\/wp\/v2\/tags?post=6015"}],"curies":[{"name":"wp","href":"https:\/\/api.w.org\/{rel}","templated":true}]}}