{"id":6007,"date":"2021-03-01T14:03:00","date_gmt":"2021-03-01T13:03:00","guid":{"rendered":"https:\/\/przylep.edu.pl\/przedszkole\/?p=6007"},"modified":"2021-03-21T11:54:52","modified_gmt":"2021-03-21T10:54:52","slug":"rakieta-kosmiczna-w-kosmos-polece","status":"publish","type":"post","link":"https:\/\/przylep.edu.pl\/przedszkole\/2021\/03\/01\/rakieta-kosmiczna-w-kosmos-polece\/","title":{"rendered":"Rakiet\u0105 kosmiczn\u0105 w kosmos polec\u0119!"},"content":{"rendered":"\n<p>Chyba ka\u017cde dziecko marzy, aby polecie\u0107 chod\u017a raz w kosmos. Odkrywcom to si\u0119 uda\u0142o! Zbudowali rakiet\u0119 kosmiczn\u0105, dzi\u0119ki kt\u00f3rej dolecieli w najodleglejsze miejsca i galaktyki. Ta kosmiczna wycieczka tak im si\u0119 spodoba\u0142a, \u017ce zwiedzili planet wiele i sprawdzili tak\u017ce, co si\u0119 na ka\u017cdej z nich dzieje. &nbsp;Na Ziemi\u0119 wraca\u0107 na razie nie zamierzaj\u0105, bo tropem ufoludk\u00f3w pod\u0105\u017caj\u0105.<\/p>\n\n\n\n<figure class=\"wp-block-gallery columns-3 is-cropped wp-block-gallery-1 is-layout-flex wp-block-gallery-is-layout-flex\"><ul class=\"blocks-gallery-grid\"><li class=\"blocks-gallery-item\"><figure><img loading=\"lazy\" decoding=\"async\" width=\"1024\" height=\"768\" src=\"https:\/\/przylep.edu.pl\/przedszkole\/wp-content\/uploads\/2021\/03\/IMG_20210218_112648-1024x768.jpg\" alt=\"\" data-id=\"6008\" data-full-url=\"https:\/\/przylep.edu.pl\/przedszkole\/wp-content\/uploads\/2021\/03\/IMG_20210218_112648-scaled.jpg\" data-link=\"https:\/\/przylep.edu.pl\/przedszkole\/?attachment_id=6008\" class=\"wp-image-6008\" srcset=\"https:\/\/przylep.edu.pl\/przedszkole\/wp-content\/uploads\/2021\/03\/IMG_20210218_112648-1024x768.jpg 1024w, https:\/\/przylep.edu.pl\/przedszkole\/wp-content\/uploads\/2021\/03\/IMG_20210218_112648-300x225.jpg 300w, https:\/\/przylep.edu.pl\/przedszkole\/wp-content\/uploads\/2021\/03\/IMG_20210218_112648-768x576.jpg 768w, https:\/\/przylep.edu.pl\/przedszkole\/wp-content\/uploads\/2021\/03\/IMG_20210218_112648-1536x1152.jpg 1536w, https:\/\/przylep.edu.pl\/przedszkole\/wp-content\/uploads\/2021\/03\/IMG_20210218_112648-2048x1536.jpg 2048w, https:\/\/przylep.edu.pl\/przedszkole\/wp-content\/uploads\/2021\/03\/IMG_20210218_112648-600x450.jpg 600w\" sizes=\"auto, (max-width: 1024px) 100vw, 1024px\" \/><figcaption class=\"blocks-gallery-item__caption\">bty<\/figcaption><\/figure><\/li><li class=\"blocks-gallery-item\"><figure><img loading=\"lazy\" decoding=\"async\" width=\"768\" height=\"1024\" src=\"https:\/\/przylep.edu.pl\/przedszkole\/wp-content\/uploads\/2021\/03\/IMG_20210218_112024-768x1024.jpg\" alt=\"\" data-id=\"6009\" data-full-url=\"https:\/\/przylep.edu.pl\/przedszkole\/wp-content\/uploads\/2021\/03\/IMG_20210218_112024-scaled.jpg\" data-link=\"https:\/\/przylep.edu.pl\/przedszkole\/?attachment_id=6009\" class=\"wp-image-6009\" srcset=\"https:\/\/przylep.edu.pl\/przedszkole\/wp-content\/uploads\/2021\/03\/IMG_20210218_112024-768x1024.jpg 768w, https:\/\/przylep.edu.pl\/przedszkole\/wp-content\/uploads\/2021\/03\/IMG_20210218_112024-225x300.jpg 225w, https:\/\/przylep.edu.pl\/przedszkole\/wp-content\/uploads\/2021\/03\/IMG_20210218_112024-1152x1536.jpg 1152w, https:\/\/przylep.edu.pl\/przedszkole\/wp-content\/uploads\/2021\/03\/IMG_20210218_112024-1536x2048.jpg 1536w, https:\/\/przylep.edu.pl\/przedszkole\/wp-content\/uploads\/2021\/03\/IMG_20210218_112024-scaled.jpg 1920w\" sizes=\"auto, (max-width: 768px) 100vw, 768px\" \/><figcaption class=\"blocks-gallery-item__caption\">bty<\/figcaption><\/figure><\/li><li class=\"blocks-gallery-item\"><figure><img loading=\"lazy\" decoding=\"async\" width=\"768\" height=\"1024\" src=\"https:\/\/przylep.edu.pl\/przedszkole\/wp-content\/uploads\/2021\/03\/IMG_20210218_101202-768x1024.jpg\" alt=\"\" data-id=\"6010\" data-full-url=\"https:\/\/przylep.edu.pl\/przedszkole\/wp-content\/uploads\/2021\/03\/IMG_20210218_101202-scaled.jpg\" data-link=\"https:\/\/przylep.edu.pl\/przedszkole\/?attachment_id=6010\" class=\"wp-image-6010\" srcset=\"https:\/\/przylep.edu.pl\/przedszkole\/wp-content\/uploads\/2021\/03\/IMG_20210218_101202-768x1024.jpg 768w, https:\/\/przylep.edu.pl\/przedszkole\/wp-content\/uploads\/2021\/03\/IMG_20210218_101202-225x300.jpg 225w, https:\/\/przylep.edu.pl\/przedszkole\/wp-content\/uploads\/2021\/03\/IMG_20210218_101202-1152x1536.jpg 1152w, https:\/\/przylep.edu.pl\/przedszkole\/wp-content\/uploads\/2021\/03\/IMG_20210218_101202-1536x2048.jpg 1536w, https:\/\/przylep.edu.pl\/przedszkole\/wp-content\/uploads\/2021\/03\/IMG_20210218_101202-scaled.jpg 1920w\" sizes=\"auto, (max-width: 768px) 100vw, 768px\" \/><figcaption class=\"blocks-gallery-item__caption\">bty<\/figcaption><\/figure><\/li><li class=\"blocks-gallery-item\"><figure><img loading=\"lazy\" decoding=\"async\" width=\"1024\" height=\"768\" src=\"https:\/\/przylep.edu.pl\/przedszkole\/wp-content\/uploads\/2021\/03\/IMG_20210218_112722_1-1-1024x768.jpg\" alt=\"\" data-id=\"6012\" data-full-url=\"https:\/\/przylep.edu.pl\/przedszkole\/wp-content\/uploads\/2021\/03\/IMG_20210218_112722_1-1-scaled.jpg\" data-link=\"https:\/\/przylep.edu.pl\/przedszkole\/?attachment_id=6012\" class=\"wp-image-6012\" srcset=\"https:\/\/przylep.edu.pl\/przedszkole\/wp-content\/uploads\/2021\/03\/IMG_20210218_112722_1-1-1024x768.jpg 1024w, https:\/\/przylep.edu.pl\/przedszkole\/wp-content\/uploads\/2021\/03\/IMG_20210218_112722_1-1-300x225.jpg 300w, https:\/\/przylep.edu.pl\/przedszkole\/wp-content\/uploads\/2021\/03\/IMG_20210218_112722_1-1-768x576.jpg 768w, https:\/\/przylep.edu.pl\/przedszkole\/wp-content\/uploads\/2021\/03\/IMG_20210218_112722_1-1-1536x1152.jpg 1536w, https:\/\/przylep.edu.pl\/przedszkole\/wp-content\/uploads\/2021\/03\/IMG_20210218_112722_1-1-2048x1536.jpg 2048w, https:\/\/przylep.edu.pl\/przedszkole\/wp-content\/uploads\/2021\/03\/IMG_20210218_112722_1-1-600x450.jpg 600w\" sizes=\"auto, (max-width: 1024px) 100vw, 1024px\" \/><figcaption class=\"blocks-gallery-item__caption\">bty<\/figcaption><\/figure><\/li><li class=\"blocks-gallery-item\"><figure><img decoding=\"async\" src=\"https:\/\/przylep.edu.pl\/45c47778-fd1b-4da2-b132-f2f830abbf53\" data-id=\"\" \/><\/figure><\/li><li class=\"blocks-gallery-item\"><figure><img decoding=\"async\" src=\"https:\/\/przylep.edu.pl\/e8376602-661c-4ad2-bb4a-1f555e4f7f29\" data-id=\"\" \/><\/figure><\/li><li class=\"blocks-gallery-item\"><figure><img decoding=\"async\" src=\"https:\/\/przylep.edu.pl\/81759ace-3fe6-4f00-8cea-5b507b810519\" data-id=\"\" \/><\/figure><\/li><\/ul><\/figure>\n","protected":false},"excerpt":{"rendered":"<p>Chyba ka\u017cde dziecko marzy, aby polecie\u0107 chod\u017a raz w kosmos. Odkrywcom to si\u0119 uda\u0142o! Zbudowali rakiet\u0119 kosmiczn\u0105, dzi\u0119ki kt\u00f3rej dolecieli w najodleglejsze miejsca i galaktyki. Ta kosmiczna wycieczka tak im si\u0119 spodoba\u0142a, \u017ce zwiedzili planet wiele i sprawdzili tak\u017ce, co si\u0119 na ka\u017cdej z nich dzieje. &nbsp;Na Ziemi\u0119 wraca\u0107 na razie nie zamierzaj\u0105, bo tropem [&hellip;]<\/p>\n","protected":false},"author":2,"featured_media":6122,"comment_status":"closed","ping_status":"open","sticky":false,"template":"","format":"standard","meta":{"footnotes":""},"categories":[45,42],"tags":[],"class_list":["post-6007","post","type-post","status-publish","format-standard","has-post-thumbnail","hentry","category-aktualnosci","category-niebieska"],"_links":{"self":[{"href":"https:\/\/przylep.edu.pl\/przedszkole\/wp-json\/wp\/v2\/posts\/6007","targetHints":{"allow":["GET"]}}],"collection":[{"href":"https:\/\/przylep.edu.pl\/przedszkole\/wp-json\/wp\/v2\/posts"}],"about":[{"href":"https:\/\/przylep.edu.pl\/przedszkole\/wp-json\/wp\/v2\/types\/post"}],"author":[{"embeddable":true,"href":"https:\/\/przylep.edu.pl\/przedszkole\/wp-json\/wp\/v2\/users\/2"}],"replies":[{"embeddable":true,"href":"https:\/\/przylep.edu.pl\/przedszkole\/wp-json\/wp\/v2\/comments?post=6007"}],"version-history":[{"count":3,"href":"https:\/\/przylep.edu.pl\/przedszkole\/wp-json\/wp\/v2\/posts\/6007\/revisions"}],"predecessor-version":[{"id":6123,"href":"https:\/\/przylep.edu.pl\/przedszkole\/wp-json\/wp\/v2\/posts\/6007\/revisions\/6123"}],"wp:featuredmedia":[{"embeddable":true,"href":"https:\/\/przylep.edu.pl\/przedszkole\/wp-json\/wp\/v2\/media\/6122"}],"wp:attachment":[{"href":"https:\/\/przylep.edu.pl\/przedszkole\/wp-json\/wp\/v2\/media?parent=6007"}],"wp:term":[{"taxonomy":"category","embeddable":true,"href":"https:\/\/przylep.edu.pl\/przedszkole\/wp-json\/wp\/v2\/categories?post=6007"},{"taxonomy":"post_tag","embeddable":true,"href":"https:\/\/przylep.edu.pl\/przedszkole\/wp-json\/wp\/v2\/tags?post=6007"}],"curies":[{"name":"wp","href":"https:\/\/api.w.org\/{rel}","templated":true}]}}