{"id":5884,"date":"2021-02-15T09:50:00","date_gmt":"2021-02-15T08:50:00","guid":{"rendered":"https:\/\/przylep.edu.pl\/przedszkole\/?p=5884"},"modified":"2021-02-22T09:59:38","modified_gmt":"2021-02-22T08:59:38","slug":"walentynkowy-zawrot-glowy","status":"publish","type":"post","link":"https:\/\/przylep.edu.pl\/przedszkole\/2021\/02\/15\/walentynkowy-zawrot-glowy\/","title":{"rendered":"Walentynkowy zawr\u00f3t g\u0142owy"},"content":{"rendered":"\n<p class=\"has-text-align-center\">W pi\u0105tek 12 lutego 2021 roku, w naszym przedszkolu zrobi\u0142o si\u0119 czerwono <br>i r\u00f3\u017cowo! W ten spos\u00f3b chcieli\u015bmy \u015bwi\u0119towa\u0107 Walentynki, \u015bwi\u0119to Mi\u0142o\u015bci! Dzieci dosta\u0142y walentynkowe kartki oraz pozna\u0142y tradycje pisania walentynkowych list\u00f3w.<\/p>\n\n\n\n<p class=\"has-text-align-center\">Z okazji Walentynek robili\u015bmy zdj\u0119cia w pi\u0119knej ramie z wybranymi osobami. Podczas zaj\u0119\u0107 zrobili\u015bmy walentynkow\u0105 mas\u0119 sensoryczn\u0105! Chodzili\u015bmy po niej go\u0142ymi st\u00f3pkami, lepili\u015bmy z niej serduszka i je ozdabiali\u015bmy! Rado\u015bci nie by\u0142o ko\u0144ca.  Nie zabrak\u0142o zabaw muzycznych <br>i ta\u0144c\u00f3w. W prezencie od Rodzic\u00f3w ka\u017cdy dosta\u0142 s\u0142odkie serduszko!<\/p>\n\n\n\n<figure class=\"wp-block-gallery columns-3 is-cropped wp-block-gallery-1 is-layout-flex wp-block-gallery-is-layout-flex\"><ul class=\"blocks-gallery-grid\"><li class=\"blocks-gallery-item\"><figure><img loading=\"lazy\" decoding=\"async\" width=\"768\" height=\"1024\" src=\"https:\/\/przylep.edu.pl\/przedszkole\/wp-content\/uploads\/2021\/02\/walentynki-2-768x1024.jpg\" alt=\"\" data-id=\"5886\" data-full-url=\"https:\/\/przylep.edu.pl\/przedszkole\/wp-content\/uploads\/2021\/02\/walentynki-2-scaled.jpg\" data-link=\"https:\/\/przylep.edu.pl\/przedszkole\/?attachment_id=5886\" class=\"wp-image-5886\" srcset=\"https:\/\/przylep.edu.pl\/przedszkole\/wp-content\/uploads\/2021\/02\/walentynki-2-768x1024.jpg 768w, https:\/\/przylep.edu.pl\/przedszkole\/wp-content\/uploads\/2021\/02\/walentynki-2-225x300.jpg 225w, https:\/\/przylep.edu.pl\/przedszkole\/wp-content\/uploads\/2021\/02\/walentynki-2-1152x1536.jpg 1152w, https:\/\/przylep.edu.pl\/przedszkole\/wp-content\/uploads\/2021\/02\/walentynki-2-1536x2048.jpg 1536w, https:\/\/przylep.edu.pl\/przedszkole\/wp-content\/uploads\/2021\/02\/walentynki-2-scaled.jpg 1920w\" sizes=\"auto, (max-width: 768px) 100vw, 768px\" \/><\/figure><\/li><li class=\"blocks-gallery-item\"><figure><img loading=\"lazy\" decoding=\"async\" width=\"773\" height=\"1024\" src=\"https:\/\/przylep.edu.pl\/przedszkole\/wp-content\/uploads\/2021\/02\/walentynki-3-773x1024.jpg\" alt=\"\" data-id=\"5887\" data-full-url=\"https:\/\/przylep.edu.pl\/przedszkole\/wp-content\/uploads\/2021\/02\/walentynki-3-scaled.jpg\" data-link=\"https:\/\/przylep.edu.pl\/przedszkole\/?attachment_id=5887\" class=\"wp-image-5887\" srcset=\"https:\/\/przylep.edu.pl\/przedszkole\/wp-content\/uploads\/2021\/02\/walentynki-3-773x1024.jpg 773w, https:\/\/przylep.edu.pl\/przedszkole\/wp-content\/uploads\/2021\/02\/walentynki-3-226x300.jpg 226w, https:\/\/przylep.edu.pl\/przedszkole\/wp-content\/uploads\/2021\/02\/walentynki-3-768x1018.jpg 768w, https:\/\/przylep.edu.pl\/przedszkole\/wp-content\/uploads\/2021\/02\/walentynki-3-1159x1536.jpg 1159w, https:\/\/przylep.edu.pl\/przedszkole\/wp-content\/uploads\/2021\/02\/walentynki-3-1546x2048.jpg 1546w, https:\/\/przylep.edu.pl\/przedszkole\/wp-content\/uploads\/2021\/02\/walentynki-3-scaled.jpg 1932w\" sizes=\"auto, (max-width: 773px) 100vw, 773px\" \/><\/figure><\/li><li class=\"blocks-gallery-item\"><figure><img loading=\"lazy\" decoding=\"async\" width=\"1024\" height=\"835\" src=\"https:\/\/przylep.edu.pl\/przedszkole\/wp-content\/uploads\/2021\/02\/walentynki-4-1024x835.jpg\" alt=\"\" data-id=\"5888\" data-full-url=\"https:\/\/przylep.edu.pl\/przedszkole\/wp-content\/uploads\/2021\/02\/walentynki-4-scaled.jpg\" data-link=\"https:\/\/przylep.edu.pl\/przedszkole\/?attachment_id=5888\" class=\"wp-image-5888\" srcset=\"https:\/\/przylep.edu.pl\/przedszkole\/wp-content\/uploads\/2021\/02\/walentynki-4-1024x835.jpg 1024w, https:\/\/przylep.edu.pl\/przedszkole\/wp-content\/uploads\/2021\/02\/walentynki-4-300x245.jpg 300w, https:\/\/przylep.edu.pl\/przedszkole\/wp-content\/uploads\/2021\/02\/walentynki-4-768x626.jpg 768w, https:\/\/przylep.edu.pl\/przedszkole\/wp-content\/uploads\/2021\/02\/walentynki-4-1536x1253.jpg 1536w, https:\/\/przylep.edu.pl\/przedszkole\/wp-content\/uploads\/2021\/02\/walentynki-4-2048x1670.jpg 2048w\" sizes=\"auto, (max-width: 1024px) 100vw, 1024px\" \/><\/figure><\/li><li class=\"blocks-gallery-item\"><figure><img loading=\"lazy\" decoding=\"async\" width=\"768\" height=\"1024\" src=\"https:\/\/przylep.edu.pl\/przedszkole\/wp-content\/uploads\/2021\/02\/Walentynki-6-768x1024.jpg\" alt=\"\" data-id=\"5889\" data-full-url=\"https:\/\/przylep.edu.pl\/przedszkole\/wp-content\/uploads\/2021\/02\/Walentynki-6-scaled.jpg\" data-link=\"https:\/\/przylep.edu.pl\/przedszkole\/?attachment_id=5889\" class=\"wp-image-5889\" srcset=\"https:\/\/przylep.edu.pl\/przedszkole\/wp-content\/uploads\/2021\/02\/Walentynki-6-768x1024.jpg 768w, https:\/\/przylep.edu.pl\/przedszkole\/wp-content\/uploads\/2021\/02\/Walentynki-6-225x300.jpg 225w, https:\/\/przylep.edu.pl\/przedszkole\/wp-content\/uploads\/2021\/02\/Walentynki-6-1152x1536.jpg 1152w, https:\/\/przylep.edu.pl\/przedszkole\/wp-content\/uploads\/2021\/02\/Walentynki-6-1536x2048.jpg 1536w, https:\/\/przylep.edu.pl\/przedszkole\/wp-content\/uploads\/2021\/02\/Walentynki-6-scaled.jpg 1920w\" sizes=\"auto, (max-width: 768px) 100vw, 768px\" \/><\/figure><\/li><li class=\"blocks-gallery-item\"><figure><img loading=\"lazy\" decoding=\"async\" width=\"768\" height=\"1024\" src=\"https:\/\/przylep.edu.pl\/przedszkole\/wp-content\/uploads\/2021\/02\/Walentynki-768x1024.jpg\" alt=\"\" data-id=\"5890\" data-full-url=\"https:\/\/przylep.edu.pl\/przedszkole\/wp-content\/uploads\/2021\/02\/Walentynki-scaled.jpg\" data-link=\"https:\/\/przylep.edu.pl\/przedszkole\/?attachment_id=5890\" class=\"wp-image-5890\" srcset=\"https:\/\/przylep.edu.pl\/przedszkole\/wp-content\/uploads\/2021\/02\/Walentynki-768x1024.jpg 768w, https:\/\/przylep.edu.pl\/przedszkole\/wp-content\/uploads\/2021\/02\/Walentynki-225x300.jpg 225w, https:\/\/przylep.edu.pl\/przedszkole\/wp-content\/uploads\/2021\/02\/Walentynki-1152x1536.jpg 1152w, https:\/\/przylep.edu.pl\/przedszkole\/wp-content\/uploads\/2021\/02\/Walentynki-1536x2048.jpg 1536w, https:\/\/przylep.edu.pl\/przedszkole\/wp-content\/uploads\/2021\/02\/Walentynki-scaled.jpg 1920w\" sizes=\"auto, (max-width: 768px) 100vw, 768px\" \/><\/figure><\/li><li class=\"blocks-gallery-item\"><figure><img loading=\"lazy\" decoding=\"async\" width=\"1024\" height=\"768\" src=\"https:\/\/przylep.edu.pl\/przedszkole\/wp-content\/uploads\/2021\/02\/walentynki5-1024x768.jpg\" alt=\"\" data-id=\"5891\" data-full-url=\"https:\/\/przylep.edu.pl\/przedszkole\/wp-content\/uploads\/2021\/02\/walentynki5-scaled.jpg\" data-link=\"https:\/\/przylep.edu.pl\/przedszkole\/?attachment_id=5891\" class=\"wp-image-5891\" srcset=\"https:\/\/przylep.edu.pl\/przedszkole\/wp-content\/uploads\/2021\/02\/walentynki5-1024x768.jpg 1024w, https:\/\/przylep.edu.pl\/przedszkole\/wp-content\/uploads\/2021\/02\/walentynki5-300x225.jpg 300w, https:\/\/przylep.edu.pl\/przedszkole\/wp-content\/uploads\/2021\/02\/walentynki5-768x576.jpg 768w, https:\/\/przylep.edu.pl\/przedszkole\/wp-content\/uploads\/2021\/02\/walentynki5-1536x1152.jpg 1536w, https:\/\/przylep.edu.pl\/przedszkole\/wp-content\/uploads\/2021\/02\/walentynki5-2048x1536.jpg 2048w, https:\/\/przylep.edu.pl\/przedszkole\/wp-content\/uploads\/2021\/02\/walentynki5-600x450.jpg 600w\" sizes=\"auto, (max-width: 1024px) 100vw, 1024px\" \/><\/figure><\/li><\/ul><\/figure>\n","protected":false},"excerpt":{"rendered":"<p>W pi\u0105tek 12 lutego 2021 roku, w naszym przedszkolu zrobi\u0142o si\u0119 czerwono i r\u00f3\u017cowo! W ten spos\u00f3b chcieli\u015bmy \u015bwi\u0119towa\u0107 Walentynki, \u015bwi\u0119to Mi\u0142o\u015bci! Dzieci dosta\u0142y walentynkowe kartki oraz pozna\u0142y tradycje pisania walentynkowych list\u00f3w. Z okazji Walentynek robili\u015bmy zdj\u0119cia w pi\u0119knej ramie z wybranymi osobami. Podczas zaj\u0119\u0107 zrobili\u015bmy walentynkow\u0105 mas\u0119 sensoryczn\u0105! Chodzili\u015bmy po niej go\u0142ymi st\u00f3pkami, lepili\u015bmy [&hellip;]<\/p>\n","protected":false},"author":2,"featured_media":0,"comment_status":"closed","ping_status":"open","sticky":false,"template":"","format":"standard","meta":{"footnotes":""},"categories":[45,44,40],"tags":[],"class_list":["post-5884","post","type-post","status-publish","format-standard","hentry","category-aktualnosci","category-zolta","category-strona-glowna"],"_links":{"self":[{"href":"https:\/\/przylep.edu.pl\/przedszkole\/wp-json\/wp\/v2\/posts\/5884","targetHints":{"allow":["GET"]}}],"collection":[{"href":"https:\/\/przylep.edu.pl\/przedszkole\/wp-json\/wp\/v2\/posts"}],"about":[{"href":"https:\/\/przylep.edu.pl\/przedszkole\/wp-json\/wp\/v2\/types\/post"}],"author":[{"embeddable":true,"href":"https:\/\/przylep.edu.pl\/przedszkole\/wp-json\/wp\/v2\/users\/2"}],"replies":[{"embeddable":true,"href":"https:\/\/przylep.edu.pl\/przedszkole\/wp-json\/wp\/v2\/comments?post=5884"}],"version-history":[{"count":2,"href":"https:\/\/przylep.edu.pl\/przedszkole\/wp-json\/wp\/v2\/posts\/5884\/revisions"}],"predecessor-version":[{"id":5892,"href":"https:\/\/przylep.edu.pl\/przedszkole\/wp-json\/wp\/v2\/posts\/5884\/revisions\/5892"}],"wp:attachment":[{"href":"https:\/\/przylep.edu.pl\/przedszkole\/wp-json\/wp\/v2\/media?parent=5884"}],"wp:term":[{"taxonomy":"category","embeddable":true,"href":"https:\/\/przylep.edu.pl\/przedszkole\/wp-json\/wp\/v2\/categories?post=5884"},{"taxonomy":"post_tag","embeddable":true,"href":"https:\/\/przylep.edu.pl\/przedszkole\/wp-json\/wp\/v2\/tags?post=5884"}],"curies":[{"name":"wp","href":"https:\/\/api.w.org\/{rel}","templated":true}]}}