{"id":5868,"date":"2021-02-21T21:49:44","date_gmt":"2021-02-21T20:49:44","guid":{"rendered":"https:\/\/przylep.edu.pl\/przedszkole\/?p=5868"},"modified":"2021-03-09T09:24:05","modified_gmt":"2021-03-09T08:24:05","slug":"kosmiczny-tydzien-u-tropicieli","status":"publish","type":"post","link":"https:\/\/przylep.edu.pl\/przedszkole\/2021\/02\/21\/kosmiczny-tydzien-u-tropicieli\/","title":{"rendered":"Kosmiczny Tydzie\u0144 u Tropicieli"},"content":{"rendered":"\n<p>\u201eA kiedy ju\u017c na Ziemi wszystko zwiedz\u0119, rakiet\u0105 w kosmos polec\u0119\u2026\u201d<\/p>\n\n\n\n<p>Od poniedzia\u0142ku  15.02.2021 grupa \u017c\u00f3\u0142ta poznawa\u0142a tajemniczy \u015bwiat gwiazd i planet. Dzieci wzbogaci\u0142y swoj\u0105 wiedz\u0119 na temat planet, nazw, wielko\u015bci oraz kolejno\u015bci w Uk\u0142adzie S\u0142onecznym. Same tworzy\u0142y sw\u00f3j w\u0142asny kawa\u0142ek kosmosu w s\u0142oiku, Uk\u0142ad S\u0142oneczny i Planet\u0119 Ziemi\u0119. Zapoznawa\u0142y si\u0119 z odg\u0142osami Wszech\u015bwiata (dost\u0119pne na stronie NASA), pozna\u0142y zaw\u00f3d astronauty oraz same tworzy\u0142y mieszka\u0144c\u00f3w Kosmosu \u2013 czyli Kosmit\u00f3w.<\/p>\n\n\n\n<p>Zag\u0142\u0119bianie tajemnic Kosmosu by\u0142o przygod\u0105 dla wszystkich przedszkolak\u00f3w!<\/p>\n\n\n\n<figure class=\"wp-block-gallery columns-3 is-cropped wp-block-gallery-1 is-layout-flex wp-block-gallery-is-layout-flex\"><ul class=\"blocks-gallery-grid\"><li class=\"blocks-gallery-item\"><figure><img loading=\"lazy\" decoding=\"async\" width=\"599\" height=\"1024\" src=\"https:\/\/przylep.edu.pl\/przedszkole\/wp-content\/uploads\/2021\/02\/image-7-599x1024.jpg\" alt=\"\" data-id=\"5869\" data-full-url=\"https:\/\/przylep.edu.pl\/przedszkole\/wp-content\/uploads\/2021\/02\/image-7.jpg\" data-link=\"https:\/\/przylep.edu.pl\/przedszkole\/?attachment_id=5869\" class=\"wp-image-5869\" srcset=\"https:\/\/przylep.edu.pl\/przedszkole\/wp-content\/uploads\/2021\/02\/image-7-599x1024.jpg 599w, https:\/\/przylep.edu.pl\/przedszkole\/wp-content\/uploads\/2021\/02\/image-7-176x300.jpg 176w, https:\/\/przylep.edu.pl\/przedszkole\/wp-content\/uploads\/2021\/02\/image-7.jpg 750w\" sizes=\"auto, (max-width: 599px) 100vw, 599px\" \/><\/figure><\/li><li class=\"blocks-gallery-item\"><figure><img loading=\"lazy\" decoding=\"async\" width=\"750\" height=\"1000\" src=\"https:\/\/przylep.edu.pl\/przedszkole\/wp-content\/uploads\/2021\/02\/image-6.jpg\" alt=\"\" data-id=\"5870\" data-full-url=\"https:\/\/przylep.edu.pl\/przedszkole\/wp-content\/uploads\/2021\/02\/image-6.jpg\" data-link=\"https:\/\/przylep.edu.pl\/przedszkole\/?attachment_id=5870\" class=\"wp-image-5870\" srcset=\"https:\/\/przylep.edu.pl\/przedszkole\/wp-content\/uploads\/2021\/02\/image-6.jpg 750w, https:\/\/przylep.edu.pl\/przedszkole\/wp-content\/uploads\/2021\/02\/image-6-225x300.jpg 225w\" sizes=\"auto, (max-width: 750px) 100vw, 750px\" \/><\/figure><\/li><li class=\"blocks-gallery-item\"><figure><img loading=\"lazy\" decoding=\"async\" width=\"750\" height=\"1000\" src=\"https:\/\/przylep.edu.pl\/przedszkole\/wp-content\/uploads\/2021\/02\/image-5.jpg\" alt=\"\" data-id=\"5871\" data-full-url=\"https:\/\/przylep.edu.pl\/przedszkole\/wp-content\/uploads\/2021\/02\/image-5.jpg\" data-link=\"https:\/\/przylep.edu.pl\/przedszkole\/?attachment_id=5871\" class=\"wp-image-5871\" srcset=\"https:\/\/przylep.edu.pl\/przedszkole\/wp-content\/uploads\/2021\/02\/image-5.jpg 750w, https:\/\/przylep.edu.pl\/przedszkole\/wp-content\/uploads\/2021\/02\/image-5-225x300.jpg 225w\" sizes=\"auto, (max-width: 750px) 100vw, 750px\" \/><\/figure><\/li><li class=\"blocks-gallery-item\"><figure><img loading=\"lazy\" decoding=\"async\" width=\"240\" height=\"320\" src=\"https:\/\/przylep.edu.pl\/przedszkole\/wp-content\/uploads\/2021\/02\/image-4.jpg\" alt=\"\" data-id=\"5872\" data-full-url=\"https:\/\/przylep.edu.pl\/przedszkole\/wp-content\/uploads\/2021\/02\/image-4.jpg\" data-link=\"https:\/\/przylep.edu.pl\/przedszkole\/?attachment_id=5872\" class=\"wp-image-5872\" srcset=\"https:\/\/przylep.edu.pl\/przedszkole\/wp-content\/uploads\/2021\/02\/image-4.jpg 240w, https:\/\/przylep.edu.pl\/przedszkole\/wp-content\/uploads\/2021\/02\/image-4-225x300.jpg 225w\" sizes=\"auto, (max-width: 240px) 100vw, 240px\" \/><\/figure><\/li><li class=\"blocks-gallery-item\"><figure><img loading=\"lazy\" decoding=\"async\" width=\"750\" height=\"1000\" src=\"https:\/\/przylep.edu.pl\/przedszkole\/wp-content\/uploads\/2021\/02\/image-3.jpg\" alt=\"\" data-id=\"5873\" data-full-url=\"https:\/\/przylep.edu.pl\/przedszkole\/wp-content\/uploads\/2021\/02\/image-3.jpg\" data-link=\"https:\/\/przylep.edu.pl\/przedszkole\/?attachment_id=5873\" class=\"wp-image-5873\" srcset=\"https:\/\/przylep.edu.pl\/przedszkole\/wp-content\/uploads\/2021\/02\/image-3.jpg 750w, https:\/\/przylep.edu.pl\/przedszkole\/wp-content\/uploads\/2021\/02\/image-3-225x300.jpg 225w\" sizes=\"auto, (max-width: 750px) 100vw, 750px\" \/><\/figure><\/li><li class=\"blocks-gallery-item\"><figure><img loading=\"lazy\" decoding=\"async\" width=\"750\" height=\"338\" src=\"https:\/\/przylep.edu.pl\/przedszkole\/wp-content\/uploads\/2021\/02\/image-2.jpg\" alt=\"\" data-id=\"5874\" data-full-url=\"https:\/\/przylep.edu.pl\/przedszkole\/wp-content\/uploads\/2021\/02\/image-2.jpg\" data-link=\"https:\/\/przylep.edu.pl\/przedszkole\/?attachment_id=5874\" class=\"wp-image-5874\" srcset=\"https:\/\/przylep.edu.pl\/przedszkole\/wp-content\/uploads\/2021\/02\/image-2.jpg 750w, https:\/\/przylep.edu.pl\/przedszkole\/wp-content\/uploads\/2021\/02\/image-2-300x135.jpg 300w\" sizes=\"auto, (max-width: 750px) 100vw, 750px\" \/><\/figure><\/li><li class=\"blocks-gallery-item\"><figure><img loading=\"lazy\" decoding=\"async\" width=\"240\" height=\"320\" src=\"https:\/\/przylep.edu.pl\/przedszkole\/wp-content\/uploads\/2021\/02\/image-1.jpg\" alt=\"\" data-id=\"5875\" data-full-url=\"https:\/\/przylep.edu.pl\/przedszkole\/wp-content\/uploads\/2021\/02\/image-1.jpg\" data-link=\"https:\/\/przylep.edu.pl\/przedszkole\/?attachment_id=5875\" class=\"wp-image-5875\" srcset=\"https:\/\/przylep.edu.pl\/przedszkole\/wp-content\/uploads\/2021\/02\/image-1.jpg 240w, https:\/\/przylep.edu.pl\/przedszkole\/wp-content\/uploads\/2021\/02\/image-1-225x300.jpg 225w\" sizes=\"auto, (max-width: 240px) 100vw, 240px\" \/><\/figure><\/li><li class=\"blocks-gallery-item\"><figure><img loading=\"lazy\" decoding=\"async\" width=\"750\" height=\"1000\" src=\"https:\/\/przylep.edu.pl\/przedszkole\/wp-content\/uploads\/2021\/02\/image.jpg\" alt=\"\" data-id=\"5876\" data-full-url=\"https:\/\/przylep.edu.pl\/przedszkole\/wp-content\/uploads\/2021\/02\/image.jpg\" data-link=\"https:\/\/przylep.edu.pl\/przedszkole\/?attachment_id=5876\" class=\"wp-image-5876\" srcset=\"https:\/\/przylep.edu.pl\/przedszkole\/wp-content\/uploads\/2021\/02\/image.jpg 750w, https:\/\/przylep.edu.pl\/przedszkole\/wp-content\/uploads\/2021\/02\/image-225x300.jpg 225w\" sizes=\"auto, (max-width: 750px) 100vw, 750px\" \/><\/figure><\/li><\/ul><\/figure>\n\n\n\n<p><\/p>\n\n\n\n<p><\/p>\n\n\n\n<p><\/p>\n","protected":false},"excerpt":{"rendered":"<p>\u201eA kiedy ju\u017c na Ziemi wszystko zwiedz\u0119, rakiet\u0105 w kosmos polec\u0119\u2026\u201d Od poniedzia\u0142ku 15.02.2021 grupa \u017c\u00f3\u0142ta poznawa\u0142a tajemniczy \u015bwiat gwiazd i planet. Dzieci wzbogaci\u0142y swoj\u0105 wiedz\u0119 na temat planet, nazw, wielko\u015bci oraz kolejno\u015bci w Uk\u0142adzie S\u0142onecznym. Same tworzy\u0142y sw\u00f3j w\u0142asny kawa\u0142ek kosmosu w s\u0142oiku, Uk\u0142ad S\u0142oneczny i Planet\u0119 Ziemi\u0119. Zapoznawa\u0142y si\u0119 z odg\u0142osami Wszech\u015bwiata (dost\u0119pne [&hellip;]<\/p>\n","protected":false},"author":2,"featured_media":5870,"comment_status":"closed","ping_status":"open","sticky":false,"template":"","format":"standard","meta":{"footnotes":""},"categories":[45,44,40],"tags":[],"class_list":["post-5868","post","type-post","status-publish","format-standard","has-post-thumbnail","hentry","category-aktualnosci","category-zolta","category-strona-glowna"],"_links":{"self":[{"href":"https:\/\/przylep.edu.pl\/przedszkole\/wp-json\/wp\/v2\/posts\/5868","targetHints":{"allow":["GET"]}}],"collection":[{"href":"https:\/\/przylep.edu.pl\/przedszkole\/wp-json\/wp\/v2\/posts"}],"about":[{"href":"https:\/\/przylep.edu.pl\/przedszkole\/wp-json\/wp\/v2\/types\/post"}],"author":[{"embeddable":true,"href":"https:\/\/przylep.edu.pl\/przedszkole\/wp-json\/wp\/v2\/users\/2"}],"replies":[{"embeddable":true,"href":"https:\/\/przylep.edu.pl\/przedszkole\/wp-json\/wp\/v2\/comments?post=5868"}],"version-history":[{"count":3,"href":"https:\/\/przylep.edu.pl\/przedszkole\/wp-json\/wp\/v2\/posts\/5868\/revisions"}],"predecessor-version":[{"id":5879,"href":"https:\/\/przylep.edu.pl\/przedszkole\/wp-json\/wp\/v2\/posts\/5868\/revisions\/5879"}],"wp:featuredmedia":[{"embeddable":true,"href":"https:\/\/przylep.edu.pl\/przedszkole\/wp-json\/wp\/v2\/media\/5870"}],"wp:attachment":[{"href":"https:\/\/przylep.edu.pl\/przedszkole\/wp-json\/wp\/v2\/media?parent=5868"}],"wp:term":[{"taxonomy":"category","embeddable":true,"href":"https:\/\/przylep.edu.pl\/przedszkole\/wp-json\/wp\/v2\/categories?post=5868"},{"taxonomy":"post_tag","embeddable":true,"href":"https:\/\/przylep.edu.pl\/przedszkole\/wp-json\/wp\/v2\/tags?post=5868"}],"curies":[{"name":"wp","href":"https:\/\/api.w.org\/{rel}","templated":true}]}}