{"id":5849,"date":"2021-02-19T07:35:31","date_gmt":"2021-02-19T06:35:31","guid":{"rendered":"https:\/\/przylep.edu.pl\/przedszkole\/?p=5849"},"modified":"2021-02-19T07:35:33","modified_gmt":"2021-02-19T06:35:33","slug":"dzien-kota-2","status":"publish","type":"post","link":"https:\/\/przylep.edu.pl\/przedszkole\/2021\/02\/19\/dzien-kota-2\/","title":{"rendered":"Dzie\u0144 Kota"},"content":{"rendered":"\n<p>17 lutego  w przedszkolu obchodzili\u015bmy\u00a0<strong>Dzie\u0144 Kota.\u00a0<\/strong>Podczas zaj\u0119\u0107 przedszkolaki\u00a0 z grupy poszukiwaczy  wykonywa\u0142y r\u00f3\u017cne zadania zwi\u0105zane z kotkami. Nie zabrak\u0142o r\u00f3wnie\u017c prac tw\u00f3rczo-plastycznych oraz weso\u0142ych zabaw. <\/p>\n\n\n\n<figure class=\"wp-block-gallery columns-3 is-cropped wp-block-gallery-1 is-layout-flex wp-block-gallery-is-layout-flex\"><ul class=\"blocks-gallery-grid\"><li class=\"blocks-gallery-item\"><figure><img loading=\"lazy\" decoding=\"async\" width=\"1024\" height=\"768\" src=\"https:\/\/przylep.edu.pl\/przedszkole\/wp-content\/uploads\/2021\/02\/20210217_084927_01-1024x768.jpg\" alt=\"\" data-id=\"5857\" data-full-url=\"https:\/\/przylep.edu.pl\/przedszkole\/wp-content\/uploads\/2021\/02\/20210217_084927_01.jpg\" data-link=\"https:\/\/przylep.edu.pl\/przedszkole\/?attachment_id=5857\" class=\"wp-image-5857\" srcset=\"https:\/\/przylep.edu.pl\/przedszkole\/wp-content\/uploads\/2021\/02\/20210217_084927_01-1024x768.jpg 1024w, https:\/\/przylep.edu.pl\/przedszkole\/wp-content\/uploads\/2021\/02\/20210217_084927_01-300x225.jpg 300w, https:\/\/przylep.edu.pl\/przedszkole\/wp-content\/uploads\/2021\/02\/20210217_084927_01-768x576.jpg 768w, https:\/\/przylep.edu.pl\/przedszkole\/wp-content\/uploads\/2021\/02\/20210217_084927_01-600x450.jpg 600w, https:\/\/przylep.edu.pl\/przedszkole\/wp-content\/uploads\/2021\/02\/20210217_084927_01.jpg 1125w\" sizes=\"auto, (max-width: 1024px) 100vw, 1024px\" \/><\/figure><\/li><li class=\"blocks-gallery-item\"><figure><img loading=\"lazy\" decoding=\"async\" width=\"633\" height=\"844\" src=\"https:\/\/przylep.edu.pl\/przedszkole\/wp-content\/uploads\/2021\/02\/20210217_085013.jpg\" alt=\"\" data-id=\"5858\" data-full-url=\"https:\/\/przylep.edu.pl\/przedszkole\/wp-content\/uploads\/2021\/02\/20210217_085013.jpg\" data-link=\"https:\/\/przylep.edu.pl\/przedszkole\/?attachment_id=5858\" class=\"wp-image-5858\" srcset=\"https:\/\/przylep.edu.pl\/przedszkole\/wp-content\/uploads\/2021\/02\/20210217_085013.jpg 633w, https:\/\/przylep.edu.pl\/przedszkole\/wp-content\/uploads\/2021\/02\/20210217_085013-225x300.jpg 225w\" sizes=\"auto, (max-width: 633px) 100vw, 633px\" \/><\/figure><\/li><li class=\"blocks-gallery-item\"><figure><img loading=\"lazy\" decoding=\"async\" width=\"633\" height=\"844\" src=\"https:\/\/przylep.edu.pl\/przedszkole\/wp-content\/uploads\/2021\/02\/20210217_094331.jpg\" alt=\"\" data-id=\"5859\" data-full-url=\"https:\/\/przylep.edu.pl\/przedszkole\/wp-content\/uploads\/2021\/02\/20210217_094331.jpg\" data-link=\"https:\/\/przylep.edu.pl\/przedszkole\/?attachment_id=5859\" class=\"wp-image-5859\" srcset=\"https:\/\/przylep.edu.pl\/przedszkole\/wp-content\/uploads\/2021\/02\/20210217_094331.jpg 633w, https:\/\/przylep.edu.pl\/przedszkole\/wp-content\/uploads\/2021\/02\/20210217_094331-225x300.jpg 225w\" sizes=\"auto, (max-width: 633px) 100vw, 633px\" \/><\/figure><\/li><li class=\"blocks-gallery-item\"><figure><img loading=\"lazy\" decoding=\"async\" width=\"633\" height=\"844\" src=\"https:\/\/przylep.edu.pl\/przedszkole\/wp-content\/uploads\/2021\/02\/20210217_094600.jpg\" alt=\"\" data-id=\"5860\" data-full-url=\"https:\/\/przylep.edu.pl\/przedszkole\/wp-content\/uploads\/2021\/02\/20210217_094600.jpg\" data-link=\"https:\/\/przylep.edu.pl\/przedszkole\/?attachment_id=5860\" class=\"wp-image-5860\" srcset=\"https:\/\/przylep.edu.pl\/przedszkole\/wp-content\/uploads\/2021\/02\/20210217_094600.jpg 633w, https:\/\/przylep.edu.pl\/przedszkole\/wp-content\/uploads\/2021\/02\/20210217_094600-225x300.jpg 225w\" sizes=\"auto, (max-width: 633px) 100vw, 633px\" \/><\/figure><\/li><li class=\"blocks-gallery-item\"><figure><img loading=\"lazy\" decoding=\"async\" width=\"633\" height=\"844\" src=\"https:\/\/przylep.edu.pl\/przedszkole\/wp-content\/uploads\/2021\/02\/20210217_100917.jpg\" alt=\"\" data-id=\"5861\" data-full-url=\"https:\/\/przylep.edu.pl\/przedszkole\/wp-content\/uploads\/2021\/02\/20210217_100917.jpg\" data-link=\"https:\/\/przylep.edu.pl\/przedszkole\/?attachment_id=5861\" class=\"wp-image-5861\" srcset=\"https:\/\/przylep.edu.pl\/przedszkole\/wp-content\/uploads\/2021\/02\/20210217_100917.jpg 633w, https:\/\/przylep.edu.pl\/przedszkole\/wp-content\/uploads\/2021\/02\/20210217_100917-225x300.jpg 225w\" sizes=\"auto, (max-width: 633px) 100vw, 633px\" \/><\/figure><\/li><li class=\"blocks-gallery-item\"><figure><img loading=\"lazy\" decoding=\"async\" width=\"1024\" height=\"768\" src=\"https:\/\/przylep.edu.pl\/przedszkole\/wp-content\/uploads\/2021\/02\/IMG-20210213-WA0036-1-1024x768.jpg\" alt=\"\" data-id=\"5862\" data-full-url=\"https:\/\/przylep.edu.pl\/przedszkole\/wp-content\/uploads\/2021\/02\/IMG-20210213-WA0036-1.jpg\" data-link=\"https:\/\/przylep.edu.pl\/przedszkole\/?attachment_id=5862\" class=\"wp-image-5862\" srcset=\"https:\/\/przylep.edu.pl\/przedszkole\/wp-content\/uploads\/2021\/02\/IMG-20210213-WA0036-1-1024x768.jpg 1024w, https:\/\/przylep.edu.pl\/przedszkole\/wp-content\/uploads\/2021\/02\/IMG-20210213-WA0036-1-300x225.jpg 300w, https:\/\/przylep.edu.pl\/przedszkole\/wp-content\/uploads\/2021\/02\/IMG-20210213-WA0036-1-768x576.jpg 768w, https:\/\/przylep.edu.pl\/przedszkole\/wp-content\/uploads\/2021\/02\/IMG-20210213-WA0036-1-600x450.jpg 600w, https:\/\/przylep.edu.pl\/przedszkole\/wp-content\/uploads\/2021\/02\/IMG-20210213-WA0036-1.jpg 1220w\" sizes=\"auto, (max-width: 1024px) 100vw, 1024px\" \/><\/figure><\/li><li class=\"blocks-gallery-item\"><figure><img loading=\"lazy\" decoding=\"async\" width=\"768\" height=\"1024\" src=\"https:\/\/przylep.edu.pl\/przedszkole\/wp-content\/uploads\/2021\/02\/IMG-20210217-WA0006-768x1024.jpg\" alt=\"\" data-id=\"5863\" data-full-url=\"https:\/\/przylep.edu.pl\/przedszkole\/wp-content\/uploads\/2021\/02\/IMG-20210217-WA0006.jpg\" data-link=\"https:\/\/przylep.edu.pl\/przedszkole\/?attachment_id=5863\" class=\"wp-image-5863\" srcset=\"https:\/\/przylep.edu.pl\/przedszkole\/wp-content\/uploads\/2021\/02\/IMG-20210217-WA0006-768x1024.jpg 768w, https:\/\/przylep.edu.pl\/przedszkole\/wp-content\/uploads\/2021\/02\/IMG-20210217-WA0006-225x300.jpg 225w, https:\/\/przylep.edu.pl\/przedszkole\/wp-content\/uploads\/2021\/02\/IMG-20210217-WA0006-1152x1536.jpg 1152w, https:\/\/przylep.edu.pl\/przedszkole\/wp-content\/uploads\/2021\/02\/IMG-20210217-WA0006.jpg 1200w\" sizes=\"auto, (max-width: 768px) 100vw, 768px\" \/><\/figure><\/li><li class=\"blocks-gallery-item\"><figure><img loading=\"lazy\" decoding=\"async\" width=\"1024\" height=\"768\" src=\"https:\/\/przylep.edu.pl\/przedszkole\/wp-content\/uploads\/2021\/02\/IMG-20210217-WA0008-1024x768.jpg\" alt=\"\" data-id=\"5864\" data-full-url=\"https:\/\/przylep.edu.pl\/przedszkole\/wp-content\/uploads\/2021\/02\/IMG-20210217-WA0008.jpg\" data-link=\"https:\/\/przylep.edu.pl\/przedszkole\/?attachment_id=5864\" class=\"wp-image-5864\" srcset=\"https:\/\/przylep.edu.pl\/przedszkole\/wp-content\/uploads\/2021\/02\/IMG-20210217-WA0008-1024x768.jpg 1024w, https:\/\/przylep.edu.pl\/przedszkole\/wp-content\/uploads\/2021\/02\/IMG-20210217-WA0008-300x225.jpg 300w, https:\/\/przylep.edu.pl\/przedszkole\/wp-content\/uploads\/2021\/02\/IMG-20210217-WA0008-768x576.jpg 768w, https:\/\/przylep.edu.pl\/przedszkole\/wp-content\/uploads\/2021\/02\/IMG-20210217-WA0008-1536x1152.jpg 1536w, https:\/\/przylep.edu.pl\/przedszkole\/wp-content\/uploads\/2021\/02\/IMG-20210217-WA0008-600x450.jpg 600w, https:\/\/przylep.edu.pl\/przedszkole\/wp-content\/uploads\/2021\/02\/IMG-20210217-WA0008.jpg 1600w\" sizes=\"auto, (max-width: 1024px) 100vw, 1024px\" \/><\/figure><\/li><li class=\"blocks-gallery-item\"><figure><img loading=\"lazy\" decoding=\"async\" width=\"1024\" height=\"768\" src=\"https:\/\/przylep.edu.pl\/przedszkole\/wp-content\/uploads\/2021\/02\/IMG-20210217-WA0035-1024x768.jpg\" alt=\"\" data-id=\"5865\" data-full-url=\"https:\/\/przylep.edu.pl\/przedszkole\/wp-content\/uploads\/2021\/02\/IMG-20210217-WA0035.jpg\" data-link=\"https:\/\/przylep.edu.pl\/przedszkole\/?attachment_id=5865\" class=\"wp-image-5865\" srcset=\"https:\/\/przylep.edu.pl\/przedszkole\/wp-content\/uploads\/2021\/02\/IMG-20210217-WA0035-1024x768.jpg 1024w, https:\/\/przylep.edu.pl\/przedszkole\/wp-content\/uploads\/2021\/02\/IMG-20210217-WA0035-300x225.jpg 300w, https:\/\/przylep.edu.pl\/przedszkole\/wp-content\/uploads\/2021\/02\/IMG-20210217-WA0035-768x576.jpg 768w, https:\/\/przylep.edu.pl\/przedszkole\/wp-content\/uploads\/2021\/02\/IMG-20210217-WA0035-1536x1152.jpg 1536w, https:\/\/przylep.edu.pl\/przedszkole\/wp-content\/uploads\/2021\/02\/IMG-20210217-WA0035-600x450.jpg 600w, https:\/\/przylep.edu.pl\/przedszkole\/wp-content\/uploads\/2021\/02\/IMG-20210217-WA0035.jpg 1600w\" sizes=\"auto, (max-width: 1024px) 100vw, 1024px\" \/><\/figure><\/li><\/ul><\/figure>\n","protected":false},"excerpt":{"rendered":"<p>17 lutego w przedszkolu obchodzili\u015bmy\u00a0Dzie\u0144 Kota.\u00a0Podczas zaj\u0119\u0107 przedszkolaki\u00a0 z grupy poszukiwaczy wykonywa\u0142y r\u00f3\u017cne zadania zwi\u0105zane z kotkami. Nie zabrak\u0142o r\u00f3wnie\u017c prac tw\u00f3rczo-plastycznych oraz weso\u0142ych zabaw.<\/p>\n","protected":false},"author":2,"featured_media":0,"comment_status":"closed","ping_status":"open","sticky":false,"template":"","format":"standard","meta":{"footnotes":""},"categories":[45,43],"tags":[],"class_list":["post-5849","post","type-post","status-publish","format-standard","hentry","category-aktualnosci","category-limonkowa"],"_links":{"self":[{"href":"https:\/\/przylep.edu.pl\/przedszkole\/wp-json\/wp\/v2\/posts\/5849","targetHints":{"allow":["GET"]}}],"collection":[{"href":"https:\/\/przylep.edu.pl\/przedszkole\/wp-json\/wp\/v2\/posts"}],"about":[{"href":"https:\/\/przylep.edu.pl\/przedszkole\/wp-json\/wp\/v2\/types\/post"}],"author":[{"embeddable":true,"href":"https:\/\/przylep.edu.pl\/przedszkole\/wp-json\/wp\/v2\/users\/2"}],"replies":[{"embeddable":true,"href":"https:\/\/przylep.edu.pl\/przedszkole\/wp-json\/wp\/v2\/comments?post=5849"}],"version-history":[{"count":1,"href":"https:\/\/przylep.edu.pl\/przedszkole\/wp-json\/wp\/v2\/posts\/5849\/revisions"}],"predecessor-version":[{"id":5866,"href":"https:\/\/przylep.edu.pl\/przedszkole\/wp-json\/wp\/v2\/posts\/5849\/revisions\/5866"}],"wp:attachment":[{"href":"https:\/\/przylep.edu.pl\/przedszkole\/wp-json\/wp\/v2\/media?parent=5849"}],"wp:term":[{"taxonomy":"category","embeddable":true,"href":"https:\/\/przylep.edu.pl\/przedszkole\/wp-json\/wp\/v2\/categories?post=5849"},{"taxonomy":"post_tag","embeddable":true,"href":"https:\/\/przylep.edu.pl\/przedszkole\/wp-json\/wp\/v2\/tags?post=5849"}],"curies":[{"name":"wp","href":"https:\/\/api.w.org\/{rel}","templated":true}]}}