{"id":5831,"date":"2021-02-18T08:56:05","date_gmt":"2021-02-18T07:56:05","guid":{"rendered":"https:\/\/przylep.edu.pl\/przedszkole\/?p=5831"},"modified":"2021-02-19T06:42:47","modified_gmt":"2021-02-19T05:42:47","slug":"walentynki-swieto-chlopca-i-dziewczynki","status":"publish","type":"post","link":"https:\/\/przylep.edu.pl\/przedszkole\/2021\/02\/18\/walentynki-swieto-chlopca-i-dziewczynki\/","title":{"rendered":"Walentynki&#8230; \u015awi\u0119to Ch\u0142opca i Dziewczynki"},"content":{"rendered":"\n<p>W pi\u0105tek 12 lutego \u015bwi\u0119towali\u015bmy w Naszej grupie Walentynki. <\/p>\n\n\n\n<p>Dzie\u0144 \u015awi\u0119tego Walentego obchodzony jest na ca\u0142ym \u015bwiecie jako \u015bwi\u0119to mi\u0142o\u015bci. R\u00f3wnie\u017c w naszym przedszkolu up\u0142yn\u0105\u0142 na wzajemnym okazywaniu sobie \u017cyczliwo\u015bci, dobroci i przyja\u017ani.<\/p>\n\n\n\n<p>Zaskakuj\u0105ce jest jak najm\u0142odsze dzieci szczerze i otwarcie okazuj\u0105 rado\u015b\u0107, przyja\u017a\u0144 i sympati\u0119 w stosunku do innych.<\/p>\n\n\n\n<p>Wsp\u00f3lna zabawa w grupach dostarczy\u0142a wielu radosnych wra\u017ce\u0144. Dzie\u0144 ten, zapisa\u0142 si\u0119 w pami\u0119ci przedszkolak\u00f3w jako mi\u0142e wspomnienia.<\/p>\n\n\n\n<figure class=\"wp-block-gallery columns-3 is-cropped wp-block-gallery-1 is-layout-flex wp-block-gallery-is-layout-flex\"><ul class=\"blocks-gallery-grid\"><li class=\"blocks-gallery-item\"><figure><img loading=\"lazy\" decoding=\"async\" width=\"633\" height=\"844\" src=\"https:\/\/przylep.edu.pl\/przedszkole\/wp-content\/uploads\/2021\/02\/20210215_112313.jpg\" alt=\"\" data-id=\"5832\" data-full-url=\"https:\/\/przylep.edu.pl\/przedszkole\/wp-content\/uploads\/2021\/02\/20210215_112313.jpg\" data-link=\"https:\/\/przylep.edu.pl\/przedszkole\/?attachment_id=5832\" class=\"wp-image-5832\" srcset=\"https:\/\/przylep.edu.pl\/przedszkole\/wp-content\/uploads\/2021\/02\/20210215_112313.jpg 633w, https:\/\/przylep.edu.pl\/przedszkole\/wp-content\/uploads\/2021\/02\/20210215_112313-225x300.jpg 225w\" sizes=\"auto, (max-width: 633px) 100vw, 633px\" \/><\/figure><\/li><li class=\"blocks-gallery-item\"><figure><img loading=\"lazy\" decoding=\"async\" width=\"633\" height=\"844\" src=\"https:\/\/przylep.edu.pl\/przedszkole\/wp-content\/uploads\/2021\/02\/20210215_112359.jpg\" alt=\"\" data-id=\"5833\" data-full-url=\"https:\/\/przylep.edu.pl\/przedszkole\/wp-content\/uploads\/2021\/02\/20210215_112359.jpg\" data-link=\"https:\/\/przylep.edu.pl\/przedszkole\/?attachment_id=5833\" class=\"wp-image-5833\" srcset=\"https:\/\/przylep.edu.pl\/przedszkole\/wp-content\/uploads\/2021\/02\/20210215_112359.jpg 633w, https:\/\/przylep.edu.pl\/przedszkole\/wp-content\/uploads\/2021\/02\/20210215_112359-225x300.jpg 225w\" sizes=\"auto, (max-width: 633px) 100vw, 633px\" \/><\/figure><\/li><li class=\"blocks-gallery-item\"><figure><img loading=\"lazy\" decoding=\"async\" width=\"686\" height=\"915\" src=\"https:\/\/przylep.edu.pl\/przedszkole\/wp-content\/uploads\/2021\/02\/20210215_112544.jpg\" alt=\"\" data-id=\"5834\" data-full-url=\"https:\/\/przylep.edu.pl\/przedszkole\/wp-content\/uploads\/2021\/02\/20210215_112544.jpg\" data-link=\"https:\/\/przylep.edu.pl\/przedszkole\/?attachment_id=5834\" class=\"wp-image-5834\" srcset=\"https:\/\/przylep.edu.pl\/przedszkole\/wp-content\/uploads\/2021\/02\/20210215_112544.jpg 686w, https:\/\/przylep.edu.pl\/przedszkole\/wp-content\/uploads\/2021\/02\/20210215_112544-225x300.jpg 225w\" sizes=\"auto, (max-width: 686px) 100vw, 686px\" \/><\/figure><\/li><li class=\"blocks-gallery-item\"><figure><img loading=\"lazy\" decoding=\"async\" width=\"768\" height=\"1024\" src=\"https:\/\/przylep.edu.pl\/przedszkole\/wp-content\/uploads\/2021\/02\/IMG-20210212-WA0010-768x1024.jpg\" alt=\"\" data-id=\"5835\" data-full-url=\"https:\/\/przylep.edu.pl\/przedszkole\/wp-content\/uploads\/2021\/02\/IMG-20210212-WA0010.jpg\" data-link=\"https:\/\/przylep.edu.pl\/przedszkole\/?attachment_id=5835\" class=\"wp-image-5835\" srcset=\"https:\/\/przylep.edu.pl\/przedszkole\/wp-content\/uploads\/2021\/02\/IMG-20210212-WA0010-768x1024.jpg 768w, https:\/\/przylep.edu.pl\/przedszkole\/wp-content\/uploads\/2021\/02\/IMG-20210212-WA0010-225x300.jpg 225w, https:\/\/przylep.edu.pl\/przedszkole\/wp-content\/uploads\/2021\/02\/IMG-20210212-WA0010-1152x1536.jpg 1152w, https:\/\/przylep.edu.pl\/przedszkole\/wp-content\/uploads\/2021\/02\/IMG-20210212-WA0010.jpg 1200w\" sizes=\"auto, (max-width: 768px) 100vw, 768px\" \/><\/figure><\/li><li class=\"blocks-gallery-item\"><figure><img loading=\"lazy\" decoding=\"async\" width=\"768\" height=\"1024\" src=\"https:\/\/przylep.edu.pl\/przedszkole\/wp-content\/uploads\/2021\/02\/IMG-20210212-WA0013-1-768x1024.jpg\" alt=\"\" data-id=\"5836\" data-full-url=\"https:\/\/przylep.edu.pl\/przedszkole\/wp-content\/uploads\/2021\/02\/IMG-20210212-WA0013-1.jpg\" data-link=\"https:\/\/przylep.edu.pl\/przedszkole\/?attachment_id=5836\" class=\"wp-image-5836\" srcset=\"https:\/\/przylep.edu.pl\/przedszkole\/wp-content\/uploads\/2021\/02\/IMG-20210212-WA0013-1-768x1024.jpg 768w, https:\/\/przylep.edu.pl\/przedszkole\/wp-content\/uploads\/2021\/02\/IMG-20210212-WA0013-1-225x300.jpg 225w, https:\/\/przylep.edu.pl\/przedszkole\/wp-content\/uploads\/2021\/02\/IMG-20210212-WA0013-1-1152x1536.jpg 1152w, https:\/\/przylep.edu.pl\/przedszkole\/wp-content\/uploads\/2021\/02\/IMG-20210212-WA0013-1.jpg 1200w\" sizes=\"auto, (max-width: 768px) 100vw, 768px\" \/><\/figure><\/li><li class=\"blocks-gallery-item\"><figure><img loading=\"lazy\" decoding=\"async\" width=\"768\" height=\"1024\" src=\"https:\/\/przylep.edu.pl\/przedszkole\/wp-content\/uploads\/2021\/02\/IMG-20210212-WA0013-768x1024.jpg\" alt=\"\" data-id=\"5837\" data-full-url=\"https:\/\/przylep.edu.pl\/przedszkole\/wp-content\/uploads\/2021\/02\/IMG-20210212-WA0013.jpg\" data-link=\"https:\/\/przylep.edu.pl\/przedszkole\/?attachment_id=5837\" class=\"wp-image-5837\" srcset=\"https:\/\/przylep.edu.pl\/przedszkole\/wp-content\/uploads\/2021\/02\/IMG-20210212-WA0013-768x1024.jpg 768w, https:\/\/przylep.edu.pl\/przedszkole\/wp-content\/uploads\/2021\/02\/IMG-20210212-WA0013-225x300.jpg 225w, https:\/\/przylep.edu.pl\/przedszkole\/wp-content\/uploads\/2021\/02\/IMG-20210212-WA0013-1152x1536.jpg 1152w, https:\/\/przylep.edu.pl\/przedszkole\/wp-content\/uploads\/2021\/02\/IMG-20210212-WA0013.jpg 1200w\" sizes=\"auto, (max-width: 768px) 100vw, 768px\" \/><\/figure><\/li><li class=\"blocks-gallery-item\"><figure><img loading=\"lazy\" decoding=\"async\" width=\"768\" height=\"1024\" src=\"https:\/\/przylep.edu.pl\/przedszkole\/wp-content\/uploads\/2021\/02\/IMG-20210213-WA0003-768x1024.jpg\" alt=\"\" data-id=\"5838\" data-full-url=\"https:\/\/przylep.edu.pl\/przedszkole\/wp-content\/uploads\/2021\/02\/IMG-20210213-WA0003.jpg\" data-link=\"https:\/\/przylep.edu.pl\/przedszkole\/?attachment_id=5838\" class=\"wp-image-5838\" srcset=\"https:\/\/przylep.edu.pl\/przedszkole\/wp-content\/uploads\/2021\/02\/IMG-20210213-WA0003-768x1024.jpg 768w, https:\/\/przylep.edu.pl\/przedszkole\/wp-content\/uploads\/2021\/02\/IMG-20210213-WA0003-225x300.jpg 225w, https:\/\/przylep.edu.pl\/przedszkole\/wp-content\/uploads\/2021\/02\/IMG-20210213-WA0003-1152x1536.jpg 1152w, https:\/\/przylep.edu.pl\/przedszkole\/wp-content\/uploads\/2021\/02\/IMG-20210213-WA0003.jpg 1200w\" sizes=\"auto, (max-width: 768px) 100vw, 768px\" \/><\/figure><\/li><li class=\"blocks-gallery-item\"><figure><img loading=\"lazy\" decoding=\"async\" width=\"1024\" height=\"768\" src=\"https:\/\/przylep.edu.pl\/przedszkole\/wp-content\/uploads\/2021\/02\/IMG-20210213-WA0010-1024x768.jpg\" alt=\"\" data-id=\"5839\" data-full-url=\"https:\/\/przylep.edu.pl\/przedszkole\/wp-content\/uploads\/2021\/02\/IMG-20210213-WA0010.jpg\" data-link=\"https:\/\/przylep.edu.pl\/przedszkole\/?attachment_id=5839\" class=\"wp-image-5839\" srcset=\"https:\/\/przylep.edu.pl\/przedszkole\/wp-content\/uploads\/2021\/02\/IMG-20210213-WA0010-1024x768.jpg 1024w, https:\/\/przylep.edu.pl\/przedszkole\/wp-content\/uploads\/2021\/02\/IMG-20210213-WA0010-300x225.jpg 300w, https:\/\/przylep.edu.pl\/przedszkole\/wp-content\/uploads\/2021\/02\/IMG-20210213-WA0010-768x576.jpg 768w, https:\/\/przylep.edu.pl\/przedszkole\/wp-content\/uploads\/2021\/02\/IMG-20210213-WA0010-1536x1152.jpg 1536w, https:\/\/przylep.edu.pl\/przedszkole\/wp-content\/uploads\/2021\/02\/IMG-20210213-WA0010-600x450.jpg 600w, https:\/\/przylep.edu.pl\/przedszkole\/wp-content\/uploads\/2021\/02\/IMG-20210213-WA0010.jpg 1600w\" sizes=\"auto, (max-width: 1024px) 100vw, 1024px\" \/><\/figure><\/li><\/ul><\/figure>\n","protected":false},"excerpt":{"rendered":"<p>W pi\u0105tek 12 lutego \u015bwi\u0119towali\u015bmy w Naszej grupie Walentynki. Dzie\u0144 \u015awi\u0119tego Walentego obchodzony jest na ca\u0142ym \u015bwiecie jako \u015bwi\u0119to mi\u0142o\u015bci. R\u00f3wnie\u017c w naszym przedszkolu up\u0142yn\u0105\u0142 na wzajemnym okazywaniu sobie \u017cyczliwo\u015bci, dobroci i przyja\u017ani. Zaskakuj\u0105ce jest jak najm\u0142odsze dzieci szczerze i otwarcie okazuj\u0105 rado\u015b\u0107, przyja\u017a\u0144 i sympati\u0119 w stosunku do innych. Wsp\u00f3lna zabawa w grupach dostarczy\u0142a [&hellip;]<\/p>\n","protected":false},"author":2,"featured_media":0,"comment_status":"closed","ping_status":"open","sticky":false,"template":"","format":"standard","meta":{"footnotes":""},"categories":[45,43,40],"tags":[],"class_list":["post-5831","post","type-post","status-publish","format-standard","hentry","category-aktualnosci","category-limonkowa","category-strona-glowna"],"_links":{"self":[{"href":"https:\/\/przylep.edu.pl\/przedszkole\/wp-json\/wp\/v2\/posts\/5831","targetHints":{"allow":["GET"]}}],"collection":[{"href":"https:\/\/przylep.edu.pl\/przedszkole\/wp-json\/wp\/v2\/posts"}],"about":[{"href":"https:\/\/przylep.edu.pl\/przedszkole\/wp-json\/wp\/v2\/types\/post"}],"author":[{"embeddable":true,"href":"https:\/\/przylep.edu.pl\/przedszkole\/wp-json\/wp\/v2\/users\/2"}],"replies":[{"embeddable":true,"href":"https:\/\/przylep.edu.pl\/przedszkole\/wp-json\/wp\/v2\/comments?post=5831"}],"version-history":[{"count":1,"href":"https:\/\/przylep.edu.pl\/przedszkole\/wp-json\/wp\/v2\/posts\/5831\/revisions"}],"predecessor-version":[{"id":5840,"href":"https:\/\/przylep.edu.pl\/przedszkole\/wp-json\/wp\/v2\/posts\/5831\/revisions\/5840"}],"wp:attachment":[{"href":"https:\/\/przylep.edu.pl\/przedszkole\/wp-json\/wp\/v2\/media?parent=5831"}],"wp:term":[{"taxonomy":"category","embeddable":true,"href":"https:\/\/przylep.edu.pl\/przedszkole\/wp-json\/wp\/v2\/categories?post=5831"},{"taxonomy":"post_tag","embeddable":true,"href":"https:\/\/przylep.edu.pl\/przedszkole\/wp-json\/wp\/v2\/tags?post=5831"}],"curies":[{"name":"wp","href":"https:\/\/api.w.org\/{rel}","templated":true}]}}