{"id":5823,"date":"2021-02-17T12:48:50","date_gmt":"2021-02-17T11:48:50","guid":{"rendered":"https:\/\/przylep.edu.pl\/przedszkole\/?p=5823"},"modified":"2021-02-19T06:43:14","modified_gmt":"2021-02-19T05:43:14","slug":"dzien-kota","status":"publish","type":"post","link":"https:\/\/przylep.edu.pl\/przedszkole\/2021\/02\/17\/dzien-kota\/","title":{"rendered":"Dzie\u0144 Kota"},"content":{"rendered":"\n<p>Do 19 lutego 2021 roku w  naszej plac\u00f3wce odbywa si\u0119 zbi\u00f3rka karmy, koc\u00f3w, zabawek dla Braci mniejszych na co dzie\u0144 mieszkaj\u0105cych w DOMU KOTA w Dobrej. Otw\u00f3rzmy swoje serca!<\/p>\n\n\n\n<figure class=\"wp-block-gallery columns-1 is-cropped wp-block-gallery-1 is-layout-flex wp-block-gallery-is-layout-flex\"><ul class=\"blocks-gallery-grid\"><li class=\"blocks-gallery-item\"><figure><img loading=\"lazy\" decoding=\"async\" width=\"768\" height=\"1024\" src=\"https:\/\/przylep.edu.pl\/przedszkole\/wp-content\/uploads\/2021\/02\/Lolek-1-768x1024.jpg\" alt=\"\" data-id=\"5826\" data-full-url=\"https:\/\/przylep.edu.pl\/przedszkole\/wp-content\/uploads\/2021\/02\/Lolek-1-scaled.jpg\" data-link=\"https:\/\/przylep.edu.pl\/przedszkole\/2021\/02\/17\/dzien-kota\/dav\/\" class=\"wp-image-5826\" srcset=\"https:\/\/przylep.edu.pl\/przedszkole\/wp-content\/uploads\/2021\/02\/Lolek-1-768x1024.jpg 768w, https:\/\/przylep.edu.pl\/przedszkole\/wp-content\/uploads\/2021\/02\/Lolek-1-225x300.jpg 225w, https:\/\/przylep.edu.pl\/przedszkole\/wp-content\/uploads\/2021\/02\/Lolek-1-1152x1536.jpg 1152w, https:\/\/przylep.edu.pl\/przedszkole\/wp-content\/uploads\/2021\/02\/Lolek-1-1536x2048.jpg 1536w, https:\/\/przylep.edu.pl\/przedszkole\/wp-content\/uploads\/2021\/02\/Lolek-1-scaled.jpg 1920w\" sizes=\"auto, (max-width: 768px) 100vw, 768px\" \/><figcaption class=\"blocks-gallery-item__caption\">dav<\/figcaption><\/figure><\/li><\/ul><figcaption class=\"blocks-gallery-caption\">Lolek by\u0142 mieszka\u0144cem Domu Kota w Dobrej, teraz rz\u0105dzi i daje mn\u00f3stwo dobrej energii Asi.<\/figcaption><\/figure>\n\n\n\n<figure class=\"wp-block-gallery columns-1 is-cropped wp-block-gallery-2 is-layout-flex wp-block-gallery-is-layout-flex\"><ul class=\"blocks-gallery-grid\"><li class=\"blocks-gallery-item\"><figure><img loading=\"lazy\" decoding=\"async\" width=\"1024\" height=\"500\" src=\"https:\/\/przylep.edu.pl\/przedszkole\/wp-content\/uploads\/2021\/02\/Lolek-1024x500.jpg\" alt=\"\" data-id=\"5828\" data-full-url=\"https:\/\/przylep.edu.pl\/przedszkole\/wp-content\/uploads\/2021\/02\/Lolek.jpg\" data-link=\"https:\/\/przylep.edu.pl\/przedszkole\/2021\/02\/17\/dzien-kota\/dav-2\/\" class=\"wp-image-5828\" srcset=\"https:\/\/przylep.edu.pl\/przedszkole\/wp-content\/uploads\/2021\/02\/Lolek-1024x500.jpg 1024w, https:\/\/przylep.edu.pl\/przedszkole\/wp-content\/uploads\/2021\/02\/Lolek-300x146.jpg 300w, https:\/\/przylep.edu.pl\/przedszkole\/wp-content\/uploads\/2021\/02\/Lolek-768x375.jpg 768w, https:\/\/przylep.edu.pl\/przedszkole\/wp-content\/uploads\/2021\/02\/Lolek-1536x749.jpg 1536w, https:\/\/przylep.edu.pl\/przedszkole\/wp-content\/uploads\/2021\/02\/Lolek-2048x999.jpg 2048w\" sizes=\"auto, (max-width: 1024px) 100vw, 1024px\" \/><figcaption class=\"blocks-gallery-item__caption\">dav<\/figcaption><\/figure><\/li><\/ul><figcaption class=\"blocks-gallery-caption\">Lolek najbardziej lubi spa\u0107 na pachn\u0105cym praniu<\/figcaption><\/figure>\n","protected":false},"excerpt":{"rendered":"<p>Do 19 lutego 2021 roku w naszej plac\u00f3wce odbywa si\u0119 zbi\u00f3rka karmy, koc\u00f3w, zabawek dla Braci mniejszych na co dzie\u0144 mieszkaj\u0105cych w DOMU KOTA w Dobrej. Otw\u00f3rzmy swoje serca!<\/p>\n","protected":false},"author":2,"featured_media":5824,"comment_status":"closed","ping_status":"open","sticky":false,"template":"","format":"standard","meta":{"footnotes":""},"categories":[45,40],"tags":[],"class_list":["post-5823","post","type-post","status-publish","format-standard","has-post-thumbnail","hentry","category-aktualnosci","category-strona-glowna"],"_links":{"self":[{"href":"https:\/\/przylep.edu.pl\/przedszkole\/wp-json\/wp\/v2\/posts\/5823","targetHints":{"allow":["GET"]}}],"collection":[{"href":"https:\/\/przylep.edu.pl\/przedszkole\/wp-json\/wp\/v2\/posts"}],"about":[{"href":"https:\/\/przylep.edu.pl\/przedszkole\/wp-json\/wp\/v2\/types\/post"}],"author":[{"embeddable":true,"href":"https:\/\/przylep.edu.pl\/przedszkole\/wp-json\/wp\/v2\/users\/2"}],"replies":[{"embeddable":true,"href":"https:\/\/przylep.edu.pl\/przedszkole\/wp-json\/wp\/v2\/comments?post=5823"}],"version-history":[{"count":2,"href":"https:\/\/przylep.edu.pl\/przedszkole\/wp-json\/wp\/v2\/posts\/5823\/revisions"}],"predecessor-version":[{"id":5829,"href":"https:\/\/przylep.edu.pl\/przedszkole\/wp-json\/wp\/v2\/posts\/5823\/revisions\/5829"}],"wp:featuredmedia":[{"embeddable":true,"href":"https:\/\/przylep.edu.pl\/przedszkole\/wp-json\/wp\/v2\/media\/5824"}],"wp:attachment":[{"href":"https:\/\/przylep.edu.pl\/przedszkole\/wp-json\/wp\/v2\/media?parent=5823"}],"wp:term":[{"taxonomy":"category","embeddable":true,"href":"https:\/\/przylep.edu.pl\/przedszkole\/wp-json\/wp\/v2\/categories?post=5823"},{"taxonomy":"post_tag","embeddable":true,"href":"https:\/\/przylep.edu.pl\/przedszkole\/wp-json\/wp\/v2\/tags?post=5823"}],"curies":[{"name":"wp","href":"https:\/\/api.w.org\/{rel}","templated":true}]}}