{"id":5675,"date":"2020-11-02T09:34:00","date_gmt":"2020-11-02T08:34:00","guid":{"rendered":"https:\/\/przylep.edu.pl\/przedszkole\/?p=5675"},"modified":"2021-02-19T06:51:36","modified_gmt":"2021-02-19T05:51:36","slug":"dzien-dyni","status":"publish","type":"post","link":"https:\/\/przylep.edu.pl\/przedszkole\/2020\/11\/02\/dzien-dyni\/","title":{"rendered":"Dzie\u0144 Dyni"},"content":{"rendered":"\n<p>         30 pa\u017adziernika w Naszym przedszkolu panowa\u0142  &#8222;dyniowy zawr\u00f3t g\u0142owy&#8221;. Dzieci, ubrane na pomara\u0144czowo uczestniczy\u0142y w zaj\u0119ciach kulinarnych. Razem zrobili\u015bmy i z apetytem zjedli\u015bmy ciasto marchewkowe. <\/p>\n\n\n\n<p>W tym dniu nast\u0105pi\u0142o r\u00f3wnie\u017c rozstrzygni\u0119cie konkursu &#8222;Dyniowe zwierzaki-cudaki&#8221;. <\/p>\n\n\n\n<figure class=\"wp-block-gallery columns-3 is-cropped wp-block-gallery-1 is-layout-flex wp-block-gallery-is-layout-flex\"><ul class=\"blocks-gallery-grid\"><li class=\"blocks-gallery-item\"><figure><img loading=\"lazy\" decoding=\"async\" width=\"686\" height=\"915\" src=\"https:\/\/przylep.edu.pl\/przedszkole\/wp-content\/uploads\/2021\/02\/20201030_093650.jpg\" alt=\"\" data-id=\"5676\" data-full-url=\"https:\/\/przylep.edu.pl\/przedszkole\/wp-content\/uploads\/2021\/02\/20201030_093650.jpg\" data-link=\"https:\/\/przylep.edu.pl\/przedszkole\/?attachment_id=5676\" class=\"wp-image-5676\" srcset=\"https:\/\/przylep.edu.pl\/przedszkole\/wp-content\/uploads\/2021\/02\/20201030_093650.jpg 686w, https:\/\/przylep.edu.pl\/przedszkole\/wp-content\/uploads\/2021\/02\/20201030_093650-225x300.jpg 225w\" sizes=\"auto, (max-width: 686px) 100vw, 686px\" \/><\/figure><\/li><li class=\"blocks-gallery-item\"><figure><img loading=\"lazy\" decoding=\"async\" width=\"633\" height=\"844\" src=\"https:\/\/przylep.edu.pl\/przedszkole\/wp-content\/uploads\/2021\/02\/20201030_094018.jpg\" alt=\"\" data-id=\"5677\" data-full-url=\"https:\/\/przylep.edu.pl\/przedszkole\/wp-content\/uploads\/2021\/02\/20201030_094018.jpg\" data-link=\"https:\/\/przylep.edu.pl\/przedszkole\/?attachment_id=5677\" class=\"wp-image-5677\" srcset=\"https:\/\/przylep.edu.pl\/przedszkole\/wp-content\/uploads\/2021\/02\/20201030_094018.jpg 633w, https:\/\/przylep.edu.pl\/przedszkole\/wp-content\/uploads\/2021\/02\/20201030_094018-225x300.jpg 225w\" sizes=\"auto, (max-width: 633px) 100vw, 633px\" \/><\/figure><\/li><li class=\"blocks-gallery-item\"><figure><img loading=\"lazy\" decoding=\"async\" width=\"633\" height=\"844\" src=\"https:\/\/przylep.edu.pl\/przedszkole\/wp-content\/uploads\/2021\/02\/20201030_102023.jpg\" alt=\"\" data-id=\"5678\" data-full-url=\"https:\/\/przylep.edu.pl\/przedszkole\/wp-content\/uploads\/2021\/02\/20201030_102023.jpg\" data-link=\"https:\/\/przylep.edu.pl\/przedszkole\/?attachment_id=5678\" class=\"wp-image-5678\" srcset=\"https:\/\/przylep.edu.pl\/przedszkole\/wp-content\/uploads\/2021\/02\/20201030_102023.jpg 633w, https:\/\/przylep.edu.pl\/przedszkole\/wp-content\/uploads\/2021\/02\/20201030_102023-225x300.jpg 225w\" sizes=\"auto, (max-width: 633px) 100vw, 633px\" \/><\/figure><\/li><li class=\"blocks-gallery-item\"><figure><img loading=\"lazy\" decoding=\"async\" width=\"633\" height=\"844\" src=\"https:\/\/przylep.edu.pl\/przedszkole\/wp-content\/uploads\/2021\/02\/20201030_102027.jpg\" alt=\"\" data-id=\"5679\" data-full-url=\"https:\/\/przylep.edu.pl\/przedszkole\/wp-content\/uploads\/2021\/02\/20201030_102027.jpg\" data-link=\"https:\/\/przylep.edu.pl\/przedszkole\/?attachment_id=5679\" class=\"wp-image-5679\" srcset=\"https:\/\/przylep.edu.pl\/przedszkole\/wp-content\/uploads\/2021\/02\/20201030_102027.jpg 633w, https:\/\/przylep.edu.pl\/przedszkole\/wp-content\/uploads\/2021\/02\/20201030_102027-225x300.jpg 225w\" sizes=\"auto, (max-width: 633px) 100vw, 633px\" \/><\/figure><\/li><li class=\"blocks-gallery-item\"><figure><img loading=\"lazy\" decoding=\"async\" width=\"1024\" height=\"768\" src=\"https:\/\/przylep.edu.pl\/przedszkole\/wp-content\/uploads\/2021\/02\/received_1052781465184469-1024x768.jpeg\" alt=\"\" data-id=\"5680\" data-full-url=\"https:\/\/przylep.edu.pl\/przedszkole\/wp-content\/uploads\/2021\/02\/received_1052781465184469.jpeg\" data-link=\"https:\/\/przylep.edu.pl\/przedszkole\/?attachment_id=5680\" class=\"wp-image-5680\" srcset=\"https:\/\/przylep.edu.pl\/przedszkole\/wp-content\/uploads\/2021\/02\/received_1052781465184469-1024x768.jpeg 1024w, https:\/\/przylep.edu.pl\/przedszkole\/wp-content\/uploads\/2021\/02\/received_1052781465184469-300x225.jpeg 300w, https:\/\/przylep.edu.pl\/przedszkole\/wp-content\/uploads\/2021\/02\/received_1052781465184469-768x576.jpeg 768w, https:\/\/przylep.edu.pl\/przedszkole\/wp-content\/uploads\/2021\/02\/received_1052781465184469-600x450.jpeg 600w, https:\/\/przylep.edu.pl\/przedszkole\/wp-content\/uploads\/2021\/02\/received_1052781465184469.jpeg 1125w\" sizes=\"auto, (max-width: 1024px) 100vw, 1024px\" \/><\/figure><\/li><\/ul><\/figure>\n","protected":false},"excerpt":{"rendered":"<p>30 pa\u017adziernika w Naszym przedszkolu panowa\u0142 &#8222;dyniowy zawr\u00f3t g\u0142owy&#8221;. Dzieci, ubrane na pomara\u0144czowo uczestniczy\u0142y w zaj\u0119ciach kulinarnych. Razem zrobili\u015bmy i z apetytem zjedli\u015bmy ciasto marchewkowe. W tym dniu nast\u0105pi\u0142o r\u00f3wnie\u017c rozstrzygni\u0119cie konkursu &#8222;Dyniowe zwierzaki-cudaki&#8221;.<\/p>\n","protected":false},"author":2,"featured_media":0,"comment_status":"closed","ping_status":"open","sticky":false,"template":"","format":"standard","meta":{"footnotes":""},"categories":[43],"tags":[],"class_list":["post-5675","post","type-post","status-publish","format-standard","hentry","category-limonkowa"],"_links":{"self":[{"href":"https:\/\/przylep.edu.pl\/przedszkole\/wp-json\/wp\/v2\/posts\/5675","targetHints":{"allow":["GET"]}}],"collection":[{"href":"https:\/\/przylep.edu.pl\/przedszkole\/wp-json\/wp\/v2\/posts"}],"about":[{"href":"https:\/\/przylep.edu.pl\/przedszkole\/wp-json\/wp\/v2\/types\/post"}],"author":[{"embeddable":true,"href":"https:\/\/przylep.edu.pl\/przedszkole\/wp-json\/wp\/v2\/users\/2"}],"replies":[{"embeddable":true,"href":"https:\/\/przylep.edu.pl\/przedszkole\/wp-json\/wp\/v2\/comments?post=5675"}],"version-history":[{"count":1,"href":"https:\/\/przylep.edu.pl\/przedszkole\/wp-json\/wp\/v2\/posts\/5675\/revisions"}],"predecessor-version":[{"id":5681,"href":"https:\/\/przylep.edu.pl\/przedszkole\/wp-json\/wp\/v2\/posts\/5675\/revisions\/5681"}],"wp:attachment":[{"href":"https:\/\/przylep.edu.pl\/przedszkole\/wp-json\/wp\/v2\/media?parent=5675"}],"wp:term":[{"taxonomy":"category","embeddable":true,"href":"https:\/\/przylep.edu.pl\/przedszkole\/wp-json\/wp\/v2\/categories?post=5675"},{"taxonomy":"post_tag","embeddable":true,"href":"https:\/\/przylep.edu.pl\/przedszkole\/wp-json\/wp\/v2\/tags?post=5675"}],"curies":[{"name":"wp","href":"https:\/\/api.w.org\/{rel}","templated":true}]}}