{"id":5446,"date":"2020-09-30T09:20:53","date_gmt":"2020-09-30T07:20:53","guid":{"rendered":"http:\/\/przylep.dpx.pl\/przedszkole\/?p=5446"},"modified":"2020-12-02T22:26:42","modified_gmt":"2020-12-02T21:26:42","slug":"dzien-chlopaka-u-odkrywcow","status":"publish","type":"post","link":"https:\/\/przylep.edu.pl\/przedszkole\/2020\/09\/30\/dzien-chlopaka-u-odkrywcow\/","title":{"rendered":"Dzie\u0144 Ch\u0142opaka u Odkrywc\u00f3w"},"content":{"rendered":"\n<figure class=\"wp-block-gallery columns-2 is-cropped wp-block-gallery-1 is-layout-flex wp-block-gallery-is-layout-flex\"><ul class=\"blocks-gallery-grid\"><li class=\"blocks-gallery-item\"><figure><img loading=\"lazy\" decoding=\"async\" width=\"576\" height=\"1024\" src=\"http:\/\/przylep.dpx.pl\/przedszkole\/wp-content\/uploads\/2020\/12\/20200930_095028-576x1024.jpg\" alt=\"\" data-id=\"5447\" data-full-url=\"http:\/\/przylep.dpx.pl\/przedszkole\/wp-content\/uploads\/2020\/12\/20200930_095028.jpg\" data-link=\"http:\/\/przylep.dpx.pl\/przedszkole\/?attachment_id=5447\" class=\"wp-image-5447\" srcset=\"https:\/\/przylep.edu.pl\/przedszkole\/wp-content\/uploads\/2020\/12\/20200930_095028-576x1024.jpg 576w, https:\/\/przylep.edu.pl\/przedszkole\/wp-content\/uploads\/2020\/12\/20200930_095028-169x300.jpg 169w, https:\/\/przylep.edu.pl\/przedszkole\/wp-content\/uploads\/2020\/12\/20200930_095028.jpg 669w\" sizes=\"auto, (max-width: 576px) 100vw, 576px\" \/><\/figure><\/li><li class=\"blocks-gallery-item\"><figure><img loading=\"lazy\" decoding=\"async\" width=\"576\" height=\"1024\" src=\"http:\/\/przylep.dpx.pl\/przedszkole\/wp-content\/uploads\/2020\/12\/20200930_095031-576x1024.jpg\" alt=\"\" data-id=\"5448\" data-full-url=\"http:\/\/przylep.dpx.pl\/przedszkole\/wp-content\/uploads\/2020\/12\/20200930_095031.jpg\" data-link=\"http:\/\/przylep.dpx.pl\/przedszkole\/?attachment_id=5448\" class=\"wp-image-5448\" srcset=\"https:\/\/przylep.edu.pl\/przedszkole\/wp-content\/uploads\/2020\/12\/20200930_095031-576x1024.jpg 576w, https:\/\/przylep.edu.pl\/przedszkole\/wp-content\/uploads\/2020\/12\/20200930_095031-169x300.jpg 169w, https:\/\/przylep.edu.pl\/przedszkole\/wp-content\/uploads\/2020\/12\/20200930_095031.jpg 669w\" sizes=\"auto, (max-width: 576px) 100vw, 576px\" \/><\/figure><\/li><li class=\"blocks-gallery-item\"><figure><img loading=\"lazy\" decoding=\"async\" width=\"576\" height=\"1024\" src=\"http:\/\/przylep.dpx.pl\/przedszkole\/wp-content\/uploads\/2020\/12\/20200930_095624-576x1024.jpg\" alt=\"\" data-id=\"5449\" data-full-url=\"http:\/\/przylep.dpx.pl\/przedszkole\/wp-content\/uploads\/2020\/12\/20200930_095624.jpg\" data-link=\"http:\/\/przylep.dpx.pl\/przedszkole\/?attachment_id=5449\" class=\"wp-image-5449\" srcset=\"https:\/\/przylep.edu.pl\/przedszkole\/wp-content\/uploads\/2020\/12\/20200930_095624-576x1024.jpg 576w, https:\/\/przylep.edu.pl\/przedszkole\/wp-content\/uploads\/2020\/12\/20200930_095624-169x300.jpg 169w, https:\/\/przylep.edu.pl\/przedszkole\/wp-content\/uploads\/2020\/12\/20200930_095624.jpg 669w\" sizes=\"auto, (max-width: 576px) 100vw, 576px\" \/><\/figure><\/li><\/ul><\/figure>\n","protected":false},"excerpt":{"rendered":"","protected":false},"author":1,"featured_media":0,"comment_status":"closed","ping_status":"open","sticky":false,"template":"","format":"standard","meta":{"footnotes":""},"categories":[41,42],"tags":[],"class_list":["post-5446","post","type-post","status-publish","format-standard","hentry","category-galerie","category-niebieska"],"_links":{"self":[{"href":"https:\/\/przylep.edu.pl\/przedszkole\/wp-json\/wp\/v2\/posts\/5446","targetHints":{"allow":["GET"]}}],"collection":[{"href":"https:\/\/przylep.edu.pl\/przedszkole\/wp-json\/wp\/v2\/posts"}],"about":[{"href":"https:\/\/przylep.edu.pl\/przedszkole\/wp-json\/wp\/v2\/types\/post"}],"author":[{"embeddable":true,"href":"https:\/\/przylep.edu.pl\/przedszkole\/wp-json\/wp\/v2\/users\/1"}],"replies":[{"embeddable":true,"href":"https:\/\/przylep.edu.pl\/przedszkole\/wp-json\/wp\/v2\/comments?post=5446"}],"version-history":[{"count":1,"href":"https:\/\/przylep.edu.pl\/przedszkole\/wp-json\/wp\/v2\/posts\/5446\/revisions"}],"predecessor-version":[{"id":5450,"href":"https:\/\/przylep.edu.pl\/przedszkole\/wp-json\/wp\/v2\/posts\/5446\/revisions\/5450"}],"wp:attachment":[{"href":"https:\/\/przylep.edu.pl\/przedszkole\/wp-json\/wp\/v2\/media?parent=5446"}],"wp:term":[{"taxonomy":"category","embeddable":true,"href":"https:\/\/przylep.edu.pl\/przedszkole\/wp-json\/wp\/v2\/categories?post=5446"},{"taxonomy":"post_tag","embeddable":true,"href":"https:\/\/przylep.edu.pl\/przedszkole\/wp-json\/wp\/v2\/tags?post=5446"}],"curies":[{"name":"wp","href":"https:\/\/api.w.org\/{rel}","templated":true}]}}