{"id":5367,"date":"2020-10-07T13:01:00","date_gmt":"2020-10-07T11:01:00","guid":{"rendered":"http:\/\/przylep.dpx.pl\/przedszkole\/?p=5367"},"modified":"2020-12-09T23:11:44","modified_gmt":"2020-12-09T22:11:44","slug":"poznajemy-kolory","status":"publish","type":"post","link":"https:\/\/przylep.edu.pl\/przedszkole\/2020\/10\/07\/poznajemy-kolory\/","title":{"rendered":"Poznajemy kolory"},"content":{"rendered":"\n<p>Dzieci nie rodz\u0105 si\u0119 z umiej\u0119tno\u015bci\u0105 rozpoznawania kolor\u00f3w i ich nazywania. Potrzeba czasu, by narz\u0105d wzroku wystarczaj\u0105co si\u0119 wykszta\u0142ci\u0142. Nauka kolor\u00f3w dla dwulatk\u00f3w czy trzylatk\u00f3w jest mo\u017cliwa. Dzi\u0119ki r\u00f3\u017cnorodnym pomys\u0142om, mo\u017cna zacz\u0105\u0107 nauk\u0119 kolor\u00f3w i zorganizowa\u0107 j\u0105 tak, by maluch podczas zabawy pozna\u0142 podstawowe barwy. Poszukiwacze, dzi\u0119ki takim zaj\u0119ciom, kszta\u0142towa\u0142y percepcj\u0119 wzrokow\u0105 i logiczne my\u015blenie oraz poznawa\u0142y kolory, a tak\u017ce uczy\u0142y si\u0119 cierpliwo\u015bci w oczekiwaniu na swoj\u0105 kolej.<\/p>\n","protected":false},"excerpt":{"rendered":"<p>Dzieci nie rodz\u0105 si\u0119 z umiej\u0119tno\u015bci\u0105 rozpoznawania kolor\u00f3w i ich nazywania. Potrzeba czasu, by narz\u0105d wzroku wystarczaj\u0105co si\u0119 wykszta\u0142ci\u0142. Nauka kolor\u00f3w dla dwulatk\u00f3w czy trzylatk\u00f3w jest mo\u017cliwa. Dzi\u0119ki r\u00f3\u017cnorodnym pomys\u0142om, mo\u017cna zacz\u0105\u0107 nauk\u0119 kolor\u00f3w i zorganizowa\u0107 j\u0105 tak, by maluch podczas zabawy pozna\u0142 podstawowe barwy. Poszukiwacze, dzi\u0119ki takim zaj\u0119ciom, kszta\u0142towa\u0142y percepcj\u0119 wzrokow\u0105 i logiczne my\u015blenie [&hellip;]<\/p>\n","protected":false},"author":1,"featured_media":5369,"comment_status":"closed","ping_status":"open","sticky":false,"template":"","format":"standard","meta":{"footnotes":""},"categories":[45],"tags":[],"class_list":["post-5367","post","type-post","status-publish","format-standard","has-post-thumbnail","hentry","category-aktualnosci"],"_links":{"self":[{"href":"https:\/\/przylep.edu.pl\/przedszkole\/wp-json\/wp\/v2\/posts\/5367","targetHints":{"allow":["GET"]}}],"collection":[{"href":"https:\/\/przylep.edu.pl\/przedszkole\/wp-json\/wp\/v2\/posts"}],"about":[{"href":"https:\/\/przylep.edu.pl\/przedszkole\/wp-json\/wp\/v2\/types\/post"}],"author":[{"embeddable":true,"href":"https:\/\/przylep.edu.pl\/przedszkole\/wp-json\/wp\/v2\/users\/1"}],"replies":[{"embeddable":true,"href":"https:\/\/przylep.edu.pl\/przedszkole\/wp-json\/wp\/v2\/comments?post=5367"}],"version-history":[{"count":1,"href":"https:\/\/przylep.edu.pl\/przedszkole\/wp-json\/wp\/v2\/posts\/5367\/revisions"}],"predecessor-version":[{"id":5368,"href":"https:\/\/przylep.edu.pl\/przedszkole\/wp-json\/wp\/v2\/posts\/5367\/revisions\/5368"}],"wp:featuredmedia":[{"embeddable":true,"href":"https:\/\/przylep.edu.pl\/przedszkole\/wp-json\/wp\/v2\/media\/5369"}],"wp:attachment":[{"href":"https:\/\/przylep.edu.pl\/przedszkole\/wp-json\/wp\/v2\/media?parent=5367"}],"wp:term":[{"taxonomy":"category","embeddable":true,"href":"https:\/\/przylep.edu.pl\/przedszkole\/wp-json\/wp\/v2\/categories?post=5367"},{"taxonomy":"post_tag","embeddable":true,"href":"https:\/\/przylep.edu.pl\/przedszkole\/wp-json\/wp\/v2\/tags?post=5367"}],"curies":[{"name":"wp","href":"https:\/\/api.w.org\/{rel}","templated":true}]}}