{"id":5362,"date":"2020-10-14T10:52:00","date_gmt":"2020-10-14T08:52:00","guid":{"rendered":"http:\/\/przylep.dpx.pl\/przedszkole\/?p=5362"},"modified":"2020-12-09T23:10:33","modified_gmt":"2020-12-09T22:10:33","slug":"pasowanie-na-przedszkolaka","status":"publish","type":"post","link":"https:\/\/przylep.edu.pl\/przedszkole\/2020\/10\/14\/pasowanie-na-przedszkolaka\/","title":{"rendered":"Pasowanie na Przedszkolaka"},"content":{"rendered":"\n<p>Bardzo uroczystym i zarazem najwa\u017cniejszym \u015bwi\u0119tem dla dzieci z grupy Poszukiwaczy by\u0142o \u201ePasowanie na Przedszkolaka\u201d, kt\u00f3re odby\u0142o si\u0119 14 pa\u017adziernika. Maluszki stan\u0119\u0142y na wysoko\u015bci zadania. Chocia\u017c do przedszkola ucz\u0119szczaj\u0105 dopiero drugi miesi\u0105c, to z wielkim zaanga\u017cowaniem zaprezentowa\u0142y swoje umiej\u0119tno\u015bci. Pani Dyrektor, za pomoc\u0105 magicznego dotkni\u0119cia ka\u017cdego malucha, dokona\u0142a uroczystego pasowania na prawdziwego przedszkolaka.<\/p>\n","protected":false},"excerpt":{"rendered":"<p>Bardzo uroczystym i zarazem najwa\u017cniejszym \u015bwi\u0119tem dla dzieci z grupy Poszukiwaczy by\u0142o \u201ePasowanie na Przedszkolaka\u201d, kt\u00f3re odby\u0142o si\u0119 14 pa\u017adziernika. Maluszki stan\u0119\u0142y na wysoko\u015bci zadania. Chocia\u017c do przedszkola ucz\u0119szczaj\u0105 dopiero drugi miesi\u0105c, to z wielkim zaanga\u017cowaniem zaprezentowa\u0142y swoje umiej\u0119tno\u015bci. Pani Dyrektor, za pomoc\u0105 magicznego dotkni\u0119cia ka\u017cdego malucha, dokona\u0142a uroczystego pasowania na prawdziwego przedszkolaka.<\/p>\n","protected":false},"author":1,"featured_media":5363,"comment_status":"closed","ping_status":"open","sticky":false,"template":"","format":"standard","meta":{"footnotes":""},"categories":[45,40],"tags":[],"class_list":["post-5362","post","type-post","status-publish","format-standard","has-post-thumbnail","hentry","category-aktualnosci","category-strona-glowna"],"_links":{"self":[{"href":"https:\/\/przylep.edu.pl\/przedszkole\/wp-json\/wp\/v2\/posts\/5362","targetHints":{"allow":["GET"]}}],"collection":[{"href":"https:\/\/przylep.edu.pl\/przedszkole\/wp-json\/wp\/v2\/posts"}],"about":[{"href":"https:\/\/przylep.edu.pl\/przedszkole\/wp-json\/wp\/v2\/types\/post"}],"author":[{"embeddable":true,"href":"https:\/\/przylep.edu.pl\/przedszkole\/wp-json\/wp\/v2\/users\/1"}],"replies":[{"embeddable":true,"href":"https:\/\/przylep.edu.pl\/przedszkole\/wp-json\/wp\/v2\/comments?post=5362"}],"version-history":[{"count":1,"href":"https:\/\/przylep.edu.pl\/przedszkole\/wp-json\/wp\/v2\/posts\/5362\/revisions"}],"predecessor-version":[{"id":5364,"href":"https:\/\/przylep.edu.pl\/przedszkole\/wp-json\/wp\/v2\/posts\/5362\/revisions\/5364"}],"wp:featuredmedia":[{"embeddable":true,"href":"https:\/\/przylep.edu.pl\/przedszkole\/wp-json\/wp\/v2\/media\/5363"}],"wp:attachment":[{"href":"https:\/\/przylep.edu.pl\/przedszkole\/wp-json\/wp\/v2\/media?parent=5362"}],"wp:term":[{"taxonomy":"category","embeddable":true,"href":"https:\/\/przylep.edu.pl\/przedszkole\/wp-json\/wp\/v2\/categories?post=5362"},{"taxonomy":"post_tag","embeddable":true,"href":"https:\/\/przylep.edu.pl\/przedszkole\/wp-json\/wp\/v2\/tags?post=5362"}],"curies":[{"name":"wp","href":"https:\/\/api.w.org\/{rel}","templated":true}]}}