{"id":5361,"date":"2020-09-20T11:21:06","date_gmt":"2020-09-20T09:21:06","guid":{"rendered":"http:\/\/przylep.dpx.pl\/przedszkole\/?p=5361"},"modified":"2020-12-09T23:10:42","modified_gmt":"2020-12-09T22:10:42","slug":"ogolnopolski-dzien-przedszkolaka","status":"publish","type":"post","link":"https:\/\/przylep.edu.pl\/przedszkole\/2020\/09\/20\/ogolnopolski-dzien-przedszkolaka\/","title":{"rendered":"Og\u00f3lnopolski Dzie\u0144 Przedszkolaka"},"content":{"rendered":"\n<p>Nasze kochane przedszkolaki obchodzi\u0142y Og\u00f3lnopolski Dzie\u0144 Przedszkolaka. \u015awi\u0119towa\u0142y poprzez wsp\u00f3lne ta\u0144ce, zabawy z balonami. By\u0142y ma\u0142ymi artystami i wykonywa\u0142y r\u00f3\u017cnorodne prace plastyczne, a na koniec czeka\u0142 na nich s\u0142odki pocz\u0119stunek. Rado\u015b\u0107 i \u015bmiech \u015bwiadczy\u0142y o wspania\u0142ej atmosferze.<\/p>\n","protected":false},"excerpt":{"rendered":"<p>Nasze kochane przedszkolaki obchodzi\u0142y Og\u00f3lnopolski Dzie\u0144 Przedszkolaka. \u015awi\u0119towa\u0142y poprzez wsp\u00f3lne ta\u0144ce, zabawy z balonami. By\u0142y ma\u0142ymi artystami i wykonywa\u0142y r\u00f3\u017cnorodne prace plastyczne, a na koniec czeka\u0142 na nich s\u0142odki pocz\u0119stunek. Rado\u015b\u0107 i \u015bmiech \u015bwiadczy\u0142y o wspania\u0142ej atmosferze.<\/p>\n","protected":false},"author":1,"featured_media":5365,"comment_status":"closed","ping_status":"open","sticky":false,"template":"","format":"standard","meta":{"footnotes":""},"categories":[45,40],"tags":[],"class_list":["post-5361","post","type-post","status-publish","format-standard","has-post-thumbnail","hentry","category-aktualnosci","category-strona-glowna"],"_links":{"self":[{"href":"https:\/\/przylep.edu.pl\/przedszkole\/wp-json\/wp\/v2\/posts\/5361","targetHints":{"allow":["GET"]}}],"collection":[{"href":"https:\/\/przylep.edu.pl\/przedszkole\/wp-json\/wp\/v2\/posts"}],"about":[{"href":"https:\/\/przylep.edu.pl\/przedszkole\/wp-json\/wp\/v2\/types\/post"}],"author":[{"embeddable":true,"href":"https:\/\/przylep.edu.pl\/przedszkole\/wp-json\/wp\/v2\/users\/1"}],"replies":[{"embeddable":true,"href":"https:\/\/przylep.edu.pl\/przedszkole\/wp-json\/wp\/v2\/comments?post=5361"}],"version-history":[{"count":1,"href":"https:\/\/przylep.edu.pl\/przedszkole\/wp-json\/wp\/v2\/posts\/5361\/revisions"}],"predecessor-version":[{"id":5366,"href":"https:\/\/przylep.edu.pl\/przedszkole\/wp-json\/wp\/v2\/posts\/5361\/revisions\/5366"}],"wp:featuredmedia":[{"embeddable":true,"href":"https:\/\/przylep.edu.pl\/przedszkole\/wp-json\/wp\/v2\/media\/5365"}],"wp:attachment":[{"href":"https:\/\/przylep.edu.pl\/przedszkole\/wp-json\/wp\/v2\/media?parent=5361"}],"wp:term":[{"taxonomy":"category","embeddable":true,"href":"https:\/\/przylep.edu.pl\/przedszkole\/wp-json\/wp\/v2\/categories?post=5361"},{"taxonomy":"post_tag","embeddable":true,"href":"https:\/\/przylep.edu.pl\/przedszkole\/wp-json\/wp\/v2\/tags?post=5361"}],"curies":[{"name":"wp","href":"https:\/\/api.w.org\/{rel}","templated":true}]}}