{"id":5358,"date":"2020-09-30T11:45:00","date_gmt":"2020-09-30T09:45:00","guid":{"rendered":"http:\/\/przylep.dpx.pl\/przedszkole\/?p=5358"},"modified":"2020-12-09T23:11:53","modified_gmt":"2020-12-09T22:11:53","slug":"dzien-chlopaka","status":"publish","type":"post","link":"https:\/\/przylep.edu.pl\/przedszkole\/2020\/09\/30\/dzien-chlopaka\/","title":{"rendered":"Dzie\u0144 Ch\u0142opaka"},"content":{"rendered":"\n<p>Dnia 30. wrze\u015bnia \u015bwi\u0119towali\u015bmy Dzie\u0144 Ch\u0142opaka. Wsp\u00f3lnymi si\u0142ami dziewcz\u0119ta przygotowa\u0142y dla Pan\u00f3w modne prezenty. Rado\u015bci nie by\u0142o ko\u0144ca \ud83d\ude42 <\/p>\n","protected":false},"excerpt":{"rendered":"<p>Dnia 30. wrze\u015bnia \u015bwi\u0119towali\u015bmy Dzie\u0144 Ch\u0142opaka. Wsp\u00f3lnymi si\u0142ami dziewcz\u0119ta przygotowa\u0142y dla Pan\u00f3w modne prezenty. Rado\u015bci nie by\u0142o ko\u0144ca \ud83d\ude42<\/p>\n","protected":false},"author":1,"featured_media":5359,"comment_status":"closed","ping_status":"open","sticky":false,"template":"","format":"standard","meta":{"footnotes":""},"categories":[45],"tags":[],"class_list":["post-5358","post","type-post","status-publish","format-standard","has-post-thumbnail","hentry","category-aktualnosci"],"_links":{"self":[{"href":"https:\/\/przylep.edu.pl\/przedszkole\/wp-json\/wp\/v2\/posts\/5358","targetHints":{"allow":["GET"]}}],"collection":[{"href":"https:\/\/przylep.edu.pl\/przedszkole\/wp-json\/wp\/v2\/posts"}],"about":[{"href":"https:\/\/przylep.edu.pl\/przedszkole\/wp-json\/wp\/v2\/types\/post"}],"author":[{"embeddable":true,"href":"https:\/\/przylep.edu.pl\/przedszkole\/wp-json\/wp\/v2\/users\/1"}],"replies":[{"embeddable":true,"href":"https:\/\/przylep.edu.pl\/przedszkole\/wp-json\/wp\/v2\/comments?post=5358"}],"version-history":[{"count":1,"href":"https:\/\/przylep.edu.pl\/przedszkole\/wp-json\/wp\/v2\/posts\/5358\/revisions"}],"predecessor-version":[{"id":5360,"href":"https:\/\/przylep.edu.pl\/przedszkole\/wp-json\/wp\/v2\/posts\/5358\/revisions\/5360"}],"wp:featuredmedia":[{"embeddable":true,"href":"https:\/\/przylep.edu.pl\/przedszkole\/wp-json\/wp\/v2\/media\/5359"}],"wp:attachment":[{"href":"https:\/\/przylep.edu.pl\/przedszkole\/wp-json\/wp\/v2\/media?parent=5358"}],"wp:term":[{"taxonomy":"category","embeddable":true,"href":"https:\/\/przylep.edu.pl\/przedszkole\/wp-json\/wp\/v2\/categories?post=5358"},{"taxonomy":"post_tag","embeddable":true,"href":"https:\/\/przylep.edu.pl\/przedszkole\/wp-json\/wp\/v2\/tags?post=5358"}],"curies":[{"name":"wp","href":"https:\/\/api.w.org\/{rel}","templated":true}]}}