{"id":5347,"date":"2020-09-15T12:35:45","date_gmt":"2020-09-15T10:35:45","guid":{"rendered":"http:\/\/przylep.dpx.pl\/przedszkole\/?p=5347"},"modified":"2020-12-09T23:10:48","modified_gmt":"2020-12-09T22:10:48","slug":"dzien-kropki","status":"publish","type":"post","link":"https:\/\/przylep.edu.pl\/przedszkole\/2020\/09\/15\/dzien-kropki\/","title":{"rendered":"Dzie\u0144 Kropki"},"content":{"rendered":"\n<p>Dzie\u0144 Kropki to radosne \u015bwi\u0119to kreatywno\u015bci przypadaj\u0105ce 15 wrze\u015bnia. Dzieci zosta\u0142y poproszone o za\u0142o\u017cenie czego\u015b w kropki. Tego dnia u\u015bmiech nie schodzi\u0142 z twarzy naszych przedszkolak\u00f3w. Dzieci z rado\u015bci\u0105 i optymizmem uczestniczy\u0142y w kropkowych zadaniach i wykona\u0142y pi\u0119kne prace plastyczne z kropkami.<\/p>\n","protected":false},"excerpt":{"rendered":"<p>Dzie\u0144 Kropki to radosne \u015bwi\u0119to kreatywno\u015bci przypadaj\u0105ce 15 wrze\u015bnia. Dzieci zosta\u0142y poproszone o za\u0142o\u017cenie czego\u015b w kropki. Tego dnia u\u015bmiech nie schodzi\u0142 z twarzy naszych przedszkolak\u00f3w. Dzieci z rado\u015bci\u0105 i optymizmem uczestniczy\u0142y w kropkowych zadaniach i wykona\u0142y pi\u0119kne prace plastyczne z kropkami.<\/p>\n","protected":false},"author":1,"featured_media":5349,"comment_status":"closed","ping_status":"open","sticky":false,"template":"","format":"standard","meta":{"footnotes":""},"categories":[45,40],"tags":[],"class_list":["post-5347","post","type-post","status-publish","format-standard","has-post-thumbnail","hentry","category-aktualnosci","category-strona-glowna"],"_links":{"self":[{"href":"https:\/\/przylep.edu.pl\/przedszkole\/wp-json\/wp\/v2\/posts\/5347","targetHints":{"allow":["GET"]}}],"collection":[{"href":"https:\/\/przylep.edu.pl\/przedszkole\/wp-json\/wp\/v2\/posts"}],"about":[{"href":"https:\/\/przylep.edu.pl\/przedszkole\/wp-json\/wp\/v2\/types\/post"}],"author":[{"embeddable":true,"href":"https:\/\/przylep.edu.pl\/przedszkole\/wp-json\/wp\/v2\/users\/1"}],"replies":[{"embeddable":true,"href":"https:\/\/przylep.edu.pl\/przedszkole\/wp-json\/wp\/v2\/comments?post=5347"}],"version-history":[{"count":1,"href":"https:\/\/przylep.edu.pl\/przedszkole\/wp-json\/wp\/v2\/posts\/5347\/revisions"}],"predecessor-version":[{"id":5348,"href":"https:\/\/przylep.edu.pl\/przedszkole\/wp-json\/wp\/v2\/posts\/5347\/revisions\/5348"}],"wp:featuredmedia":[{"embeddable":true,"href":"https:\/\/przylep.edu.pl\/przedszkole\/wp-json\/wp\/v2\/media\/5349"}],"wp:attachment":[{"href":"https:\/\/przylep.edu.pl\/przedszkole\/wp-json\/wp\/v2\/media?parent=5347"}],"wp:term":[{"taxonomy":"category","embeddable":true,"href":"https:\/\/przylep.edu.pl\/przedszkole\/wp-json\/wp\/v2\/categories?post=5347"},{"taxonomy":"post_tag","embeddable":true,"href":"https:\/\/przylep.edu.pl\/przedszkole\/wp-json\/wp\/v2\/tags?post=5347"}],"curies":[{"name":"wp","href":"https:\/\/api.w.org\/{rel}","templated":true}]}}