{"id":12323,"date":"2026-03-27T09:15:28","date_gmt":"2026-03-27T08:15:28","guid":{"rendered":"https:\/\/przylep.edu.pl\/przedszkole\/?p=12323"},"modified":"2026-04-01T09:24:01","modified_gmt":"2026-04-01T07:24:01","slug":"warsztaty-wielkanocne-w-kl-2a","status":"publish","type":"post","link":"https:\/\/przylep.edu.pl\/przedszkole\/2026\/03\/27\/warsztaty-wielkanocne-w-kl-2a\/","title":{"rendered":"Warsztaty wielkanocne w kl 2a"},"content":{"rendered":"\n<p>Po raz kolejny odwiedzi\u0142a nas mama Hani, kt\u00f3ra tym razem poprowadzi\u0142a warsztaty o tematyce wielkanocnej. Uczniowie z du\u017cym zaanga\u017cowaniem dekorowali zaj\u0105ce ze sklejki, rozwijaj\u0105c swoj\u0105 kreatywno\u015b\u0107 i zdolno\u015bci manualne. Nast\u0119pnie dzieci komponowa\u0142y pi\u0119kne, wiosenne dekoracje z suszonych kwiat\u00f3w, kt\u00f3re zachwyca\u0142y r\u00f3\u017cnorodno\u015bci\u0105 kolor\u00f3w i pomys\u0142owo\u015bci\u0105. Zaj\u0119cia sprawi\u0142y wszystkim wiele rado\u015bci i pozwoli\u0142y poczu\u0107 \u015bwi\u0105teczn\u0105 atmosfer\u0119. Serdecznie dzi\u0119kujemy za inspiruj\u0105ce spotkanie!<\/p>\n\n\n\n<figure class=\"wp-block-gallery has-nested-images columns-default is-cropped wp-block-gallery-1 is-layout-flex wp-block-gallery-is-layout-flex\">\n<figure class=\"wp-block-image size-large\"><img loading=\"lazy\" decoding=\"async\" width=\"768\" height=\"1024\" data-id=\"12324\" src=\"https:\/\/przylep.edu.pl\/przedszkole\/wp-content\/uploads\/2026\/04\/WhatsApp-Image-2026-04-01-at-09.18.24-768x1024.jpeg\" alt=\"\" class=\"wp-image-12324\" srcset=\"https:\/\/przylep.edu.pl\/przedszkole\/wp-content\/uploads\/2026\/04\/WhatsApp-Image-2026-04-01-at-09.18.24-768x1024.jpeg 768w, https:\/\/przylep.edu.pl\/przedszkole\/wp-content\/uploads\/2026\/04\/WhatsApp-Image-2026-04-01-at-09.18.24-225x300.jpeg 225w, https:\/\/przylep.edu.pl\/przedszkole\/wp-content\/uploads\/2026\/04\/WhatsApp-Image-2026-04-01-at-09.18.24-1152x1536.jpeg 1152w, https:\/\/przylep.edu.pl\/przedszkole\/wp-content\/uploads\/2026\/04\/WhatsApp-Image-2026-04-01-at-09.18.24.jpeg 1536w\" sizes=\"auto, (max-width: 768px) 100vw, 768px\" \/><\/figure>\n\n\n\n<figure class=\"wp-block-image size-large\"><img loading=\"lazy\" decoding=\"async\" width=\"1024\" height=\"768\" data-id=\"12328\" src=\"https:\/\/przylep.edu.pl\/przedszkole\/wp-content\/uploads\/2026\/04\/WhatsApp-Image-2026-04-01-at-09.18.25-3-1024x768.jpeg\" alt=\"\" class=\"wp-image-12328\" srcset=\"https:\/\/przylep.edu.pl\/przedszkole\/wp-content\/uploads\/2026\/04\/WhatsApp-Image-2026-04-01-at-09.18.25-3-1024x768.jpeg 1024w, https:\/\/przylep.edu.pl\/przedszkole\/wp-content\/uploads\/2026\/04\/WhatsApp-Image-2026-04-01-at-09.18.25-3-300x225.jpeg 300w, https:\/\/przylep.edu.pl\/przedszkole\/wp-content\/uploads\/2026\/04\/WhatsApp-Image-2026-04-01-at-09.18.25-3-768x576.jpeg 768w, https:\/\/przylep.edu.pl\/przedszkole\/wp-content\/uploads\/2026\/04\/WhatsApp-Image-2026-04-01-at-09.18.25-3-1536x1152.jpeg 1536w, https:\/\/przylep.edu.pl\/przedszkole\/wp-content\/uploads\/2026\/04\/WhatsApp-Image-2026-04-01-at-09.18.25-3-600x450.jpeg 600w, https:\/\/przylep.edu.pl\/przedszkole\/wp-content\/uploads\/2026\/04\/WhatsApp-Image-2026-04-01-at-09.18.25-3.jpeg 2048w\" sizes=\"auto, (max-width: 1024px) 100vw, 1024px\" \/><\/figure>\n\n\n\n<figure class=\"wp-block-image size-large\"><img loading=\"lazy\" decoding=\"async\" width=\"1024\" height=\"768\" data-id=\"12326\" src=\"https:\/\/przylep.edu.pl\/przedszkole\/wp-content\/uploads\/2026\/04\/WhatsApp-Image-2026-04-01-at-09.18.25-1024x768.jpeg\" alt=\"\" class=\"wp-image-12326\" srcset=\"https:\/\/przylep.edu.pl\/przedszkole\/wp-content\/uploads\/2026\/04\/WhatsApp-Image-2026-04-01-at-09.18.25-1024x768.jpeg 1024w, https:\/\/przylep.edu.pl\/przedszkole\/wp-content\/uploads\/2026\/04\/WhatsApp-Image-2026-04-01-at-09.18.25-300x225.jpeg 300w, https:\/\/przylep.edu.pl\/przedszkole\/wp-content\/uploads\/2026\/04\/WhatsApp-Image-2026-04-01-at-09.18.25-768x576.jpeg 768w, https:\/\/przylep.edu.pl\/przedszkole\/wp-content\/uploads\/2026\/04\/WhatsApp-Image-2026-04-01-at-09.18.25-1536x1152.jpeg 1536w, https:\/\/przylep.edu.pl\/przedszkole\/wp-content\/uploads\/2026\/04\/WhatsApp-Image-2026-04-01-at-09.18.25-600x450.jpeg 600w, https:\/\/przylep.edu.pl\/przedszkole\/wp-content\/uploads\/2026\/04\/WhatsApp-Image-2026-04-01-at-09.18.25.jpeg 2048w\" sizes=\"auto, (max-width: 1024px) 100vw, 1024px\" \/><\/figure>\n\n\n\n<figure class=\"wp-block-image size-large\"><img loading=\"lazy\" decoding=\"async\" width=\"1024\" height=\"768\" data-id=\"12325\" src=\"https:\/\/przylep.edu.pl\/przedszkole\/wp-content\/uploads\/2026\/04\/WhatsApp-Image-2026-04-01-at-09.18.25-2-1024x768.jpeg\" alt=\"\" class=\"wp-image-12325\" srcset=\"https:\/\/przylep.edu.pl\/przedszkole\/wp-content\/uploads\/2026\/04\/WhatsApp-Image-2026-04-01-at-09.18.25-2-1024x768.jpeg 1024w, https:\/\/przylep.edu.pl\/przedszkole\/wp-content\/uploads\/2026\/04\/WhatsApp-Image-2026-04-01-at-09.18.25-2-300x225.jpeg 300w, https:\/\/przylep.edu.pl\/przedszkole\/wp-content\/uploads\/2026\/04\/WhatsApp-Image-2026-04-01-at-09.18.25-2-768x576.jpeg 768w, https:\/\/przylep.edu.pl\/przedszkole\/wp-content\/uploads\/2026\/04\/WhatsApp-Image-2026-04-01-at-09.18.25-2-1536x1152.jpeg 1536w, https:\/\/przylep.edu.pl\/przedszkole\/wp-content\/uploads\/2026\/04\/WhatsApp-Image-2026-04-01-at-09.18.25-2-600x450.jpeg 600w, https:\/\/przylep.edu.pl\/przedszkole\/wp-content\/uploads\/2026\/04\/WhatsApp-Image-2026-04-01-at-09.18.25-2.jpeg 2048w\" sizes=\"auto, (max-width: 1024px) 100vw, 1024px\" \/><\/figure>\n<\/figure>\n\n\n\n<figure class=\"wp-block-gallery has-nested-images columns-default is-cropped wp-block-gallery-2 is-layout-flex wp-block-gallery-is-layout-flex\">\n<figure class=\"wp-block-image size-large\"><img loading=\"lazy\" decoding=\"async\" width=\"1024\" height=\"768\" data-id=\"12329\" src=\"https:\/\/przylep.edu.pl\/przedszkole\/wp-content\/uploads\/2026\/04\/WhatsApp-Image-2026-04-01-at-09.18.25-1-1-1024x768.jpeg\" alt=\"\" class=\"wp-image-12329\" srcset=\"https:\/\/przylep.edu.pl\/przedszkole\/wp-content\/uploads\/2026\/04\/WhatsApp-Image-2026-04-01-at-09.18.25-1-1-1024x768.jpeg 1024w, https:\/\/przylep.edu.pl\/przedszkole\/wp-content\/uploads\/2026\/04\/WhatsApp-Image-2026-04-01-at-09.18.25-1-1-300x225.jpeg 300w, https:\/\/przylep.edu.pl\/przedszkole\/wp-content\/uploads\/2026\/04\/WhatsApp-Image-2026-04-01-at-09.18.25-1-1-768x576.jpeg 768w, https:\/\/przylep.edu.pl\/przedszkole\/wp-content\/uploads\/2026\/04\/WhatsApp-Image-2026-04-01-at-09.18.25-1-1-1536x1152.jpeg 1536w, https:\/\/przylep.edu.pl\/przedszkole\/wp-content\/uploads\/2026\/04\/WhatsApp-Image-2026-04-01-at-09.18.25-1-1-600x450.jpeg 600w, https:\/\/przylep.edu.pl\/przedszkole\/wp-content\/uploads\/2026\/04\/WhatsApp-Image-2026-04-01-at-09.18.25-1-1.jpeg 2048w\" sizes=\"auto, (max-width: 1024px) 100vw, 1024px\" \/><\/figure>\n<\/figure>\n","protected":false},"excerpt":{"rendered":"<p>Po raz kolejny odwiedzi\u0142a nas mama Hani, kt\u00f3ra tym razem poprowadzi\u0142a warsztaty o tematyce wielkanocnej. Uczniowie z du\u017cym zaanga\u017cowaniem dekorowali zaj\u0105ce ze sklejki, rozwijaj\u0105c swoj\u0105 kreatywno\u015b\u0107 i zdolno\u015bci manualne. Nast\u0119pnie dzieci komponowa\u0142y pi\u0119kne, wiosenne dekoracje z suszonych kwiat\u00f3w, kt\u00f3re zachwyca\u0142y r\u00f3\u017cnorodno\u015bci\u0105 kolor\u00f3w i pomys\u0142owo\u015bci\u0105. Zaj\u0119cia sprawi\u0142y wszystkim wiele rado\u015bci i pozwoli\u0142y poczu\u0107 \u015bwi\u0105teczn\u0105 atmosfer\u0119. Serdecznie [&hellip;]<\/p>\n","protected":false},"author":2,"featured_media":12330,"comment_status":"closed","ping_status":"open","sticky":false,"template":"","format":"standard","meta":{"footnotes":""},"categories":[45,41,40],"tags":[],"class_list":["post-12323","post","type-post","status-publish","format-standard","has-post-thumbnail","hentry","category-aktualnosci","category-galerie","category-strona-glowna"],"_links":{"self":[{"href":"https:\/\/przylep.edu.pl\/przedszkole\/wp-json\/wp\/v2\/posts\/12323","targetHints":{"allow":["GET"]}}],"collection":[{"href":"https:\/\/przylep.edu.pl\/przedszkole\/wp-json\/wp\/v2\/posts"}],"about":[{"href":"https:\/\/przylep.edu.pl\/przedszkole\/wp-json\/wp\/v2\/types\/post"}],"author":[{"embeddable":true,"href":"https:\/\/przylep.edu.pl\/przedszkole\/wp-json\/wp\/v2\/users\/2"}],"replies":[{"embeddable":true,"href":"https:\/\/przylep.edu.pl\/przedszkole\/wp-json\/wp\/v2\/comments?post=12323"}],"version-history":[{"count":1,"href":"https:\/\/przylep.edu.pl\/przedszkole\/wp-json\/wp\/v2\/posts\/12323\/revisions"}],"predecessor-version":[{"id":12331,"href":"https:\/\/przylep.edu.pl\/przedszkole\/wp-json\/wp\/v2\/posts\/12323\/revisions\/12331"}],"wp:featuredmedia":[{"embeddable":true,"href":"https:\/\/przylep.edu.pl\/przedszkole\/wp-json\/wp\/v2\/media\/12330"}],"wp:attachment":[{"href":"https:\/\/przylep.edu.pl\/przedszkole\/wp-json\/wp\/v2\/media?parent=12323"}],"wp:term":[{"taxonomy":"category","embeddable":true,"href":"https:\/\/przylep.edu.pl\/przedszkole\/wp-json\/wp\/v2\/categories?post=12323"},{"taxonomy":"post_tag","embeddable":true,"href":"https:\/\/przylep.edu.pl\/przedszkole\/wp-json\/wp\/v2\/tags?post=12323"}],"curies":[{"name":"wp","href":"https:\/\/api.w.org\/{rel}","templated":true}]}}