{"id":12189,"date":"2025-12-08T20:50:57","date_gmt":"2025-12-08T19:50:57","guid":{"rendered":"https:\/\/przylep.edu.pl\/przedszkole\/?p=12189"},"modified":"2026-02-09T20:56:58","modified_gmt":"2026-02-09T19:56:58","slug":"paczka-dla-seniora-w-gminie-kolbaskowo-swiateczne-kartki-od-naszej-spolecznosci","status":"publish","type":"post","link":"https:\/\/przylep.edu.pl\/przedszkole\/2025\/12\/08\/paczka-dla-seniora-w-gminie-kolbaskowo-swiateczne-kartki-od-naszej-spolecznosci\/","title":{"rendered":"\u201ePaczka dla Seniora\u201d w Gminie Ko\u0142baskowo \u2013 \u015bwi\u0105teczne kartki od naszej spo\u0142eczno\u015bci"},"content":{"rendered":"\n<p>W tym roku nasza plac\u00f3wka po raz pierwszy w\u0142\u0105czy\u0142a si\u0119 w akcj\u0119 <strong>\u201ePaczka dla Seniora\u201d<\/strong> organizowan\u0105 w Gminie Ko\u0142baskowo. Z ogromn\u0105 rado\u015bci\u0105 przygotowali\u015bmy dla najstarszych mieszka\u0144c\u00f3w gminy r\u0119cznie wykonane kartki \u015bwi\u0105teczne z ciep\u0142ymi \u017cyczeniami.<\/p>\n\n\n\n<p>Uczniowie wraz z nauczycielami wykonali ponad 500 kartek, kt\u00f3re trafi\u0142y do paczek. Mamy nadziej\u0119, \u017ce te drobne gesty przynios\u0105 odbiorcom wiele wzrusze\u0144 i u\u015bmiech na twarzy, a tak\u017ce poczucie, \u017ce kto\u015b o nich pami\u0119ta.<\/p>\n\n\n\n<p>Przedstawiciele naszej spo\u0142eczno\u015bci uczniowskiej godnie reprezentowali szko\u0142\u0119 podczas pakowania paczek w GOKSiR, w\u0142\u0105czaj\u0105c si\u0119 w dzia\u0142ania organizacyjne i wspieraj\u0105c przebieg akcji. Dzi\u0119kujemy wszystkim uczniom i osobom zaanga\u017cowanym w przygotowanie kartek \u2013 to pi\u0119kny przyk\u0142ad empatii i wsp\u00f3lnego dzia\u0142ania na rzecz innych.<\/p>\n\n\n\n<figure class=\"wp-block-gallery has-nested-images columns-default is-cropped wp-block-gallery-1 is-layout-flex wp-block-gallery-is-layout-flex\">\n<figure class=\"wp-block-image size-large\"><img loading=\"lazy\" decoding=\"async\" width=\"576\" height=\"1024\" data-id=\"12190\" src=\"https:\/\/przylep.edu.pl\/przedszkole\/wp-content\/uploads\/2026\/02\/WhatsApp-Image-2026-02-09-at-20.45.04-576x1024.jpeg\" alt=\"\" class=\"wp-image-12190\" srcset=\"https:\/\/przylep.edu.pl\/przedszkole\/wp-content\/uploads\/2026\/02\/WhatsApp-Image-2026-02-09-at-20.45.04-576x1024.jpeg 576w, https:\/\/przylep.edu.pl\/przedszkole\/wp-content\/uploads\/2026\/02\/WhatsApp-Image-2026-02-09-at-20.45.04-169x300.jpeg 169w, https:\/\/przylep.edu.pl\/przedszkole\/wp-content\/uploads\/2026\/02\/WhatsApp-Image-2026-02-09-at-20.45.04-768x1365.jpeg 768w, https:\/\/przylep.edu.pl\/przedszkole\/wp-content\/uploads\/2026\/02\/WhatsApp-Image-2026-02-09-at-20.45.04-864x1536.jpeg 864w, https:\/\/przylep.edu.pl\/przedszkole\/wp-content\/uploads\/2026\/02\/WhatsApp-Image-2026-02-09-at-20.45.04.jpeg 1080w\" sizes=\"auto, (max-width: 576px) 100vw, 576px\" \/><\/figure>\n\n\n\n<figure class=\"wp-block-image size-large\"><img loading=\"lazy\" decoding=\"async\" width=\"473\" height=\"1024\" data-id=\"12198\" src=\"https:\/\/przylep.edu.pl\/przedszkole\/wp-content\/uploads\/2026\/02\/WhatsApp-Image-2026-02-09-at-20.44.03-3-473x1024.jpeg\" alt=\"\" class=\"wp-image-12198\" srcset=\"https:\/\/przylep.edu.pl\/przedszkole\/wp-content\/uploads\/2026\/02\/WhatsApp-Image-2026-02-09-at-20.44.03-3-473x1024.jpeg 473w, https:\/\/przylep.edu.pl\/przedszkole\/wp-content\/uploads\/2026\/02\/WhatsApp-Image-2026-02-09-at-20.44.03-3-139x300.jpeg 139w, https:\/\/przylep.edu.pl\/przedszkole\/wp-content\/uploads\/2026\/02\/WhatsApp-Image-2026-02-09-at-20.44.03-3-768x1663.jpeg 768w, https:\/\/przylep.edu.pl\/przedszkole\/wp-content\/uploads\/2026\/02\/WhatsApp-Image-2026-02-09-at-20.44.03-3-709x1536.jpeg 709w, https:\/\/przylep.edu.pl\/przedszkole\/wp-content\/uploads\/2026\/02\/WhatsApp-Image-2026-02-09-at-20.44.03-3.jpeg 942w\" sizes=\"auto, (max-width: 473px) 100vw, 473px\" \/><\/figure>\n\n\n\n<figure class=\"wp-block-image size-large\"><img loading=\"lazy\" decoding=\"async\" width=\"473\" height=\"1024\" data-id=\"12194\" src=\"https:\/\/przylep.edu.pl\/przedszkole\/wp-content\/uploads\/2026\/02\/WhatsApp-Image-2026-02-09-at-20.44.03-2-473x1024.jpeg\" alt=\"\" class=\"wp-image-12194\" srcset=\"https:\/\/przylep.edu.pl\/przedszkole\/wp-content\/uploads\/2026\/02\/WhatsApp-Image-2026-02-09-at-20.44.03-2-473x1024.jpeg 473w, https:\/\/przylep.edu.pl\/przedszkole\/wp-content\/uploads\/2026\/02\/WhatsApp-Image-2026-02-09-at-20.44.03-2-139x300.jpeg 139w, https:\/\/przylep.edu.pl\/przedszkole\/wp-content\/uploads\/2026\/02\/WhatsApp-Image-2026-02-09-at-20.44.03-2-768x1663.jpeg 768w, https:\/\/przylep.edu.pl\/przedszkole\/wp-content\/uploads\/2026\/02\/WhatsApp-Image-2026-02-09-at-20.44.03-2-709x1536.jpeg 709w, https:\/\/przylep.edu.pl\/przedszkole\/wp-content\/uploads\/2026\/02\/WhatsApp-Image-2026-02-09-at-20.44.03-2.jpeg 942w\" sizes=\"auto, (max-width: 473px) 100vw, 473px\" \/><\/figure>\n\n\n\n<figure class=\"wp-block-image size-large\"><img loading=\"lazy\" decoding=\"async\" width=\"472\" height=\"1024\" data-id=\"12191\" src=\"https:\/\/przylep.edu.pl\/przedszkole\/wp-content\/uploads\/2026\/02\/WhatsApp-Image-2026-02-09-at-20.44.03-1-472x1024.jpeg\" alt=\"\" class=\"wp-image-12191\" srcset=\"https:\/\/przylep.edu.pl\/przedszkole\/wp-content\/uploads\/2026\/02\/WhatsApp-Image-2026-02-09-at-20.44.03-1-472x1024.jpeg 472w, https:\/\/przylep.edu.pl\/przedszkole\/wp-content\/uploads\/2026\/02\/WhatsApp-Image-2026-02-09-at-20.44.03-1-138x300.jpeg 138w, https:\/\/przylep.edu.pl\/przedszkole\/wp-content\/uploads\/2026\/02\/WhatsApp-Image-2026-02-09-at-20.44.03-1-708x1536.jpeg 708w, https:\/\/przylep.edu.pl\/przedszkole\/wp-content\/uploads\/2026\/02\/WhatsApp-Image-2026-02-09-at-20.44.03-1.jpeg 738w\" sizes=\"auto, (max-width: 472px) 100vw, 472px\" \/><\/figure>\n\n\n\n<figure class=\"wp-block-image size-large\"><img loading=\"lazy\" decoding=\"async\" width=\"472\" height=\"1024\" data-id=\"12195\" src=\"https:\/\/przylep.edu.pl\/przedszkole\/wp-content\/uploads\/2026\/02\/WhatsApp-Image-2026-02-09-at-20.44.03-472x1024.jpeg\" alt=\"\" class=\"wp-image-12195\" srcset=\"https:\/\/przylep.edu.pl\/przedszkole\/wp-content\/uploads\/2026\/02\/WhatsApp-Image-2026-02-09-at-20.44.03-472x1024.jpeg 472w, https:\/\/przylep.edu.pl\/przedszkole\/wp-content\/uploads\/2026\/02\/WhatsApp-Image-2026-02-09-at-20.44.03-138x300.jpeg 138w, https:\/\/przylep.edu.pl\/przedszkole\/wp-content\/uploads\/2026\/02\/WhatsApp-Image-2026-02-09-at-20.44.03-708x1536.jpeg 708w, https:\/\/przylep.edu.pl\/przedszkole\/wp-content\/uploads\/2026\/02\/WhatsApp-Image-2026-02-09-at-20.44.03.jpeg 738w\" sizes=\"auto, (max-width: 472px) 100vw, 472px\" \/><\/figure>\n\n\n\n<figure class=\"wp-block-image size-large\"><img loading=\"lazy\" decoding=\"async\" width=\"472\" height=\"1024\" data-id=\"12192\" src=\"https:\/\/przylep.edu.pl\/przedszkole\/wp-content\/uploads\/2026\/02\/WhatsApp-Image-2026-02-09-at-20.44.02-2-472x1024.jpeg\" alt=\"\" class=\"wp-image-12192\" srcset=\"https:\/\/przylep.edu.pl\/przedszkole\/wp-content\/uploads\/2026\/02\/WhatsApp-Image-2026-02-09-at-20.44.02-2-472x1024.jpeg 472w, https:\/\/przylep.edu.pl\/przedszkole\/wp-content\/uploads\/2026\/02\/WhatsApp-Image-2026-02-09-at-20.44.02-2-138x300.jpeg 138w, https:\/\/przylep.edu.pl\/przedszkole\/wp-content\/uploads\/2026\/02\/WhatsApp-Image-2026-02-09-at-20.44.02-2-708x1536.jpeg 708w, https:\/\/przylep.edu.pl\/przedszkole\/wp-content\/uploads\/2026\/02\/WhatsApp-Image-2026-02-09-at-20.44.02-2.jpeg 738w\" sizes=\"auto, (max-width: 472px) 100vw, 472px\" \/><\/figure>\n\n\n\n<figure class=\"wp-block-image size-large\"><img loading=\"lazy\" decoding=\"async\" width=\"472\" height=\"1024\" data-id=\"12193\" src=\"https:\/\/przylep.edu.pl\/przedszkole\/wp-content\/uploads\/2026\/02\/WhatsApp-Image-2026-02-09-at-20.44.02-1-472x1024.jpeg\" alt=\"\" class=\"wp-image-12193\" srcset=\"https:\/\/przylep.edu.pl\/przedszkole\/wp-content\/uploads\/2026\/02\/WhatsApp-Image-2026-02-09-at-20.44.02-1-472x1024.jpeg 472w, https:\/\/przylep.edu.pl\/przedszkole\/wp-content\/uploads\/2026\/02\/WhatsApp-Image-2026-02-09-at-20.44.02-1-138x300.jpeg 138w, https:\/\/przylep.edu.pl\/przedszkole\/wp-content\/uploads\/2026\/02\/WhatsApp-Image-2026-02-09-at-20.44.02-1-708x1536.jpeg 708w, https:\/\/przylep.edu.pl\/przedszkole\/wp-content\/uploads\/2026\/02\/WhatsApp-Image-2026-02-09-at-20.44.02-1.jpeg 738w\" sizes=\"auto, (max-width: 472px) 100vw, 472px\" \/><\/figure>\n\n\n\n<figure class=\"wp-block-image size-large\"><img loading=\"lazy\" decoding=\"async\" width=\"472\" height=\"1024\" data-id=\"12196\" src=\"https:\/\/przylep.edu.pl\/przedszkole\/wp-content\/uploads\/2026\/02\/WhatsApp-Image-2026-02-09-at-20.44.02-472x1024.jpeg\" alt=\"\" class=\"wp-image-12196\" srcset=\"https:\/\/przylep.edu.pl\/przedszkole\/wp-content\/uploads\/2026\/02\/WhatsApp-Image-2026-02-09-at-20.44.02-472x1024.jpeg 472w, https:\/\/przylep.edu.pl\/przedszkole\/wp-content\/uploads\/2026\/02\/WhatsApp-Image-2026-02-09-at-20.44.02-138x300.jpeg 138w, https:\/\/przylep.edu.pl\/przedszkole\/wp-content\/uploads\/2026\/02\/WhatsApp-Image-2026-02-09-at-20.44.02-708x1536.jpeg 708w, https:\/\/przylep.edu.pl\/przedszkole\/wp-content\/uploads\/2026\/02\/WhatsApp-Image-2026-02-09-at-20.44.02.jpeg 738w\" sizes=\"auto, (max-width: 472px) 100vw, 472px\" \/><\/figure>\n<\/figure>\n\n\n\n<figure class=\"wp-block-image size-large\"><img loading=\"lazy\" decoding=\"async\" width=\"1024\" height=\"472\" src=\"https:\/\/przylep.edu.pl\/przedszkole\/wp-content\/uploads\/2026\/02\/WhatsApp-Image-2026-02-09-at-20.44.04-1024x472.jpeg\" alt=\"\" class=\"wp-image-12197\" srcset=\"https:\/\/przylep.edu.pl\/przedszkole\/wp-content\/uploads\/2026\/02\/WhatsApp-Image-2026-02-09-at-20.44.04-1024x472.jpeg 1024w, https:\/\/przylep.edu.pl\/przedszkole\/wp-content\/uploads\/2026\/02\/WhatsApp-Image-2026-02-09-at-20.44.04-300x138.jpeg 300w, https:\/\/przylep.edu.pl\/przedszkole\/wp-content\/uploads\/2026\/02\/WhatsApp-Image-2026-02-09-at-20.44.04-768x354.jpeg 768w, https:\/\/przylep.edu.pl\/przedszkole\/wp-content\/uploads\/2026\/02\/WhatsApp-Image-2026-02-09-at-20.44.04-1536x708.jpeg 1536w, https:\/\/przylep.edu.pl\/przedszkole\/wp-content\/uploads\/2026\/02\/WhatsApp-Image-2026-02-09-at-20.44.04.jpeg 1600w\" sizes=\"auto, (max-width: 1024px) 100vw, 1024px\" \/><\/figure>\n","protected":false},"excerpt":{"rendered":"<p>W tym roku nasza plac\u00f3wka po raz pierwszy w\u0142\u0105czy\u0142a si\u0119 w akcj\u0119 \u201ePaczka dla Seniora\u201d organizowan\u0105 w Gminie Ko\u0142baskowo. Z ogromn\u0105 rado\u015bci\u0105 przygotowali\u015bmy dla najstarszych mieszka\u0144c\u00f3w gminy r\u0119cznie wykonane kartki \u015bwi\u0105teczne z ciep\u0142ymi \u017cyczeniami. Uczniowie wraz z nauczycielami wykonali ponad 500 kartek, kt\u00f3re trafi\u0142y do paczek. Mamy nadziej\u0119, \u017ce te drobne gesty przynios\u0105 odbiorcom wiele [&hellip;]<\/p>\n","protected":false},"author":2,"featured_media":12199,"comment_status":"closed","ping_status":"open","sticky":false,"template":"","format":"standard","meta":{"footnotes":""},"categories":[45,41,40],"tags":[],"class_list":["post-12189","post","type-post","status-publish","format-standard","has-post-thumbnail","hentry","category-aktualnosci","category-galerie","category-strona-glowna"],"_links":{"self":[{"href":"https:\/\/przylep.edu.pl\/przedszkole\/wp-json\/wp\/v2\/posts\/12189","targetHints":{"allow":["GET"]}}],"collection":[{"href":"https:\/\/przylep.edu.pl\/przedszkole\/wp-json\/wp\/v2\/posts"}],"about":[{"href":"https:\/\/przylep.edu.pl\/przedszkole\/wp-json\/wp\/v2\/types\/post"}],"author":[{"embeddable":true,"href":"https:\/\/przylep.edu.pl\/przedszkole\/wp-json\/wp\/v2\/users\/2"}],"replies":[{"embeddable":true,"href":"https:\/\/przylep.edu.pl\/przedszkole\/wp-json\/wp\/v2\/comments?post=12189"}],"version-history":[{"count":1,"href":"https:\/\/przylep.edu.pl\/przedszkole\/wp-json\/wp\/v2\/posts\/12189\/revisions"}],"predecessor-version":[{"id":12200,"href":"https:\/\/przylep.edu.pl\/przedszkole\/wp-json\/wp\/v2\/posts\/12189\/revisions\/12200"}],"wp:featuredmedia":[{"embeddable":true,"href":"https:\/\/przylep.edu.pl\/przedszkole\/wp-json\/wp\/v2\/media\/12199"}],"wp:attachment":[{"href":"https:\/\/przylep.edu.pl\/przedszkole\/wp-json\/wp\/v2\/media?parent=12189"}],"wp:term":[{"taxonomy":"category","embeddable":true,"href":"https:\/\/przylep.edu.pl\/przedszkole\/wp-json\/wp\/v2\/categories?post=12189"},{"taxonomy":"post_tag","embeddable":true,"href":"https:\/\/przylep.edu.pl\/przedszkole\/wp-json\/wp\/v2\/tags?post=12189"}],"curies":[{"name":"wp","href":"https:\/\/api.w.org\/{rel}","templated":true}]}}