{"id":12156,"date":"2025-11-19T19:47:25","date_gmt":"2025-11-19T18:47:25","guid":{"rendered":"https:\/\/przylep.edu.pl\/przedszkole\/?p=12156"},"modified":"2026-02-09T19:53:18","modified_gmt":"2026-02-09T18:53:18","slug":"zbiorka-karmy","status":"publish","type":"post","link":"https:\/\/przylep.edu.pl\/przedszkole\/2025\/11\/19\/zbiorka-karmy\/","title":{"rendered":"Zbi\u00f3rka karmy"},"content":{"rendered":"\n<p>Z okazji Dnia Kundelka uczniowie klasy 2a zorganizowali zbi\u00f3rk\u0119 karmy dla zwierz\u0105t na rzecz TOZ w Szczecinie. Dzieci z du\u017cym zaanga\u017cowaniem przynosi\u0142y karm\u0119 oraz inne potrzebne artyku\u0142y, okazuj\u0105c empati\u0119 i trosk\u0119 o los bezdomnych zwierz\u0105t. Akcja by\u0142a po\u0142\u0105czona z realizacj\u0105 tre\u015bci edukacyjnych. Uczniowie klasy 2a ko\u0144czyli omawianie lektury \u201ePsie troski\u201d, rozmawiaj\u0105c o odpowiedzialno\u015bci za zwierz\u0119ta oraz potrzebie niesienia im pomocy. Podczas zaj\u0119\u0107 j\u0119zyka polskiego poznali r\u00f3wnie\u017c now\u0105 form\u0119 wypowiedzi pisemnej \u2013 og\u0142oszenie, kt\u00f3re \u0107wiczyli, nawi\u0105zuj\u0105c do tematyki zbi\u00f3rki. Dzia\u0142anie to spotka\u0142o si\u0119 z du\u017cym odzewem i by\u0142o doskona\u0142ym przyk\u0142adem \u0142\u0105czenia nauki z wra\u017cliwo\u015bci\u0105 spo\u0142eczn\u0105. Uczniom oraz rodzicom serdecznie dzi\u0119kujemy za zaanga\u017cowanie i okazane serce.<\/p>\n\n\n\n<figure class=\"wp-block-gallery has-nested-images columns-default is-cropped wp-block-gallery-1 is-layout-flex wp-block-gallery-is-layout-flex\">\n<figure class=\"wp-block-image size-large\"><img loading=\"lazy\" decoding=\"async\" width=\"1024\" height=\"768\" data-id=\"12157\" src=\"https:\/\/przylep.edu.pl\/przedszkole\/wp-content\/uploads\/2026\/02\/1a522887-948f-4411-9d66-c9f8c1cc9dc7-1024x768.jpg\" alt=\"\" class=\"wp-image-12157\" srcset=\"https:\/\/przylep.edu.pl\/przedszkole\/wp-content\/uploads\/2026\/02\/1a522887-948f-4411-9d66-c9f8c1cc9dc7-1024x768.jpg 1024w, https:\/\/przylep.edu.pl\/przedszkole\/wp-content\/uploads\/2026\/02\/1a522887-948f-4411-9d66-c9f8c1cc9dc7-300x225.jpg 300w, https:\/\/przylep.edu.pl\/przedszkole\/wp-content\/uploads\/2026\/02\/1a522887-948f-4411-9d66-c9f8c1cc9dc7-768x576.jpg 768w, https:\/\/przylep.edu.pl\/przedszkole\/wp-content\/uploads\/2026\/02\/1a522887-948f-4411-9d66-c9f8c1cc9dc7-1536x1152.jpg 1536w, https:\/\/przylep.edu.pl\/przedszkole\/wp-content\/uploads\/2026\/02\/1a522887-948f-4411-9d66-c9f8c1cc9dc7-600x450.jpg 600w, https:\/\/przylep.edu.pl\/przedszkole\/wp-content\/uploads\/2026\/02\/1a522887-948f-4411-9d66-c9f8c1cc9dc7.jpg 2048w\" sizes=\"auto, (max-width: 1024px) 100vw, 1024px\" \/><\/figure>\n\n\n\n<figure class=\"wp-block-image size-large\"><img loading=\"lazy\" decoding=\"async\" width=\"1024\" height=\"768\" data-id=\"12158\" src=\"https:\/\/przylep.edu.pl\/przedszkole\/wp-content\/uploads\/2026\/02\/f648961a-4a97-493e-9bb0-92e572b2e071-1024x768.jpg\" alt=\"\" class=\"wp-image-12158\" srcset=\"https:\/\/przylep.edu.pl\/przedszkole\/wp-content\/uploads\/2026\/02\/f648961a-4a97-493e-9bb0-92e572b2e071-1024x768.jpg 1024w, https:\/\/przylep.edu.pl\/przedszkole\/wp-content\/uploads\/2026\/02\/f648961a-4a97-493e-9bb0-92e572b2e071-300x225.jpg 300w, https:\/\/przylep.edu.pl\/przedszkole\/wp-content\/uploads\/2026\/02\/f648961a-4a97-493e-9bb0-92e572b2e071-768x576.jpg 768w, https:\/\/przylep.edu.pl\/przedszkole\/wp-content\/uploads\/2026\/02\/f648961a-4a97-493e-9bb0-92e572b2e071-1536x1152.jpg 1536w, https:\/\/przylep.edu.pl\/przedszkole\/wp-content\/uploads\/2026\/02\/f648961a-4a97-493e-9bb0-92e572b2e071-600x450.jpg 600w, https:\/\/przylep.edu.pl\/przedszkole\/wp-content\/uploads\/2026\/02\/f648961a-4a97-493e-9bb0-92e572b2e071.jpg 2048w\" sizes=\"auto, (max-width: 1024px) 100vw, 1024px\" \/><\/figure>\n<\/figure>\n","protected":false},"excerpt":{"rendered":"<p>Z okazji Dnia Kundelka uczniowie klasy 2a zorganizowali zbi\u00f3rk\u0119 karmy dla zwierz\u0105t na rzecz TOZ w Szczecinie. Dzieci z du\u017cym zaanga\u017cowaniem przynosi\u0142y karm\u0119 oraz inne potrzebne artyku\u0142y, okazuj\u0105c empati\u0119 i trosk\u0119 o los bezdomnych zwierz\u0105t. Akcja by\u0142a po\u0142\u0105czona z realizacj\u0105 tre\u015bci edukacyjnych. Uczniowie klasy 2a ko\u0144czyli omawianie lektury \u201ePsie troski\u201d, rozmawiaj\u0105c o odpowiedzialno\u015bci za zwierz\u0119ta [&hellip;]<\/p>\n","protected":false},"author":2,"featured_media":12159,"comment_status":"closed","ping_status":"open","sticky":false,"template":"","format":"standard","meta":{"footnotes":""},"categories":[45,41,40],"tags":[],"class_list":["post-12156","post","type-post","status-publish","format-standard","has-post-thumbnail","hentry","category-aktualnosci","category-galerie","category-strona-glowna"],"_links":{"self":[{"href":"https:\/\/przylep.edu.pl\/przedszkole\/wp-json\/wp\/v2\/posts\/12156","targetHints":{"allow":["GET"]}}],"collection":[{"href":"https:\/\/przylep.edu.pl\/przedszkole\/wp-json\/wp\/v2\/posts"}],"about":[{"href":"https:\/\/przylep.edu.pl\/przedszkole\/wp-json\/wp\/v2\/types\/post"}],"author":[{"embeddable":true,"href":"https:\/\/przylep.edu.pl\/przedszkole\/wp-json\/wp\/v2\/users\/2"}],"replies":[{"embeddable":true,"href":"https:\/\/przylep.edu.pl\/przedszkole\/wp-json\/wp\/v2\/comments?post=12156"}],"version-history":[{"count":1,"href":"https:\/\/przylep.edu.pl\/przedszkole\/wp-json\/wp\/v2\/posts\/12156\/revisions"}],"predecessor-version":[{"id":12160,"href":"https:\/\/przylep.edu.pl\/przedszkole\/wp-json\/wp\/v2\/posts\/12156\/revisions\/12160"}],"wp:featuredmedia":[{"embeddable":true,"href":"https:\/\/przylep.edu.pl\/przedszkole\/wp-json\/wp\/v2\/media\/12159"}],"wp:attachment":[{"href":"https:\/\/przylep.edu.pl\/przedszkole\/wp-json\/wp\/v2\/media?parent=12156"}],"wp:term":[{"taxonomy":"category","embeddable":true,"href":"https:\/\/przylep.edu.pl\/przedszkole\/wp-json\/wp\/v2\/categories?post=12156"},{"taxonomy":"post_tag","embeddable":true,"href":"https:\/\/przylep.edu.pl\/przedszkole\/wp-json\/wp\/v2\/tags?post=12156"}],"curies":[{"name":"wp","href":"https:\/\/api.w.org\/{rel}","templated":true}]}}