{"id":12136,"date":"2025-10-02T19:34:16","date_gmt":"2025-10-02T17:34:16","guid":{"rendered":"https:\/\/przylep.edu.pl\/przedszkole\/?p=12136"},"modified":"2026-02-09T19:39:30","modified_gmt":"2026-02-09T18:39:30","slug":"warsztaty-z-aromaterapii","status":"publish","type":"post","link":"https:\/\/przylep.edu.pl\/przedszkole\/2025\/10\/02\/warsztaty-z-aromaterapii\/","title":{"rendered":"Warsztaty z aromaterapii"},"content":{"rendered":"\n<p> Z okazji Dnia Ch\u0142opaka w klasie 2a odby\u0142y si\u0119 wyj\u0105tkowe warsztaty z aromaterapii, kt\u00f3re poprowadzi\u0142a mama Tymka \u2013 ekspertka i pasjonatka w tej dziedzinie. Uczniowie poznali \u015bwiat naturalnych zapach\u00f3w oraz dowiedzieli si\u0119, jak olejki eteryczne mog\u0105 wp\u0142ywa\u0107 na samopoczucie, koncentracj\u0119 i nastr\u00f3j. Zaj\u0119cia by\u0142y pe\u0142ne ciekawych informacji i zapachowych do\u015bwiadcze\u0144, a tak\u017ce sta\u0142y si\u0119 mi\u0142ym i nietypowym sposobem na \u015bwi\u0119towanie tego dnia. Warsztaty wzbudzi\u0142y du\u017ce zainteresowanie i rado\u015b\u0107 w\u015br\u00f3d dzieci.<\/p>\n\n\n\n<figure class=\"wp-block-gallery has-nested-images columns-default is-cropped wp-block-gallery-1 is-layout-flex wp-block-gallery-is-layout-flex\">\n<figure class=\"wp-block-image size-large\"><img loading=\"lazy\" decoding=\"async\" width=\"768\" height=\"1024\" data-id=\"12137\" src=\"https:\/\/przylep.edu.pl\/przedszkole\/wp-content\/uploads\/2026\/02\/7470828a-54c2-411b-ac26-c566c247649d-768x1024.jpg\" alt=\"\" class=\"wp-image-12137\" srcset=\"https:\/\/przylep.edu.pl\/przedszkole\/wp-content\/uploads\/2026\/02\/7470828a-54c2-411b-ac26-c566c247649d-768x1024.jpg 768w, https:\/\/przylep.edu.pl\/przedszkole\/wp-content\/uploads\/2026\/02\/7470828a-54c2-411b-ac26-c566c247649d-225x300.jpg 225w, https:\/\/przylep.edu.pl\/przedszkole\/wp-content\/uploads\/2026\/02\/7470828a-54c2-411b-ac26-c566c247649d-1152x1536.jpg 1152w, https:\/\/przylep.edu.pl\/przedszkole\/wp-content\/uploads\/2026\/02\/7470828a-54c2-411b-ac26-c566c247649d.jpg 1536w\" sizes=\"auto, (max-width: 768px) 100vw, 768px\" \/><\/figure>\n\n\n\n<figure class=\"wp-block-image size-large\"><img loading=\"lazy\" decoding=\"async\" width=\"768\" height=\"1024\" data-id=\"12138\" src=\"https:\/\/przylep.edu.pl\/przedszkole\/wp-content\/uploads\/2026\/02\/375ca717-64fc-4af8-9c43-f2529cbf1bcf-768x1024.jpg\" alt=\"\" class=\"wp-image-12138\" srcset=\"https:\/\/przylep.edu.pl\/przedszkole\/wp-content\/uploads\/2026\/02\/375ca717-64fc-4af8-9c43-f2529cbf1bcf-768x1024.jpg 768w, https:\/\/przylep.edu.pl\/przedszkole\/wp-content\/uploads\/2026\/02\/375ca717-64fc-4af8-9c43-f2529cbf1bcf-225x300.jpg 225w, https:\/\/przylep.edu.pl\/przedszkole\/wp-content\/uploads\/2026\/02\/375ca717-64fc-4af8-9c43-f2529cbf1bcf-1152x1536.jpg 1152w, https:\/\/przylep.edu.pl\/przedszkole\/wp-content\/uploads\/2026\/02\/375ca717-64fc-4af8-9c43-f2529cbf1bcf.jpg 1536w\" sizes=\"auto, (max-width: 768px) 100vw, 768px\" \/><\/figure>\n\n\n\n<figure class=\"wp-block-image size-large\"><img loading=\"lazy\" decoding=\"async\" width=\"1024\" height=\"768\" data-id=\"12140\" src=\"https:\/\/przylep.edu.pl\/przedszkole\/wp-content\/uploads\/2026\/02\/3e65c3b0-4ac8-4752-9fb8-3f09fbbf5c86-1024x768.jpg\" alt=\"\" class=\"wp-image-12140\" srcset=\"https:\/\/przylep.edu.pl\/przedszkole\/wp-content\/uploads\/2026\/02\/3e65c3b0-4ac8-4752-9fb8-3f09fbbf5c86-1024x768.jpg 1024w, https:\/\/przylep.edu.pl\/przedszkole\/wp-content\/uploads\/2026\/02\/3e65c3b0-4ac8-4752-9fb8-3f09fbbf5c86-300x225.jpg 300w, https:\/\/przylep.edu.pl\/przedszkole\/wp-content\/uploads\/2026\/02\/3e65c3b0-4ac8-4752-9fb8-3f09fbbf5c86-768x576.jpg 768w, https:\/\/przylep.edu.pl\/przedszkole\/wp-content\/uploads\/2026\/02\/3e65c3b0-4ac8-4752-9fb8-3f09fbbf5c86-1536x1152.jpg 1536w, https:\/\/przylep.edu.pl\/przedszkole\/wp-content\/uploads\/2026\/02\/3e65c3b0-4ac8-4752-9fb8-3f09fbbf5c86-600x450.jpg 600w, https:\/\/przylep.edu.pl\/przedszkole\/wp-content\/uploads\/2026\/02\/3e65c3b0-4ac8-4752-9fb8-3f09fbbf5c86.jpg 2048w\" sizes=\"auto, (max-width: 1024px) 100vw, 1024px\" \/><\/figure>\n\n\n\n<figure class=\"wp-block-image size-large\"><img loading=\"lazy\" decoding=\"async\" width=\"768\" height=\"1024\" data-id=\"12139\" src=\"https:\/\/przylep.edu.pl\/przedszkole\/wp-content\/uploads\/2026\/02\/c96719cc-e552-43c9-a50b-ed3724e788cc-768x1024.jpg\" alt=\"\" class=\"wp-image-12139\" srcset=\"https:\/\/przylep.edu.pl\/przedszkole\/wp-content\/uploads\/2026\/02\/c96719cc-e552-43c9-a50b-ed3724e788cc-768x1024.jpg 768w, https:\/\/przylep.edu.pl\/przedszkole\/wp-content\/uploads\/2026\/02\/c96719cc-e552-43c9-a50b-ed3724e788cc-225x300.jpg 225w, https:\/\/przylep.edu.pl\/przedszkole\/wp-content\/uploads\/2026\/02\/c96719cc-e552-43c9-a50b-ed3724e788cc-1152x1536.jpg 1152w, https:\/\/przylep.edu.pl\/przedszkole\/wp-content\/uploads\/2026\/02\/c96719cc-e552-43c9-a50b-ed3724e788cc.jpg 1536w\" sizes=\"auto, (max-width: 768px) 100vw, 768px\" \/><\/figure>\n\n\n\n<figure class=\"wp-block-image size-large\"><img loading=\"lazy\" decoding=\"async\" width=\"1024\" height=\"768\" data-id=\"12141\" src=\"https:\/\/przylep.edu.pl\/przedszkole\/wp-content\/uploads\/2026\/02\/cd312b9f-f76b-4c1b-8e43-2735f40dbe13-1024x768.jpg\" alt=\"\" class=\"wp-image-12141\" srcset=\"https:\/\/przylep.edu.pl\/przedszkole\/wp-content\/uploads\/2026\/02\/cd312b9f-f76b-4c1b-8e43-2735f40dbe13-1024x768.jpg 1024w, https:\/\/przylep.edu.pl\/przedszkole\/wp-content\/uploads\/2026\/02\/cd312b9f-f76b-4c1b-8e43-2735f40dbe13-300x225.jpg 300w, https:\/\/przylep.edu.pl\/przedszkole\/wp-content\/uploads\/2026\/02\/cd312b9f-f76b-4c1b-8e43-2735f40dbe13-768x576.jpg 768w, https:\/\/przylep.edu.pl\/przedszkole\/wp-content\/uploads\/2026\/02\/cd312b9f-f76b-4c1b-8e43-2735f40dbe13-1536x1152.jpg 1536w, https:\/\/przylep.edu.pl\/przedszkole\/wp-content\/uploads\/2026\/02\/cd312b9f-f76b-4c1b-8e43-2735f40dbe13-600x450.jpg 600w, https:\/\/przylep.edu.pl\/przedszkole\/wp-content\/uploads\/2026\/02\/cd312b9f-f76b-4c1b-8e43-2735f40dbe13.jpg 2048w\" sizes=\"auto, (max-width: 1024px) 100vw, 1024px\" \/><\/figure>\n\n\n\n<figure class=\"wp-block-image size-large\"><img loading=\"lazy\" decoding=\"async\" width=\"1024\" height=\"768\" data-id=\"12143\" src=\"https:\/\/przylep.edu.pl\/przedszkole\/wp-content\/uploads\/2026\/02\/0fb8f645-f68c-4dd9-904d-a460a60f21f0-1024x768.jpg\" alt=\"\" class=\"wp-image-12143\" srcset=\"https:\/\/przylep.edu.pl\/przedszkole\/wp-content\/uploads\/2026\/02\/0fb8f645-f68c-4dd9-904d-a460a60f21f0-1024x768.jpg 1024w, https:\/\/przylep.edu.pl\/przedszkole\/wp-content\/uploads\/2026\/02\/0fb8f645-f68c-4dd9-904d-a460a60f21f0-300x225.jpg 300w, https:\/\/przylep.edu.pl\/przedszkole\/wp-content\/uploads\/2026\/02\/0fb8f645-f68c-4dd9-904d-a460a60f21f0-768x576.jpg 768w, https:\/\/przylep.edu.pl\/przedszkole\/wp-content\/uploads\/2026\/02\/0fb8f645-f68c-4dd9-904d-a460a60f21f0-1536x1152.jpg 1536w, https:\/\/przylep.edu.pl\/przedszkole\/wp-content\/uploads\/2026\/02\/0fb8f645-f68c-4dd9-904d-a460a60f21f0-600x450.jpg 600w, https:\/\/przylep.edu.pl\/przedszkole\/wp-content\/uploads\/2026\/02\/0fb8f645-f68c-4dd9-904d-a460a60f21f0.jpg 2048w\" sizes=\"auto, (max-width: 1024px) 100vw, 1024px\" \/><\/figure>\n\n\n\n<figure class=\"wp-block-image size-large\"><img loading=\"lazy\" decoding=\"async\" width=\"1024\" height=\"768\" data-id=\"12142\" src=\"https:\/\/przylep.edu.pl\/przedszkole\/wp-content\/uploads\/2026\/02\/bfb427a3-1a37-4b0c-ada2-671fac0ee9f4-1024x768.jpg\" alt=\"\" class=\"wp-image-12142\" srcset=\"https:\/\/przylep.edu.pl\/przedszkole\/wp-content\/uploads\/2026\/02\/bfb427a3-1a37-4b0c-ada2-671fac0ee9f4-1024x768.jpg 1024w, https:\/\/przylep.edu.pl\/przedszkole\/wp-content\/uploads\/2026\/02\/bfb427a3-1a37-4b0c-ada2-671fac0ee9f4-300x225.jpg 300w, https:\/\/przylep.edu.pl\/przedszkole\/wp-content\/uploads\/2026\/02\/bfb427a3-1a37-4b0c-ada2-671fac0ee9f4-768x576.jpg 768w, https:\/\/przylep.edu.pl\/przedszkole\/wp-content\/uploads\/2026\/02\/bfb427a3-1a37-4b0c-ada2-671fac0ee9f4-1536x1152.jpg 1536w, https:\/\/przylep.edu.pl\/przedszkole\/wp-content\/uploads\/2026\/02\/bfb427a3-1a37-4b0c-ada2-671fac0ee9f4-600x450.jpg 600w, https:\/\/przylep.edu.pl\/przedszkole\/wp-content\/uploads\/2026\/02\/bfb427a3-1a37-4b0c-ada2-671fac0ee9f4.jpg 2048w\" sizes=\"auto, (max-width: 1024px) 100vw, 1024px\" \/><\/figure>\n<\/figure>\n","protected":false},"excerpt":{"rendered":"<p>Z okazji Dnia Ch\u0142opaka w klasie 2a odby\u0142y si\u0119 wyj\u0105tkowe warsztaty z aromaterapii, kt\u00f3re poprowadzi\u0142a mama Tymka \u2013 ekspertka i pasjonatka w tej dziedzinie. Uczniowie poznali \u015bwiat naturalnych zapach\u00f3w oraz dowiedzieli si\u0119, jak olejki eteryczne mog\u0105 wp\u0142ywa\u0107 na samopoczucie, koncentracj\u0119 i nastr\u00f3j. Zaj\u0119cia by\u0142y pe\u0142ne ciekawych informacji i zapachowych do\u015bwiadcze\u0144, a tak\u017ce sta\u0142y si\u0119 mi\u0142ym [&hellip;]<\/p>\n","protected":false},"author":2,"featured_media":12144,"comment_status":"closed","ping_status":"open","sticky":false,"template":"","format":"standard","meta":{"footnotes":""},"categories":[45,41,40],"tags":[],"class_list":["post-12136","post","type-post","status-publish","format-standard","has-post-thumbnail","hentry","category-aktualnosci","category-galerie","category-strona-glowna"],"_links":{"self":[{"href":"https:\/\/przylep.edu.pl\/przedszkole\/wp-json\/wp\/v2\/posts\/12136","targetHints":{"allow":["GET"]}}],"collection":[{"href":"https:\/\/przylep.edu.pl\/przedszkole\/wp-json\/wp\/v2\/posts"}],"about":[{"href":"https:\/\/przylep.edu.pl\/przedszkole\/wp-json\/wp\/v2\/types\/post"}],"author":[{"embeddable":true,"href":"https:\/\/przylep.edu.pl\/przedszkole\/wp-json\/wp\/v2\/users\/2"}],"replies":[{"embeddable":true,"href":"https:\/\/przylep.edu.pl\/przedszkole\/wp-json\/wp\/v2\/comments?post=12136"}],"version-history":[{"count":1,"href":"https:\/\/przylep.edu.pl\/przedszkole\/wp-json\/wp\/v2\/posts\/12136\/revisions"}],"predecessor-version":[{"id":12145,"href":"https:\/\/przylep.edu.pl\/przedszkole\/wp-json\/wp\/v2\/posts\/12136\/revisions\/12145"}],"wp:featuredmedia":[{"embeddable":true,"href":"https:\/\/przylep.edu.pl\/przedszkole\/wp-json\/wp\/v2\/media\/12144"}],"wp:attachment":[{"href":"https:\/\/przylep.edu.pl\/przedszkole\/wp-json\/wp\/v2\/media?parent=12136"}],"wp:term":[{"taxonomy":"category","embeddable":true,"href":"https:\/\/przylep.edu.pl\/przedszkole\/wp-json\/wp\/v2\/categories?post=12136"},{"taxonomy":"post_tag","embeddable":true,"href":"https:\/\/przylep.edu.pl\/przedszkole\/wp-json\/wp\/v2\/tags?post=12136"}],"curies":[{"name":"wp","href":"https:\/\/api.w.org\/{rel}","templated":true}]}}