{"id":12123,"date":"2025-10-04T19:28:22","date_gmt":"2025-10-04T17:28:22","guid":{"rendered":"https:\/\/przylep.edu.pl\/przedszkole\/?p=12123"},"modified":"2026-02-09T19:33:44","modified_gmt":"2026-02-09T18:33:44","slug":"jesienne-warsztaty-florystyczne","status":"publish","type":"post","link":"https:\/\/przylep.edu.pl\/przedszkole\/2025\/10\/04\/jesienne-warsztaty-florystyczne\/","title":{"rendered":"Jesienne warsztaty florystyczne"},"content":{"rendered":"\n<p>W naszej szkole odby\u0142y si\u0119 jesienne warsztaty florystyczne, podczas kt\u00f3rych dzieci mia\u0142y okazj\u0119 rozwija\u0107 swoj\u0105 kreatywno\u015b\u0107 i zdolno\u015bci manualne. Uczniowie uczyli si\u0119 tworzy\u0107 kompozycje z suszonych kwiat\u00f3w, poznaj\u0105c przy tym podstawy florystyki i pracy z naturalnymi materia\u0142ami. Dodatkow\u0105 atrakcj\u0105 by\u0142o dr\u0105\u017cenie dyni, kt\u00f3re sprawi\u0142o dzieciom wiele rado\u015bci i wprowadzi\u0142o wszystkich w jesienny nastr\u00f3j. Warsztaty by\u0142y nie tylko \u015bwietn\u0105 zabaw\u0105, ale tak\u017ce okazj\u0105 do nauki, wsp\u00f3\u0142pracy i tw\u00f3rczego sp\u0119dzania czasu.<\/p>\n\n\n\n<figure class=\"wp-block-gallery has-nested-images columns-default is-cropped wp-block-gallery-1 is-layout-flex wp-block-gallery-is-layout-flex\">\n<figure class=\"wp-block-image size-large\"><img loading=\"lazy\" decoding=\"async\" width=\"768\" height=\"1024\" data-id=\"12125\" src=\"https:\/\/przylep.edu.pl\/przedszkole\/wp-content\/uploads\/2026\/02\/91f7716f-c83f-4ecc-8547-51790f4aa2ff-768x1024.jpg\" alt=\"\" class=\"wp-image-12125\" srcset=\"https:\/\/przylep.edu.pl\/przedszkole\/wp-content\/uploads\/2026\/02\/91f7716f-c83f-4ecc-8547-51790f4aa2ff-768x1024.jpg 768w, https:\/\/przylep.edu.pl\/przedszkole\/wp-content\/uploads\/2026\/02\/91f7716f-c83f-4ecc-8547-51790f4aa2ff-225x300.jpg 225w, https:\/\/przylep.edu.pl\/przedszkole\/wp-content\/uploads\/2026\/02\/91f7716f-c83f-4ecc-8547-51790f4aa2ff-1152x1536.jpg 1152w, https:\/\/przylep.edu.pl\/przedszkole\/wp-content\/uploads\/2026\/02\/91f7716f-c83f-4ecc-8547-51790f4aa2ff.jpg 1536w\" sizes=\"auto, (max-width: 768px) 100vw, 768px\" \/><\/figure>\n\n\n\n<figure class=\"wp-block-image size-large\"><img loading=\"lazy\" decoding=\"async\" width=\"768\" height=\"1024\" data-id=\"12127\" src=\"https:\/\/przylep.edu.pl\/przedszkole\/wp-content\/uploads\/2026\/02\/66cbaf43-647b-475e-9dc5-347d3e5208bb-768x1024.jpg\" alt=\"\" class=\"wp-image-12127\" srcset=\"https:\/\/przylep.edu.pl\/przedszkole\/wp-content\/uploads\/2026\/02\/66cbaf43-647b-475e-9dc5-347d3e5208bb-768x1024.jpg 768w, https:\/\/przylep.edu.pl\/przedszkole\/wp-content\/uploads\/2026\/02\/66cbaf43-647b-475e-9dc5-347d3e5208bb-225x300.jpg 225w, https:\/\/przylep.edu.pl\/przedszkole\/wp-content\/uploads\/2026\/02\/66cbaf43-647b-475e-9dc5-347d3e5208bb-1152x1536.jpg 1152w, https:\/\/przylep.edu.pl\/przedszkole\/wp-content\/uploads\/2026\/02\/66cbaf43-647b-475e-9dc5-347d3e5208bb.jpg 1536w\" sizes=\"auto, (max-width: 768px) 100vw, 768px\" \/><\/figure>\n\n\n\n<figure class=\"wp-block-image size-large\"><img loading=\"lazy\" decoding=\"async\" width=\"768\" height=\"1024\" data-id=\"12129\" src=\"https:\/\/przylep.edu.pl\/przedszkole\/wp-content\/uploads\/2026\/02\/a72c6d4f-fa33-4ed0-88bb-5a6d968f3d61-768x1024.jpg\" alt=\"\" class=\"wp-image-12129\" srcset=\"https:\/\/przylep.edu.pl\/przedszkole\/wp-content\/uploads\/2026\/02\/a72c6d4f-fa33-4ed0-88bb-5a6d968f3d61-768x1024.jpg 768w, https:\/\/przylep.edu.pl\/przedszkole\/wp-content\/uploads\/2026\/02\/a72c6d4f-fa33-4ed0-88bb-5a6d968f3d61-225x300.jpg 225w, https:\/\/przylep.edu.pl\/przedszkole\/wp-content\/uploads\/2026\/02\/a72c6d4f-fa33-4ed0-88bb-5a6d968f3d61-1152x1536.jpg 1152w, https:\/\/przylep.edu.pl\/przedszkole\/wp-content\/uploads\/2026\/02\/a72c6d4f-fa33-4ed0-88bb-5a6d968f3d61.jpg 1536w\" sizes=\"auto, (max-width: 768px) 100vw, 768px\" \/><\/figure>\n\n\n\n<figure class=\"wp-block-image size-large\"><img loading=\"lazy\" decoding=\"async\" width=\"1024\" height=\"768\" data-id=\"12128\" src=\"https:\/\/przylep.edu.pl\/przedszkole\/wp-content\/uploads\/2026\/02\/52a5721f-1f7c-4d00-80b7-5b51b6b5c027-1024x768.jpg\" alt=\"\" class=\"wp-image-12128\" srcset=\"https:\/\/przylep.edu.pl\/przedszkole\/wp-content\/uploads\/2026\/02\/52a5721f-1f7c-4d00-80b7-5b51b6b5c027-1024x768.jpg 1024w, https:\/\/przylep.edu.pl\/przedszkole\/wp-content\/uploads\/2026\/02\/52a5721f-1f7c-4d00-80b7-5b51b6b5c027-300x225.jpg 300w, https:\/\/przylep.edu.pl\/przedszkole\/wp-content\/uploads\/2026\/02\/52a5721f-1f7c-4d00-80b7-5b51b6b5c027-768x576.jpg 768w, https:\/\/przylep.edu.pl\/przedszkole\/wp-content\/uploads\/2026\/02\/52a5721f-1f7c-4d00-80b7-5b51b6b5c027-1536x1152.jpg 1536w, https:\/\/przylep.edu.pl\/przedszkole\/wp-content\/uploads\/2026\/02\/52a5721f-1f7c-4d00-80b7-5b51b6b5c027-600x450.jpg 600w, https:\/\/przylep.edu.pl\/przedszkole\/wp-content\/uploads\/2026\/02\/52a5721f-1f7c-4d00-80b7-5b51b6b5c027.jpg 2048w\" sizes=\"auto, (max-width: 1024px) 100vw, 1024px\" \/><\/figure>\n\n\n\n<figure class=\"wp-block-image size-large\"><img loading=\"lazy\" decoding=\"async\" width=\"1024\" height=\"768\" data-id=\"12130\" src=\"https:\/\/przylep.edu.pl\/przedszkole\/wp-content\/uploads\/2026\/02\/ab45fea8-86e1-45d3-be6b-7f89a80bcf03-1024x768.jpg\" alt=\"\" class=\"wp-image-12130\" srcset=\"https:\/\/przylep.edu.pl\/przedszkole\/wp-content\/uploads\/2026\/02\/ab45fea8-86e1-45d3-be6b-7f89a80bcf03-1024x768.jpg 1024w, https:\/\/przylep.edu.pl\/przedszkole\/wp-content\/uploads\/2026\/02\/ab45fea8-86e1-45d3-be6b-7f89a80bcf03-300x225.jpg 300w, https:\/\/przylep.edu.pl\/przedszkole\/wp-content\/uploads\/2026\/02\/ab45fea8-86e1-45d3-be6b-7f89a80bcf03-768x576.jpg 768w, https:\/\/przylep.edu.pl\/przedszkole\/wp-content\/uploads\/2026\/02\/ab45fea8-86e1-45d3-be6b-7f89a80bcf03-1536x1152.jpg 1536w, https:\/\/przylep.edu.pl\/przedszkole\/wp-content\/uploads\/2026\/02\/ab45fea8-86e1-45d3-be6b-7f89a80bcf03-600x450.jpg 600w, https:\/\/przylep.edu.pl\/przedszkole\/wp-content\/uploads\/2026\/02\/ab45fea8-86e1-45d3-be6b-7f89a80bcf03.jpg 2048w\" sizes=\"auto, (max-width: 1024px) 100vw, 1024px\" \/><\/figure>\n\n\n\n<figure class=\"wp-block-image size-large\"><img loading=\"lazy\" decoding=\"async\" width=\"1024\" height=\"768\" data-id=\"12133\" src=\"https:\/\/przylep.edu.pl\/przedszkole\/wp-content\/uploads\/2026\/02\/ce708d5c-c74a-4955-b633-ddf68bb6bf2a-1024x768.jpg\" alt=\"\" class=\"wp-image-12133\" srcset=\"https:\/\/przylep.edu.pl\/przedszkole\/wp-content\/uploads\/2026\/02\/ce708d5c-c74a-4955-b633-ddf68bb6bf2a-1024x768.jpg 1024w, https:\/\/przylep.edu.pl\/przedszkole\/wp-content\/uploads\/2026\/02\/ce708d5c-c74a-4955-b633-ddf68bb6bf2a-300x225.jpg 300w, https:\/\/przylep.edu.pl\/przedszkole\/wp-content\/uploads\/2026\/02\/ce708d5c-c74a-4955-b633-ddf68bb6bf2a-768x576.jpg 768w, https:\/\/przylep.edu.pl\/przedszkole\/wp-content\/uploads\/2026\/02\/ce708d5c-c74a-4955-b633-ddf68bb6bf2a-1536x1152.jpg 1536w, https:\/\/przylep.edu.pl\/przedszkole\/wp-content\/uploads\/2026\/02\/ce708d5c-c74a-4955-b633-ddf68bb6bf2a-600x450.jpg 600w, https:\/\/przylep.edu.pl\/przedszkole\/wp-content\/uploads\/2026\/02\/ce708d5c-c74a-4955-b633-ddf68bb6bf2a.jpg 2048w\" sizes=\"auto, (max-width: 1024px) 100vw, 1024px\" \/><\/figure>\n\n\n\n<figure class=\"wp-block-image size-large\"><img loading=\"lazy\" decoding=\"async\" width=\"768\" height=\"1024\" data-id=\"12132\" src=\"https:\/\/przylep.edu.pl\/przedszkole\/wp-content\/uploads\/2026\/02\/edfb2526-61e2-4e36-8b8d-3f299062bfb5-768x1024.jpg\" alt=\"\" class=\"wp-image-12132\" srcset=\"https:\/\/przylep.edu.pl\/przedszkole\/wp-content\/uploads\/2026\/02\/edfb2526-61e2-4e36-8b8d-3f299062bfb5-768x1024.jpg 768w, https:\/\/przylep.edu.pl\/przedszkole\/wp-content\/uploads\/2026\/02\/edfb2526-61e2-4e36-8b8d-3f299062bfb5-225x300.jpg 225w, https:\/\/przylep.edu.pl\/przedszkole\/wp-content\/uploads\/2026\/02\/edfb2526-61e2-4e36-8b8d-3f299062bfb5-1152x1536.jpg 1152w, https:\/\/przylep.edu.pl\/przedszkole\/wp-content\/uploads\/2026\/02\/edfb2526-61e2-4e36-8b8d-3f299062bfb5.jpg 1536w\" sizes=\"auto, (max-width: 768px) 100vw, 768px\" \/><\/figure>\n\n\n\n<figure class=\"wp-block-image size-large\"><img loading=\"lazy\" decoding=\"async\" width=\"768\" height=\"1024\" data-id=\"12131\" src=\"https:\/\/przylep.edu.pl\/przedszkole\/wp-content\/uploads\/2026\/02\/47d2ec2a-330e-4e20-8f94-6dbaefd02314-768x1024.jpg\" alt=\"\" class=\"wp-image-12131\" srcset=\"https:\/\/przylep.edu.pl\/przedszkole\/wp-content\/uploads\/2026\/02\/47d2ec2a-330e-4e20-8f94-6dbaefd02314-768x1024.jpg 768w, https:\/\/przylep.edu.pl\/przedszkole\/wp-content\/uploads\/2026\/02\/47d2ec2a-330e-4e20-8f94-6dbaefd02314-225x300.jpg 225w, https:\/\/przylep.edu.pl\/przedszkole\/wp-content\/uploads\/2026\/02\/47d2ec2a-330e-4e20-8f94-6dbaefd02314-1152x1536.jpg 1152w, https:\/\/przylep.edu.pl\/przedszkole\/wp-content\/uploads\/2026\/02\/47d2ec2a-330e-4e20-8f94-6dbaefd02314.jpg 1536w\" sizes=\"auto, (max-width: 768px) 100vw, 768px\" \/><\/figure>\n<\/figure>\n","protected":false},"excerpt":{"rendered":"<p>W naszej szkole odby\u0142y si\u0119 jesienne warsztaty florystyczne, podczas kt\u00f3rych dzieci mia\u0142y okazj\u0119 rozwija\u0107 swoj\u0105 kreatywno\u015b\u0107 i zdolno\u015bci manualne. Uczniowie uczyli si\u0119 tworzy\u0107 kompozycje z suszonych kwiat\u00f3w, poznaj\u0105c przy tym podstawy florystyki i pracy z naturalnymi materia\u0142ami. Dodatkow\u0105 atrakcj\u0105 by\u0142o dr\u0105\u017cenie dyni, kt\u00f3re sprawi\u0142o dzieciom wiele rado\u015bci i wprowadzi\u0142o wszystkich w jesienny nastr\u00f3j. Warsztaty by\u0142y [&hellip;]<\/p>\n","protected":false},"author":2,"featured_media":12134,"comment_status":"closed","ping_status":"open","sticky":false,"template":"","format":"standard","meta":{"footnotes":""},"categories":[45,41,40],"tags":[],"class_list":["post-12123","post","type-post","status-publish","format-standard","has-post-thumbnail","hentry","category-aktualnosci","category-galerie","category-strona-glowna"],"_links":{"self":[{"href":"https:\/\/przylep.edu.pl\/przedszkole\/wp-json\/wp\/v2\/posts\/12123","targetHints":{"allow":["GET"]}}],"collection":[{"href":"https:\/\/przylep.edu.pl\/przedszkole\/wp-json\/wp\/v2\/posts"}],"about":[{"href":"https:\/\/przylep.edu.pl\/przedszkole\/wp-json\/wp\/v2\/types\/post"}],"author":[{"embeddable":true,"href":"https:\/\/przylep.edu.pl\/przedszkole\/wp-json\/wp\/v2\/users\/2"}],"replies":[{"embeddable":true,"href":"https:\/\/przylep.edu.pl\/przedszkole\/wp-json\/wp\/v2\/comments?post=12123"}],"version-history":[{"count":1,"href":"https:\/\/przylep.edu.pl\/przedszkole\/wp-json\/wp\/v2\/posts\/12123\/revisions"}],"predecessor-version":[{"id":12135,"href":"https:\/\/przylep.edu.pl\/przedszkole\/wp-json\/wp\/v2\/posts\/12123\/revisions\/12135"}],"wp:featuredmedia":[{"embeddable":true,"href":"https:\/\/przylep.edu.pl\/przedszkole\/wp-json\/wp\/v2\/media\/12134"}],"wp:attachment":[{"href":"https:\/\/przylep.edu.pl\/przedszkole\/wp-json\/wp\/v2\/media?parent=12123"}],"wp:term":[{"taxonomy":"category","embeddable":true,"href":"https:\/\/przylep.edu.pl\/przedszkole\/wp-json\/wp\/v2\/categories?post=12123"},{"taxonomy":"post_tag","embeddable":true,"href":"https:\/\/przylep.edu.pl\/przedszkole\/wp-json\/wp\/v2\/tags?post=12123"}],"curies":[{"name":"wp","href":"https:\/\/api.w.org\/{rel}","templated":true}]}}