{"id":12115,"date":"2025-09-22T19:22:42","date_gmt":"2025-09-22T17:22:42","guid":{"rendered":"https:\/\/przylep.edu.pl\/przedszkole\/?p=12115"},"modified":"2026-02-09T19:26:37","modified_gmt":"2026-02-09T18:26:37","slug":"wybory-do-samorzadu-klasowego-w-kl-2a","status":"publish","type":"post","link":"https:\/\/przylep.edu.pl\/przedszkole\/2025\/09\/22\/wybory-do-samorzadu-klasowego-w-kl-2a\/","title":{"rendered":"Wybory do samorz\u0105du klasowego w kl 2a"},"content":{"rendered":"\n<p>W klasie 2a odby\u0142y si\u0119 pierwsze wybory do samorz\u0105du klasowego. Kandydaci z du\u017cym zaanga\u017cowaniem przygotowali plakaty wyborcze oraz zach\u0119cali kole\u017canki i koleg\u00f3w do oddania na nich g\u0142osu. Uczniowie mieli okazj\u0119 zaprezentowa\u0107 swoje pomys\u0142y i przekona\u0107 potencjalnych wyborc\u00f3w. G\u0142osowanie przebieg\u0142o w spos\u00f3b anonimowy, co pozwoli\u0142o dzieciom poczu\u0107, czym s\u0105 prawdziwe, demokratyczne wybory. Wydarzenie by\u0142o cenn\u0105 lekcj\u0105 odpowiedzialno\u015bci, wsp\u00f3\u0142pracy oraz zasad demokracji.<\/p>\n\n\n\n<figure class=\"wp-block-gallery has-nested-images columns-default is-cropped wp-block-gallery-1 is-layout-flex wp-block-gallery-is-layout-flex\">\n<figure class=\"wp-block-image size-large\"><img loading=\"lazy\" decoding=\"async\" width=\"768\" height=\"1024\" data-id=\"12116\" src=\"https:\/\/przylep.edu.pl\/przedszkole\/wp-content\/uploads\/2026\/02\/3b66fdf5-db25-43cd-a802-56393162e322-768x1024.jpg\" alt=\"\" class=\"wp-image-12116\" srcset=\"https:\/\/przylep.edu.pl\/przedszkole\/wp-content\/uploads\/2026\/02\/3b66fdf5-db25-43cd-a802-56393162e322-768x1024.jpg 768w, https:\/\/przylep.edu.pl\/przedszkole\/wp-content\/uploads\/2026\/02\/3b66fdf5-db25-43cd-a802-56393162e322-225x300.jpg 225w, https:\/\/przylep.edu.pl\/przedszkole\/wp-content\/uploads\/2026\/02\/3b66fdf5-db25-43cd-a802-56393162e322-1152x1536.jpg 1152w, https:\/\/przylep.edu.pl\/przedszkole\/wp-content\/uploads\/2026\/02\/3b66fdf5-db25-43cd-a802-56393162e322.jpg 1536w\" sizes=\"auto, (max-width: 768px) 100vw, 768px\" \/><\/figure>\n\n\n\n<figure class=\"wp-block-image size-large\"><img loading=\"lazy\" decoding=\"async\" width=\"768\" height=\"1024\" data-id=\"12117\" src=\"https:\/\/przylep.edu.pl\/przedszkole\/wp-content\/uploads\/2026\/02\/5f4ed8f9-b830-42a2-b735-26cade8307eb-768x1024.jpg\" alt=\"\" class=\"wp-image-12117\" srcset=\"https:\/\/przylep.edu.pl\/przedszkole\/wp-content\/uploads\/2026\/02\/5f4ed8f9-b830-42a2-b735-26cade8307eb-768x1024.jpg 768w, https:\/\/przylep.edu.pl\/przedszkole\/wp-content\/uploads\/2026\/02\/5f4ed8f9-b830-42a2-b735-26cade8307eb-225x300.jpg 225w, https:\/\/przylep.edu.pl\/przedszkole\/wp-content\/uploads\/2026\/02\/5f4ed8f9-b830-42a2-b735-26cade8307eb-1152x1536.jpg 1152w, https:\/\/przylep.edu.pl\/przedszkole\/wp-content\/uploads\/2026\/02\/5f4ed8f9-b830-42a2-b735-26cade8307eb.jpg 1536w\" sizes=\"auto, (max-width: 768px) 100vw, 768px\" \/><\/figure>\n\n\n\n<figure class=\"wp-block-image size-large\"><img loading=\"lazy\" decoding=\"async\" width=\"768\" height=\"1024\" data-id=\"12119\" src=\"https:\/\/przylep.edu.pl\/przedszkole\/wp-content\/uploads\/2026\/02\/8fc80083-6a00-4979-94a2-53c2bd301352-768x1024.jpg\" alt=\"\" class=\"wp-image-12119\" srcset=\"https:\/\/przylep.edu.pl\/przedszkole\/wp-content\/uploads\/2026\/02\/8fc80083-6a00-4979-94a2-53c2bd301352-768x1024.jpg 768w, https:\/\/przylep.edu.pl\/przedszkole\/wp-content\/uploads\/2026\/02\/8fc80083-6a00-4979-94a2-53c2bd301352-225x300.jpg 225w, https:\/\/przylep.edu.pl\/przedszkole\/wp-content\/uploads\/2026\/02\/8fc80083-6a00-4979-94a2-53c2bd301352-1152x1536.jpg 1152w, https:\/\/przylep.edu.pl\/przedszkole\/wp-content\/uploads\/2026\/02\/8fc80083-6a00-4979-94a2-53c2bd301352.jpg 1536w\" sizes=\"auto, (max-width: 768px) 100vw, 768px\" \/><\/figure>\n\n\n\n<figure class=\"wp-block-image size-large\"><img loading=\"lazy\" decoding=\"async\" width=\"768\" height=\"1024\" data-id=\"12118\" src=\"https:\/\/przylep.edu.pl\/przedszkole\/wp-content\/uploads\/2026\/02\/1969890d-a428-4db1-a558-fccf0bd808d9-768x1024.jpg\" alt=\"\" class=\"wp-image-12118\" srcset=\"https:\/\/przylep.edu.pl\/przedszkole\/wp-content\/uploads\/2026\/02\/1969890d-a428-4db1-a558-fccf0bd808d9-768x1024.jpg 768w, https:\/\/przylep.edu.pl\/przedszkole\/wp-content\/uploads\/2026\/02\/1969890d-a428-4db1-a558-fccf0bd808d9-225x300.jpg 225w, https:\/\/przylep.edu.pl\/przedszkole\/wp-content\/uploads\/2026\/02\/1969890d-a428-4db1-a558-fccf0bd808d9-1152x1536.jpg 1152w, https:\/\/przylep.edu.pl\/przedszkole\/wp-content\/uploads\/2026\/02\/1969890d-a428-4db1-a558-fccf0bd808d9.jpg 1536w\" sizes=\"auto, (max-width: 768px) 100vw, 768px\" \/><\/figure>\n\n\n\n<figure class=\"wp-block-image size-large\"><img loading=\"lazy\" decoding=\"async\" width=\"768\" height=\"1024\" data-id=\"12120\" src=\"https:\/\/przylep.edu.pl\/przedszkole\/wp-content\/uploads\/2026\/02\/60410306-8e8f-4ae5-b18a-3926f422f47c-768x1024.jpg\" alt=\"\" class=\"wp-image-12120\" srcset=\"https:\/\/przylep.edu.pl\/przedszkole\/wp-content\/uploads\/2026\/02\/60410306-8e8f-4ae5-b18a-3926f422f47c-768x1024.jpg 768w, https:\/\/przylep.edu.pl\/przedszkole\/wp-content\/uploads\/2026\/02\/60410306-8e8f-4ae5-b18a-3926f422f47c-225x300.jpg 225w, https:\/\/przylep.edu.pl\/przedszkole\/wp-content\/uploads\/2026\/02\/60410306-8e8f-4ae5-b18a-3926f422f47c-1152x1536.jpg 1152w, https:\/\/przylep.edu.pl\/przedszkole\/wp-content\/uploads\/2026\/02\/60410306-8e8f-4ae5-b18a-3926f422f47c.jpg 1536w\" sizes=\"auto, (max-width: 768px) 100vw, 768px\" \/><\/figure>\n<\/figure>\n","protected":false},"excerpt":{"rendered":"<p>W klasie 2a odby\u0142y si\u0119 pierwsze wybory do samorz\u0105du klasowego. Kandydaci z du\u017cym zaanga\u017cowaniem przygotowali plakaty wyborcze oraz zach\u0119cali kole\u017canki i koleg\u00f3w do oddania na nich g\u0142osu. Uczniowie mieli okazj\u0119 zaprezentowa\u0107 swoje pomys\u0142y i przekona\u0107 potencjalnych wyborc\u00f3w. G\u0142osowanie przebieg\u0142o w spos\u00f3b anonimowy, co pozwoli\u0142o dzieciom poczu\u0107, czym s\u0105 prawdziwe, demokratyczne wybory. Wydarzenie by\u0142o cenn\u0105 lekcj\u0105 [&hellip;]<\/p>\n","protected":false},"author":2,"featured_media":12121,"comment_status":"closed","ping_status":"open","sticky":false,"template":"","format":"standard","meta":{"footnotes":""},"categories":[45,41,40],"tags":[],"class_list":["post-12115","post","type-post","status-publish","format-standard","has-post-thumbnail","hentry","category-aktualnosci","category-galerie","category-strona-glowna"],"_links":{"self":[{"href":"https:\/\/przylep.edu.pl\/przedszkole\/wp-json\/wp\/v2\/posts\/12115","targetHints":{"allow":["GET"]}}],"collection":[{"href":"https:\/\/przylep.edu.pl\/przedszkole\/wp-json\/wp\/v2\/posts"}],"about":[{"href":"https:\/\/przylep.edu.pl\/przedszkole\/wp-json\/wp\/v2\/types\/post"}],"author":[{"embeddable":true,"href":"https:\/\/przylep.edu.pl\/przedszkole\/wp-json\/wp\/v2\/users\/2"}],"replies":[{"embeddable":true,"href":"https:\/\/przylep.edu.pl\/przedszkole\/wp-json\/wp\/v2\/comments?post=12115"}],"version-history":[{"count":1,"href":"https:\/\/przylep.edu.pl\/przedszkole\/wp-json\/wp\/v2\/posts\/12115\/revisions"}],"predecessor-version":[{"id":12122,"href":"https:\/\/przylep.edu.pl\/przedszkole\/wp-json\/wp\/v2\/posts\/12115\/revisions\/12122"}],"wp:featuredmedia":[{"embeddable":true,"href":"https:\/\/przylep.edu.pl\/przedszkole\/wp-json\/wp\/v2\/media\/12121"}],"wp:attachment":[{"href":"https:\/\/przylep.edu.pl\/przedszkole\/wp-json\/wp\/v2\/media?parent=12115"}],"wp:term":[{"taxonomy":"category","embeddable":true,"href":"https:\/\/przylep.edu.pl\/przedszkole\/wp-json\/wp\/v2\/categories?post=12115"},{"taxonomy":"post_tag","embeddable":true,"href":"https:\/\/przylep.edu.pl\/przedszkole\/wp-json\/wp\/v2\/tags?post=12115"}],"curies":[{"name":"wp","href":"https:\/\/api.w.org\/{rel}","templated":true}]}}